{"id":398,"date":"2025-08-18T14:29:04","date_gmt":"2025-08-18T17:29:04","guid":{"rendered":"https:\/\/www.westcorteedobra.com.br\/blog\/?p=398"},"modified":"2025-08-18T14:29:25","modified_gmt":"2025-08-18T17:29:25","slug":"servico-de-corte-a-plasma-em-sao-paulo-conheca-a-west","status":"publish","type":"post","link":"https:\/\/www.westcorteedobra.com.br\/blog\/2025\/08\/18\/servico-de-corte-a-plasma-em-sao-paulo-conheca-a-west\/","title":{"rendered":"Servi\u00e7o de corte a plasma em S\u00e3o Paulo: conhe\u00e7a a West"},"content":{"rendered":"\n<p class=\"has-medium-font-size\"><strong><em>Servi\u00e7o de corte a plasma com agilidade e tecnologia em S\u00e3o Paulo, ideal para profissionais que buscam otimiza\u00e7\u00e3o e confian\u00e7a em resultados.<\/em><\/strong><\/p>\n\n\n\n<p>O servi\u00e7o de corte a plasma vem se tornando cada vez mais essencial para profissionais que trabalham com chapas met\u00e1licas. Em S\u00e3o Paulo, a <em>West<\/em> se destaca por oferecer solu\u00e7\u00f5es com tecnologia moderna, atendendo \u00e0s demandas mais exigentes da ind\u00fastria. A rapidez e a limpeza do corte transformam etapas produtivas, economizando tempo e reduzindo retrabalhos.<\/p>\n\n\n\n<p>Ao optar por esse tipo de servi\u00e7o, o profissional ganha n\u00e3o apenas em velocidade, mas tamb\u00e9m na qualidade final do material. A <em>West<\/em> une conhecimento t\u00e9cnico e estrutura eficiente para entregar exatamente o que seu projeto precisa.<\/p>\n\n\n\n<p>Neste artigo, voc\u00ea entender\u00e1 como a <em>West<\/em> se diferencia nos pilares da qualidade, inova\u00e7\u00e3o e confian\u00e7a, al\u00e9m de conhecer mais sobre sua atua\u00e7\u00e3o em S\u00e3o Paulo.<\/p>\n\n\n\n<ul class=\"wp-block-list\">\n<li><a href=\"https:\/\/www.westcorteedobra.com.br\/blog\/2025\/08\/12\/servico-de-dobra-de-aco-carbono-garanta-precisao-agora\/\" target=\"_blank\" rel=\"noreferrer noopener\">Servi\u00e7o de dobra de a\u00e7o carbono: garanta precis\u00e3o agora<\/a><\/li>\n<\/ul>\n\n\n\n<h2 class=\"wp-block-heading\">Compromisso com a qualidade e efici\u00eancia<\/h2>\n\n\n\n<p>A <em>West<\/em> atua com foco claro na entrega de solu\u00e7\u00f5es eficazes e adaptadas ao cliente. Mesmo sem prometer 100% de precis\u00e3o absoluta, sua expertise garante cortes limpos e funcionais em diferentes materiais, reduzindo desperd\u00edcios e otimizando o uso de chapas. Essa efici\u00eancia traz benef\u00edcios reais ao seu fluxo de trabalho, resultando em economia de tempo e de recursos.<\/p>\n\n\n\n<p>Sua infraestrutura bem montada, baseada em equipamentos modernos e t\u00e9cnicos experientes, amplia a capacidade de atender distintos setores. O corte a plasma em a\u00e7o carbono, inox ou alum\u00ednio alcan\u00e7a n\u00edveis elevados de acabamento, atendendo projetos industriais ou arquitet\u00f4nicos. Esse equil\u00edbrio entre qualidade e agilidade coloca a <em>West<\/em> como escolha confi\u00e1vel no mercado.<\/p>\n\n\n\n<p>Os resultados falam por si: profissionais que precisam de solu\u00e7\u00f5es \u00e1geis para chapas met\u00e1licas encontraram na <em>West<\/em> um parceiro coerente. A efici\u00eancia operacional se reflete n\u00e3o s\u00f3 no produto final, mas no relacionamento constru\u00eddo com cada cliente. O foco na entrega r\u00e1pida e funcional transforma o servi\u00e7o em uma vantagem competitiva.<\/p>\n\n\n\n<ul class=\"wp-block-list\">\n<li><a href=\"https:\/\/www.westcorteedobra.com.br\/blog\/2025\/08\/08\/quando-usar-corte-em-guilhotina-na-industria-metalurgica\/\" target=\"_blank\" rel=\"noreferrer noopener\">Quando usar corte em guilhotina na ind\u00fastria metal\u00fargica?<\/a><\/li>\n<\/ul>\n\n\n\n<h2 class=\"wp-block-heading\">Inova\u00e7\u00e3o como parte da rotina<\/h2>\n\n\n\n<p>A inova\u00e7\u00e3o est\u00e1 presente no dia a dia da <em>West<\/em>, que investe constantemente em tecnologias de corte a plasma de alta defini\u00e7\u00e3o CNC. Esse padr\u00e3o permite cortes mais limpos, com bordas praticamente prontas para uso e exigindo menos acabamento. O resultado \u00e9 uma produ\u00e7\u00e3o mais eficiente, com menos retrabalho e maior produtividade geral.<\/p>\n\n\n\n<p>N\u00e3o basta ter bons equipamentos: a equipe se capacita para operar e manter as m\u00e1quinas em alto desempenho. Esse investimento internafo garante que as solu\u00e7\u00f5es sejam aplicadas de forma inteligente, personalizada conforme a necessidade de cada projeto. O corte a plasma se traduz em agilidade e adapta\u00e7\u00e3o \u00e0 complexidade de cada demanda.<\/p>\n\n\n\n<p>A inova\u00e7\u00e3o tamb\u00e9m aparece na forma como os processos s\u00e3o pensados e estruturados, priorizando solu\u00e7\u00f5es que transcendam expectativas. Essa postura torna a <em>West<\/em> mais do que uma prestadora de servi\u00e7os: uma refer\u00eancia em como unir tecnologia e planejamento para gerar valor ao cliente.<\/p>\n\n\n\n<h2 class=\"wp-block-heading\">Relacionamento e confian\u00e7a como pilares<\/h2>\n\n\n\n<p>A transpar\u00eancia no atendimento \u00e9 ponto forte da West: clientes observam n\u00e3o apenas a entrega t\u00e9cnica, mas o cuidado com os prazos e a clareza desde o primeiro contato. Essa postura humana constr\u00f3i uma base s\u00f3lida, onde confian\u00e7a e parceria caminham lado a lado com cada projeto.<\/p>\n\n\n\n<p>A empresa entende que cada cliente tem necessidades \u00fanicas e busca adaptar seus processos para entregar o que realmente importa: qualidade, prazo e respeito \u00e0s especifica\u00e7\u00f5es. Essa versatilidade fortalece v\u00ednculos, transformando demandas pontuais em parcerias duradouras no setor metal\u00fargico.<\/p>\n\n\n\n<p>E n\u00e3o se trata apenas de atender bem: \u00e9 sobre criar uma experi\u00eancia segura e previs\u00edvel para quem j\u00e1 conhece as urg\u00eancias do mercado. O relacionamento do dia a dia com profissionais refor\u00e7a o valor da confian\u00e7a e da consist\u00eancia, pilares que fazem a West ser mais que uma fornecedora \u2014 uma aliada estrat\u00e9gica.<\/p>\n\n\n\n<h1 class=\"wp-block-heading\">Tecnologia e efici\u00eancia para demandas de corte met\u00e1lico<\/h1>\n\n\n\n<p>A <strong><em><a href=\"https:\/\/www.westcorteedobra.com.br\/\" target=\"_blank\" rel=\"noreferrer noopener\">West Corte e Dobra<\/a><\/em><\/strong> oferece solu\u00e7\u00f5es robustas em corte e dobra de chapas met\u00e1licas, com servi\u00e7os pensados para otimizar processos, reduzir custos e garantir agilidade. Como explicita seu posicionamento institucional, a miss\u00e3o \u00e9 clara: entregar excel\u00eancia aliada \u00e0 efici\u00eancia operacional.<\/p>\n\n\n\n<p>Inova\u00e7\u00e3o e excel\u00eancia acompanham cada etapa: da escolha do material \u2014 a\u00e7o carbono, inox ou alum\u00ednio \u2014 at\u00e9 a entrega final, com foco em superar expectativas e construir confian\u00e7a duradoura. Essa combina\u00e7\u00e3o refor\u00e7a sua reputa\u00e7\u00e3o como alternativa s\u00f3lida para quem busca efici\u00eancia e resultados comprovados.<\/p>\n\n\n\n<p>Em um cen\u00e1rio competitivo como o de servi\u00e7o de corte a plasma em S\u00e3o Paulo, a <em>West<\/em> se destaca por equilibrar tecnologia, experi\u00eancia e atendimento humano \u2014 entregando valor real para profissionais que exigem desempenho e responsabilidade t\u00e9cnica em seus projetos.<\/p>\n\n\n\n<h2 class=\"wp-block-heading\">Crie impacto com precis\u00e3o e proximidade \u2013 seu corte com a West<\/h2>\n\n\n\n<p>Em s\u00edntese, o servi\u00e7o de corte a plasma oferecido pela <em>West<\/em> entrega qualidade consistente, inova\u00e7\u00e3o aplicada e relacionamento humano valorizado. A estrutura especializada e o compromisso com seus parceiros fazem dela uma refer\u00eancia para profissionais que buscam solu\u00e7\u00f5es t\u00e9cnicas e pr\u00e1ticas.<\/p>\n\n\n\n<p>Se seu projeto exige agilidade, efici\u00eancia e confian\u00e7a em cada corte, \u00e9 hora de conhecer o servi\u00e7o de corte a plasma em S\u00e3o Paulo da <em>West<\/em>. <strong><a href=\"https:\/\/www.westcorteedobra.com.br\/fale-conosco\" target=\"_blank\" rel=\"noreferrer noopener\">Solicite um or\u00e7amento<\/a> e descubra como a empresa pode ser sua aliada na entrega de resultados realmente superiores.<\/strong><\/p>\n","protected":false},"excerpt":{"rendered":"<p>Servi\u00e7o de corte a plasma com agilidade e tecnologia em S\u00e3o Paulo, ideal para profissionais que buscam otimiza\u00e7\u00e3o e confian\u00e7a em resultados. O servi\u00e7o de corte a plasma vem se tornando cada vez mais essencial para profissionais que trabalham com chapas met\u00e1licas. Em S\u00e3o Paulo, a West se destaca por oferecer solu\u00e7\u00f5es com tecnologia moderna, &hellip; <\/p>\n","protected":false},"author":1,"featured_media":164,"comment_status":"open","ping_status":"open","sticky":false,"template":"","format":"standard","meta":{"footnotes":""},"categories":[62,1204],"tags":[3070,3074,3079,3071,67,1963,3068,7,3067,3062,3080,3075,3063,3064,3069,3072,3077,3065,3076,3078,315,1955,3066,725,3073,110],"class_list":["post-398","post","type-post","status-publish","format-standard","has-post-thumbnail","hentry","category-corte-a-plasma","category-servico-de-corte-plasma","tag-agilidade-no-corte-metalico","tag-atendimento-especializado-sp","tag-atendimento-industrial-sao-paulo","tag-confianca-no-servico-metalico","tag-corte-a-plasma","tag-corte-a-plasma-aco-carbono","tag-corte-a-plasma-aluminio","tag-corte-a-plasma-cnc","tag-corte-a-plasma-inox","tag-corte-a-plasma-sao-paulo","tag-corte-a-plasma-terpercaya","tag-corte-metalico-osasco","tag-eficiencia-em-corte-a-plasma","tag-inovacao-no-corte-de-metais","tag-otimizacao-de-processos-metalicos","tag-parceria-profissional-corte-a-plasma","tag-qualidade-comprovada-em-corte","tag-qualidade-em-corte-metalico","tag-reducao-de-custos-corte-a-plasma","tag-resultado-eficiente-corte-metalico","tag-servico-de-corte-a-plasma","tag-servico-de-corte-a-plasma-em-sao-paulo","tag-servico-industrial-corte-a-plasma","tag-solucoes-em-corte-de-chapas","tag-tecnologia-em-corte-metalico","tag-west-corte-e-dobra","latest_post"],"yoast_head":"<!-- This site is optimized with the Yoast SEO plugin v25.2 - https:\/\/yoast.com\/wordpress\/plugins\/seo\/ -->\n<title>Servi\u00e7o de corte a plasma em S\u00e3o Paulo: conhe\u00e7a a West<\/title>\n<meta name=\"description\" content=\"Servi\u00e7o de corte a plasma com agilidade e tecnologia em S\u00e3o Paulo, ideal para profissionais que buscam otimiza\u00e7\u00e3o e confian\u00e7a em resultados.\" \/>\n<meta name=\"robots\" content=\"index, follow, max-snippet:-1, max-image-preview:large, max-video-preview:-1\" \/>\n<link rel=\"canonical\" href=\"https:\/\/www.westcorteedobra.com.br\/blog\/2025\/08\/18\/servico-de-corte-a-plasma-em-sao-paulo-conheca-a-west\/\" \/>\n<meta property=\"og:locale\" content=\"pt_BR\" \/>\n<meta property=\"og:type\" content=\"article\" \/>\n<meta property=\"og:title\" content=\"Servi\u00e7o de corte a plasma em S\u00e3o Paulo: conhe\u00e7a a West\" \/>\n<meta property=\"og:description\" content=\"Servi\u00e7o de corte a plasma com agilidade e tecnologia em S\u00e3o Paulo, ideal para profissionais que buscam otimiza\u00e7\u00e3o e confian\u00e7a em resultados.\" \/>\n<meta property=\"og:url\" content=\"https:\/\/www.westcorteedobra.com.br\/blog\/2025\/08\/18\/servico-de-corte-a-plasma-em-sao-paulo-conheca-a-west\/\" \/>\n<meta property=\"og:site_name\" content=\"Blog West Corte e Dobra\" \/>\n<meta property=\"article:published_time\" content=\"2025-08-18T17:29:04+00:00\" \/>\n<meta property=\"article:modified_time\" content=\"2025-08-18T17:29:25+00:00\" \/>\n<meta property=\"og:image\" content=\"https:\/\/www.westcorteedobra.com.br\/blog\/wp-content\/uploads\/2025\/01\/corte-plasma-1-3.webp\" \/>\n\t<meta property=\"og:image:width\" content=\"500\" \/>\n\t<meta property=\"og:image:height\" content=\"400\" \/>\n\t<meta property=\"og:image:type\" content=\"image\/webp\" \/>\n<meta name=\"author\" content=\"admin\" \/>\n<meta name=\"twitter:card\" content=\"summary_large_image\" \/>\n<meta name=\"twitter:label1\" content=\"Written by\" \/>\n\t<meta name=\"twitter:data1\" content=\"admin\" \/>\n\t<meta name=\"twitter:label2\" content=\"Est. reading time\" \/>\n\t<meta name=\"twitter:data2\" content=\"5 minutos\" \/>\n<script type=\"application\/ld+json\" class=\"yoast-schema-graph\">{\"@context\":\"https:\/\/schema.org\",\"@graph\":[{\"@type\":\"Article\",\"@id\":\"https:\/\/www.westcorteedobra.com.br\/blog\/2025\/08\/18\/servico-de-corte-a-plasma-em-sao-paulo-conheca-a-west\/#article\",\"isPartOf\":{\"@id\":\"https:\/\/www.westcorteedobra.com.br\/blog\/2025\/08\/18\/servico-de-corte-a-plasma-em-sao-paulo-conheca-a-west\/\"},\"author\":{\"name\":\"admin\",\"@id\":\"https:\/\/www.westcorteedobra.com.br\/blog\/#\/schema\/person\/5c41559f9b03b4970e7a15a2bb78ca16\"},\"headline\":\"Servi\u00e7o de corte a plasma em S\u00e3o Paulo: conhe\u00e7a a West\",\"datePublished\":\"2025-08-18T17:29:04+00:00\",\"dateModified\":\"2025-08-18T17:29:25+00:00\",\"mainEntityOfPage\":{\"@id\":\"https:\/\/www.westcorteedobra.com.br\/blog\/2025\/08\/18\/servico-de-corte-a-plasma-em-sao-paulo-conheca-a-west\/\"},\"wordCount\":968,\"commentCount\":0,\"publisher\":{\"@id\":\"https:\/\/www.westcorteedobra.com.br\/blog\/#organization\"},\"image\":{\"@id\":\"https:\/\/www.westcorteedobra.com.br\/blog\/2025\/08\/18\/servico-de-corte-a-plasma-em-sao-paulo-conheca-a-west\/#primaryimage\"},\"thumbnailUrl\":\"https:\/\/www.westcorteedobra.com.br\/blog\/wp-content\/uploads\/2025\/01\/corte-plasma-1-3.webp\",\"keywords\":[\"agilidade no corte met\u00e1lico\",\"atendimento especializado SP\",\"atendimento industrial S\u00e3o Paulo\",\"confian\u00e7a no servi\u00e7o met\u00e1lico\",\"corte a plasma\",\"corte a plasma a\u00e7o carbono\",\"corte a plasma alum\u00ednio\",\"Corte a plasma CNC\",\"corte a plasma inox\",\"corte a plasma S\u00e3o Paulo\",\"corte a plasma terpercaya\",\"corte met\u00e1lico Osasco\",\"efici\u00eancia em corte a plasma\",\"inova\u00e7\u00e3o no corte de metais\",\"otimiza\u00e7\u00e3o de processos met\u00e1licos\",\"parceria profissional corte a plasma\",\"qualidade comprovada em corte\",\"qualidade em corte met\u00e1lico\",\"redu\u00e7\u00e3o de custos corte a plasma\",\"resultado eficiente corte met\u00e1lico\",\"servi\u00e7o de corte a plasma\",\"servi\u00e7o de corte a plasma em s\u00e3o paulo\",\"servi\u00e7o industrial corte a plasma\",\"solu\u00e7\u00f5es em corte de chapas\",\"tecnologia em corte met\u00e1lico\",\"West Corte e Dobra\"],\"articleSection\":[\"Corte a plasma\",\"servi\u00e7o de corte plasma\"],\"inLanguage\":\"pt-BR\",\"potentialAction\":[{\"@type\":\"CommentAction\",\"name\":\"Comment\",\"target\":[\"https:\/\/www.westcorteedobra.com.br\/blog\/2025\/08\/18\/servico-de-corte-a-plasma-em-sao-paulo-conheca-a-west\/#respond\"]}]},{\"@type\":\"WebPage\",\"@id\":\"https:\/\/www.westcorteedobra.com.br\/blog\/2025\/08\/18\/servico-de-corte-a-plasma-em-sao-paulo-conheca-a-west\/\",\"url\":\"https:\/\/www.westcorteedobra.com.br\/blog\/2025\/08\/18\/servico-de-corte-a-plasma-em-sao-paulo-conheca-a-west\/\",\"name\":\"Servi\u00e7o de corte a plasma em S\u00e3o Paulo: conhe\u00e7a a West\",\"isPartOf\":{\"@id\":\"https:\/\/www.westcorteedobra.com.br\/blog\/#website\"},\"primaryImageOfPage\":{\"@id\":\"https:\/\/www.westcorteedobra.com.br\/blog\/2025\/08\/18\/servico-de-corte-a-plasma-em-sao-paulo-conheca-a-west\/#primaryimage\"},\"image\":{\"@id\":\"https:\/\/www.westcorteedobra.com.br\/blog\/2025\/08\/18\/servico-de-corte-a-plasma-em-sao-paulo-conheca-a-west\/#primaryimage\"},\"thumbnailUrl\":\"https:\/\/www.westcorteedobra.com.br\/blog\/wp-content\/uploads\/2025\/01\/corte-plasma-1-3.webp\",\"datePublished\":\"2025-08-18T17:29:04+00:00\",\"dateModified\":\"2025-08-18T17:29:25+00:00\",\"description\":\"Servi\u00e7o de corte a plasma com agilidade e tecnologia em S\u00e3o Paulo, ideal para profissionais que buscam otimiza\u00e7\u00e3o e confian\u00e7a em resultados.\",\"breadcrumb\":{\"@id\":\"https:\/\/www.westcorteedobra.com.br\/blog\/2025\/08\/18\/servico-de-corte-a-plasma-em-sao-paulo-conheca-a-west\/#breadcrumb\"},\"inLanguage\":\"pt-BR\",\"potentialAction\":[{\"@type\":\"ReadAction\",\"target\":[\"https:\/\/www.westcorteedobra.com.br\/blog\/2025\/08\/18\/servico-de-corte-a-plasma-em-sao-paulo-conheca-a-west\/\"]}]},{\"@type\":\"ImageObject\",\"inLanguage\":\"pt-BR\",\"@id\":\"https:\/\/www.westcorteedobra.com.br\/blog\/2025\/08\/18\/servico-de-corte-a-plasma-em-sao-paulo-conheca-a-west\/#primaryimage\",\"url\":\"https:\/\/www.westcorteedobra.com.br\/blog\/wp-content\/uploads\/2025\/01\/corte-plasma-1-3.webp\",\"contentUrl\":\"https:\/\/www.westcorteedobra.com.br\/blog\/wp-content\/uploads\/2025\/01\/corte-plasma-1-3.webp\",\"width\":500,\"height\":400,\"caption\":\"Conhe\u00e7a o melhor servi\u00e7o de corte em SP com a West Corte e Dobra\"},{\"@type\":\"BreadcrumbList\",\"@id\":\"https:\/\/www.westcorteedobra.com.br\/blog\/2025\/08\/18\/servico-de-corte-a-plasma-em-sao-paulo-conheca-a-west\/#breadcrumb\",\"itemListElement\":[{\"@type\":\"ListItem\",\"position\":1,\"name\":\"Home\",\"item\":\"https:\/\/www.westcorteedobra.com.br\/blog\/\"},{\"@type\":\"ListItem\",\"position\":2,\"name\":\"Servi\u00e7o de corte a plasma em S\u00e3o Paulo: conhe\u00e7a a West\"}]},{\"@type\":\"WebSite\",\"@id\":\"https:\/\/www.westcorteedobra.com.br\/blog\/#website\",\"url\":\"https:\/\/www.westcorteedobra.com.br\/blog\/\",\"name\":\"Blog West Corte e Dobra\",\"description\":\"\",\"publisher\":{\"@id\":\"https:\/\/www.westcorteedobra.com.br\/blog\/#organization\"},\"potentialAction\":[{\"@type\":\"SearchAction\",\"target\":{\"@type\":\"EntryPoint\",\"urlTemplate\":\"https:\/\/www.westcorteedobra.com.br\/blog\/?s={search_term_string}\"},\"query-input\":{\"@type\":\"PropertyValueSpecification\",\"valueRequired\":true,\"valueName\":\"search_term_string\"}}],\"inLanguage\":\"pt-BR\"},{\"@type\":\"Organization\",\"@id\":\"https:\/\/www.westcorteedobra.com.br\/blog\/#organization\",\"name\":\"Blog West Corte e Dobra\",\"url\":\"https:\/\/www.westcorteedobra.com.br\/blog\/\",\"logo\":{\"@type\":\"ImageObject\",\"inLanguage\":\"pt-BR\",\"@id\":\"https:\/\/www.westcorteedobra.com.br\/blog\/#\/schema\/logo\/image\/\",\"url\":\"https:\/\/www.westcorteedobra.com.br\/blog\/wp-content\/uploads\/2024\/10\/logo-2.webp\",\"contentUrl\":\"https:\/\/www.westcorteedobra.com.br\/blog\/wp-content\/uploads\/2024\/10\/logo-2.webp\",\"width\":1200,\"height\":280,\"caption\":\"Blog West Corte e Dobra\"},\"image\":{\"@id\":\"https:\/\/www.westcorteedobra.com.br\/blog\/#\/schema\/logo\/image\/\"}},{\"@type\":\"Person\",\"@id\":\"https:\/\/www.westcorteedobra.com.br\/blog\/#\/schema\/person\/5c41559f9b03b4970e7a15a2bb78ca16\",\"name\":\"admin\",\"image\":{\"@type\":\"ImageObject\",\"inLanguage\":\"pt-BR\",\"@id\":\"https:\/\/www.westcorteedobra.com.br\/blog\/#\/schema\/person\/image\/\",\"url\":\"https:\/\/secure.gravatar.com\/avatar\/4f64c9f81bb0d4ee969aaf7b4a5a6f40?s=96&d=mm&r=g\",\"contentUrl\":\"https:\/\/secure.gravatar.com\/avatar\/4f64c9f81bb0d4ee969aaf7b4a5a6f40?s=96&d=mm&r=g\",\"caption\":\"admin\"},\"sameAs\":[\"https:\/\/www.westcorteedobra.com.br\/blog\"],\"url\":\"https:\/\/www.westcorteedobra.com.br\/blog\/author\/admin\/\"}]}<\/script>\n<!-- \/ Yoast SEO plugin. -->","yoast_head_json":{"title":"Servi\u00e7o de corte a plasma em S\u00e3o Paulo: conhe\u00e7a a West","description":"Servi\u00e7o de corte a plasma com agilidade e tecnologia em S\u00e3o Paulo, ideal para profissionais que buscam otimiza\u00e7\u00e3o e confian\u00e7a em resultados.","robots":{"index":"index","follow":"follow","max-snippet":"max-snippet:-1","max-image-preview":"max-image-preview:large","max-video-preview":"max-video-preview:-1"},"canonical":"https:\/\/www.westcorteedobra.com.br\/blog\/2025\/08\/18\/servico-de-corte-a-plasma-em-sao-paulo-conheca-a-west\/","og_locale":"pt_BR","og_type":"article","og_title":"Servi\u00e7o de corte a plasma em S\u00e3o Paulo: conhe\u00e7a a West","og_description":"Servi\u00e7o de corte a plasma com agilidade e tecnologia em S\u00e3o Paulo, ideal para profissionais que buscam otimiza\u00e7\u00e3o e confian\u00e7a em resultados.","og_url":"https:\/\/www.westcorteedobra.com.br\/blog\/2025\/08\/18\/servico-de-corte-a-plasma-em-sao-paulo-conheca-a-west\/","og_site_name":"Blog West Corte e Dobra","article_published_time":"2025-08-18T17:29:04+00:00","article_modified_time":"2025-08-18T17:29:25+00:00","og_image":[{"width":500,"height":400,"url":"https:\/\/www.westcorteedobra.com.br\/blog\/wp-content\/uploads\/2025\/01\/corte-plasma-1-3.webp","type":"image\/webp"}],"author":"admin","twitter_card":"summary_large_image","twitter_misc":{"Written by":"admin","Est. reading time":"5 minutos"},"schema":{"@context":"https:\/\/schema.org","@graph":[{"@type":"Article","@id":"https:\/\/www.westcorteedobra.com.br\/blog\/2025\/08\/18\/servico-de-corte-a-plasma-em-sao-paulo-conheca-a-west\/#article","isPartOf":{"@id":"https:\/\/www.westcorteedobra.com.br\/blog\/2025\/08\/18\/servico-de-corte-a-plasma-em-sao-paulo-conheca-a-west\/"},"author":{"name":"admin","@id":"https:\/\/www.westcorteedobra.com.br\/blog\/#\/schema\/person\/5c41559f9b03b4970e7a15a2bb78ca16"},"headline":"Servi\u00e7o de corte a plasma em S\u00e3o Paulo: conhe\u00e7a a West","datePublished":"2025-08-18T17:29:04+00:00","dateModified":"2025-08-18T17:29:25+00:00","mainEntityOfPage":{"@id":"https:\/\/www.westcorteedobra.com.br\/blog\/2025\/08\/18\/servico-de-corte-a-plasma-em-sao-paulo-conheca-a-west\/"},"wordCount":968,"commentCount":0,"publisher":{"@id":"https:\/\/www.westcorteedobra.com.br\/blog\/#organization"},"image":{"@id":"https:\/\/www.westcorteedobra.com.br\/blog\/2025\/08\/18\/servico-de-corte-a-plasma-em-sao-paulo-conheca-a-west\/#primaryimage"},"thumbnailUrl":"https:\/\/www.westcorteedobra.com.br\/blog\/wp-content\/uploads\/2025\/01\/corte-plasma-1-3.webp","keywords":["agilidade no corte met\u00e1lico","atendimento especializado SP","atendimento industrial S\u00e3o Paulo","confian\u00e7a no servi\u00e7o met\u00e1lico","corte a plasma","corte a plasma a\u00e7o carbono","corte a plasma alum\u00ednio","Corte a plasma CNC","corte a plasma inox","corte a plasma S\u00e3o Paulo","corte a plasma terpercaya","corte met\u00e1lico Osasco","efici\u00eancia em corte a plasma","inova\u00e7\u00e3o no corte de metais","otimiza\u00e7\u00e3o de processos met\u00e1licos","parceria profissional corte a plasma","qualidade comprovada em corte","qualidade em corte met\u00e1lico","redu\u00e7\u00e3o de custos corte a plasma","resultado eficiente corte met\u00e1lico","servi\u00e7o de corte a plasma","servi\u00e7o de corte a plasma em s\u00e3o paulo","servi\u00e7o industrial corte a plasma","solu\u00e7\u00f5es em corte de chapas","tecnologia em corte met\u00e1lico","West Corte e Dobra"],"articleSection":["Corte a plasma","servi\u00e7o de corte plasma"],"inLanguage":"pt-BR","potentialAction":[{"@type":"CommentAction","name":"Comment","target":["https:\/\/www.westcorteedobra.com.br\/blog\/2025\/08\/18\/servico-de-corte-a-plasma-em-sao-paulo-conheca-a-west\/#respond"]}]},{"@type":"WebPage","@id":"https:\/\/www.westcorteedobra.com.br\/blog\/2025\/08\/18\/servico-de-corte-a-plasma-em-sao-paulo-conheca-a-west\/","url":"https:\/\/www.westcorteedobra.com.br\/blog\/2025\/08\/18\/servico-de-corte-a-plasma-em-sao-paulo-conheca-a-west\/","name":"Servi\u00e7o de corte a plasma em S\u00e3o Paulo: conhe\u00e7a a West","isPartOf":{"@id":"https:\/\/www.westcorteedobra.com.br\/blog\/#website"},"primaryImageOfPage":{"@id":"https:\/\/www.westcorteedobra.com.br\/blog\/2025\/08\/18\/servico-de-corte-a-plasma-em-sao-paulo-conheca-a-west\/#primaryimage"},"image":{"@id":"https:\/\/www.westcorteedobra.com.br\/blog\/2025\/08\/18\/servico-de-corte-a-plasma-em-sao-paulo-conheca-a-west\/#primaryimage"},"thumbnailUrl":"https:\/\/www.westcorteedobra.com.br\/blog\/wp-content\/uploads\/2025\/01\/corte-plasma-1-3.webp","datePublished":"2025-08-18T17:29:04+00:00","dateModified":"2025-08-18T17:29:25+00:00","description":"Servi\u00e7o de corte a plasma com agilidade e tecnologia em S\u00e3o Paulo, ideal para profissionais que buscam otimiza\u00e7\u00e3o e confian\u00e7a em resultados.","breadcrumb":{"@id":"https:\/\/www.westcorteedobra.com.br\/blog\/2025\/08\/18\/servico-de-corte-a-plasma-em-sao-paulo-conheca-a-west\/#breadcrumb"},"inLanguage":"pt-BR","potentialAction":[{"@type":"ReadAction","target":["https:\/\/www.westcorteedobra.com.br\/blog\/2025\/08\/18\/servico-de-corte-a-plasma-em-sao-paulo-conheca-a-west\/"]}]},{"@type":"ImageObject","inLanguage":"pt-BR","@id":"https:\/\/www.westcorteedobra.com.br\/blog\/2025\/08\/18\/servico-de-corte-a-plasma-em-sao-paulo-conheca-a-west\/#primaryimage","url":"https:\/\/www.westcorteedobra.com.br\/blog\/wp-content\/uploads\/2025\/01\/corte-plasma-1-3.webp","contentUrl":"https:\/\/www.westcorteedobra.com.br\/blog\/wp-content\/uploads\/2025\/01\/corte-plasma-1-3.webp","width":500,"height":400,"caption":"Conhe\u00e7a o melhor servi\u00e7o de corte em SP com a West Corte e Dobra"},{"@type":"BreadcrumbList","@id":"https:\/\/www.westcorteedobra.com.br\/blog\/2025\/08\/18\/servico-de-corte-a-plasma-em-sao-paulo-conheca-a-west\/#breadcrumb","itemListElement":[{"@type":"ListItem","position":1,"name":"Home","item":"https:\/\/www.westcorteedobra.com.br\/blog\/"},{"@type":"ListItem","position":2,"name":"Servi\u00e7o de corte a plasma em S\u00e3o Paulo: conhe\u00e7a a West"}]},{"@type":"WebSite","@id":"https:\/\/www.westcorteedobra.com.br\/blog\/#website","url":"https:\/\/www.westcorteedobra.com.br\/blog\/","name":"Blog West Corte e Dobra","description":"","publisher":{"@id":"https:\/\/www.westcorteedobra.com.br\/blog\/#organization"},"potentialAction":[{"@type":"SearchAction","target":{"@type":"EntryPoint","urlTemplate":"https:\/\/www.westcorteedobra.com.br\/blog\/?s={search_term_string}"},"query-input":{"@type":"PropertyValueSpecification","valueRequired":true,"valueName":"search_term_string"}}],"inLanguage":"pt-BR"},{"@type":"Organization","@id":"https:\/\/www.westcorteedobra.com.br\/blog\/#organization","name":"Blog West Corte e Dobra","url":"https:\/\/www.westcorteedobra.com.br\/blog\/","logo":{"@type":"ImageObject","inLanguage":"pt-BR","@id":"https:\/\/www.westcorteedobra.com.br\/blog\/#\/schema\/logo\/image\/","url":"https:\/\/www.westcorteedobra.com.br\/blog\/wp-content\/uploads\/2024\/10\/logo-2.webp","contentUrl":"https:\/\/www.westcorteedobra.com.br\/blog\/wp-content\/uploads\/2024\/10\/logo-2.webp","width":1200,"height":280,"caption":"Blog West Corte e Dobra"},"image":{"@id":"https:\/\/www.westcorteedobra.com.br\/blog\/#\/schema\/logo\/image\/"}},{"@type":"Person","@id":"https:\/\/www.westcorteedobra.com.br\/blog\/#\/schema\/person\/5c41559f9b03b4970e7a15a2bb78ca16","name":"admin","image":{"@type":"ImageObject","inLanguage":"pt-BR","@id":"https:\/\/www.westcorteedobra.com.br\/blog\/#\/schema\/person\/image\/","url":"https:\/\/secure.gravatar.com\/avatar\/4f64c9f81bb0d4ee969aaf7b4a5a6f40?s=96&d=mm&r=g","contentUrl":"https:\/\/secure.gravatar.com\/avatar\/4f64c9f81bb0d4ee969aaf7b4a5a6f40?s=96&d=mm&r=g","caption":"admin"},"sameAs":["https:\/\/www.westcorteedobra.com.br\/blog"],"url":"https:\/\/www.westcorteedobra.com.br\/blog\/author\/admin\/"}]}},"_links":{"self":[{"href":"https:\/\/www.westcorteedobra.com.br\/blog\/wp-json\/wp\/v2\/posts\/398"}],"collection":[{"href":"https:\/\/www.westcorteedobra.com.br\/blog\/wp-json\/wp\/v2\/posts"}],"about":[{"href":"https:\/\/www.westcorteedobra.com.br\/blog\/wp-json\/wp\/v2\/types\/post"}],"author":[{"embeddable":true,"href":"https:\/\/www.westcorteedobra.com.br\/blog\/wp-json\/wp\/v2\/users\/1"}],"replies":[{"embeddable":true,"href":"https:\/\/www.westcorteedobra.com.br\/blog\/wp-json\/wp\/v2\/comments?post=398"}],"version-history":[{"count":1,"href":"https:\/\/www.westcorteedobra.com.br\/blog\/wp-json\/wp\/v2\/posts\/398\/revisions"}],"predecessor-version":[{"id":399,"href":"https:\/\/www.westcorteedobra.com.br\/blog\/wp-json\/wp\/v2\/posts\/398\/revisions\/399"}],"wp:featuredmedia":[{"embeddable":true,"href":"https:\/\/www.westcorteedobra.com.br\/blog\/wp-json\/wp\/v2\/media\/164"}],"wp:attachment":[{"href":"https:\/\/www.westcorteedobra.com.br\/blog\/wp-json\/wp\/v2\/media?parent=398"}],"wp:term":[{"taxonomy":"category","embeddable":true,"href":"https:\/\/www.westcorteedobra.com.br\/blog\/wp-json\/wp\/v2\/categories?post=398"},{"taxonomy":"post_tag","embeddable":true,"href":"https:\/\/www.westcorteedobra.com.br\/blog\/wp-json\/wp\/v2\/tags?post=398"}],"curies":[{"name":"wp","href":"https:\/\/api.w.org\/{rel}","templated":true}]}}