{"id":375,"date":"2025-08-11T11:04:37","date_gmt":"2025-08-11T14:04:37","guid":{"rendered":"https:\/\/www.westcorteedobra.com.br\/blog\/?p=375"},"modified":"2025-08-11T11:05:36","modified_gmt":"2025-08-11T14:05:36","slug":"empresa-de-corte-em-guilhotina-em-osasco-conheca-a-west","status":"publish","type":"post","link":"https:\/\/www.westcorteedobra.com.br\/blog\/2025\/08\/11\/empresa-de-corte-em-guilhotina-em-osasco-conheca-a-west\/","title":{"rendered":"Empresa de corte em guilhotina em Osasco: conhe\u00e7a a West"},"content":{"rendered":"\n<p class=\"has-medium-font-size\"><strong><em>Solu\u00e7\u00f5es precisas e \u00e1geis em corte e dobra de chapas met\u00e1licas com qualidade e inova\u00e7\u00e3o para atender diferentes demandas industriais.<\/em><\/strong><\/p>\n\n\n\n<p>No setor metal\u00fargico, precis\u00e3o e agilidade s\u00e3o diferenciais decisivos para garantir que um projeto seja entregue com excel\u00eancia. Uma boa execu\u00e7\u00e3o no corte e dobra de chapas met\u00e1licas n\u00e3o apenas economiza tempo, mas tamb\u00e9m reduz custos e evita retrabalhos.<\/p>\n\n\n\n<p>Entre as empresas que se destacam nessa \u00e1rea, a West Corte e Dobra vem conquistando espa\u00e7o com uma atua\u00e7\u00e3o s\u00f3lida e resultados comprovados. Aliando tecnologia, experi\u00eancia e comprometimento, a marca se posiciona como uma das principais refer\u00eancias no segmento.<\/p>\n\n\n\n<p>Se voc\u00ea \u00e9 um profissional que busca solu\u00e7\u00f5es de alto n\u00edvel, entender como a West trabalha pode fazer toda a diferen\u00e7a para escolher o parceiro certo no seu pr\u00f3ximo projeto.<\/p>\n\n\n\n<ul class=\"wp-block-list\">\n<li><a href=\"https:\/\/www.westcorteedobra.com.br\/blog\/2025\/08\/01\/descubra-os-beneficios-do-corte-a-laser-agora-mesmo\/\" target=\"_blank\" rel=\"noreferrer noopener\">Descubra os benef\u00edcios do corte a laser agora mesmo<\/a><\/li>\n<\/ul>\n\n\n\n<h2 class=\"wp-block-heading\">Compromisso com qualidade e agilidade<\/h2>\n\n\n\n<p><strong>A West Corte e Dobra construiu sua reputa\u00e7\u00e3o com base em dois pilares essenciais: qualidade no acabamento e agilidade na entrega<\/strong>. Isso significa que, desde o recebimento do pedido at\u00e9 a finaliza\u00e7\u00e3o do servi\u00e7o, h\u00e1 um cuidado minucioso para garantir que cada detalhe esteja conforme as especifica\u00e7\u00f5es t\u00e9cnicas do cliente.<\/p>\n\n\n\n<p><strong>A empresa investe em processos bem estruturados e equipamentos de ponta, o que possibilita realizar cortes precisos e dobras exatas, minimizando desperd\u00edcios de material<\/strong>. Essa aten\u00e7\u00e3o ao detalhe n\u00e3o s\u00f3 assegura um produto final impec\u00e1vel, como tamb\u00e9m reduz prazos, permitindo que o cliente mantenha seu cronograma de produ\u00e7\u00e3o sem atrasos.<\/p>\n\n\n\n<p>Esse compromisso tamb\u00e9m se reflete no atendimento. A equipe est\u00e1 sempre pronta para esclarecer d\u00favidas, orientar sobre o melhor tipo de corte em guilhotina para cada necessidade e assegurar que a comunica\u00e7\u00e3o seja clara em todas as etapas.<\/p>\n\n\n\n<ul class=\"wp-block-list\">\n<li><a href=\"https:\/\/www.westcorteedobra.com.br\/blog\/2025\/07\/17\/corte-a-plasma-em-osasco\/\" target=\"_blank\" rel=\"noreferrer noopener\">Corte a plasma em Osasco: a solu\u00e7\u00e3o mais precisa para seu projeto!<\/a><\/li>\n<\/ul>\n\n\n\n<h2 class=\"wp-block-heading\">Inova\u00e7\u00e3o que gera resultados<\/h2>\n\n\n\n<p>A inova\u00e7\u00e3o \u00e9 parte integrante da filosofia da West Corte e Dobra. <strong>N\u00e3o se trata apenas de acompanhar tend\u00eancias tecnol\u00f3gicas, mas de aplicar solu\u00e7\u00f5es inteligentes que realmente tragam benef\u00edcios pr\u00e1ticos para o cliente<\/strong>.<\/p>\n\n\n\n<p><strong>A empresa investe constantemente em m\u00e1quinas modernas e softwares de controle, o que garante maior precis\u00e3o nos cortes e dobras<\/strong>. Essa moderniza\u00e7\u00e3o permite atender demandas variadas, seja para produ\u00e7\u00f5es em grande escala ou para pe\u00e7as sob medida com alto n\u00edvel de complexidade.<\/p>\n\n\n\n<p>Al\u00e9m disso, a inova\u00e7\u00e3o tamb\u00e9m est\u00e1 no modo como a West otimiza processos. <strong>A cada novo projeto, a equipe busca formas de aumentar a efici\u00eancia, reduzir o tempo de execu\u00e7\u00e3o e oferecer mais valor ao cliente<\/strong>.<\/p>\n\n\n\n<p>Isso significa que o corte em guilhotina n\u00e3o \u00e9 apenas uma etapa de produ\u00e7\u00e3o, mas parte de um fluxo pensado para maximizar a performance do resultado final.<\/p>\n\n\n\n<h2 class=\"wp-block-heading\">Versatilidade em materiais e projetos<\/h2>\n\n\n\n<p><strong>Um dos pontos fortes da West Corte e Dobra \u00e9 a capacidade de trabalhar com diferentes tipos de metais e atender a projetos de variados segmentos industriais<\/strong>. Seja em a\u00e7o carbono, inox ou alum\u00ednio, a empresa garante que o acabamento final respeite as caracter\u00edsticas e exig\u00eancias de cada material.<\/p>\n\n\n\n<p><strong>Essa versatilidade \u00e9 um diferencial competitivo, pois permite que clientes de diferentes setores encontrem na West um parceiro capaz de atender m\u00faltiplas demandas, sem precisar recorrer a v\u00e1rios fornecedores<\/strong>. O resultado \u00e9 mais praticidade e uniformidade no padr\u00e3o de qualidade.<\/p>\n\n\n\n<p><strong>Al\u00e9m disso, a empresa \u00e9 capaz de lidar tanto com grandes lotes de produ\u00e7\u00e3o quanto com pedidos personalizados e espec\u00edficos, adaptando seus processos conforme a necessidade<\/strong>. Isso torna a West uma escolha confi\u00e1vel para empresas que precisam de flexibilidade sem abdicar da precis\u00e3o.<\/p>\n\n\n\n<h1 class=\"wp-block-heading\">West Corte e Dobra: sua parceira ideal em corte e dobra de chapas<\/h1>\n\n\n\n<p>A <strong><em><a href=\"https:\/\/www.westcorteedobra.com.br\/\" target=\"_blank\" rel=\"noreferrer noopener\">West Corte e Dobra<\/a><\/em><\/strong> \u00e9 uma empresa comprometida em oferecer solu\u00e7\u00f5es de alta qualidade no corte e dobra de chapas met\u00e1licas. Sua miss\u00e3o \u00e9 otimizar os processos dos clientes, reduzindo custos e garantindo agilidade em cada servi\u00e7o.<\/p>\n\n\n\n<p>Com um foco constante em inova\u00e7\u00e3o e excel\u00eancia, a West se esfor\u00e7a para superar as expectativas e construir rela\u00e7\u00f5es de confian\u00e7a duradouras. Seja em a\u00e7o carbono, inox ou alum\u00ednio, \u00e9 a escolha certa para quem busca efici\u00eancia e resultados comprovados.<\/p>\n\n\n\n<p>Se voc\u00ea procura uma empresa de corte em guilhotina em Osasco capaz de aliar tecnologia, experi\u00eancia e compromisso, a West est\u00e1 pronta para ser sua parceira estrat\u00e9gica na execu\u00e7\u00e3o de projetos de todos os portes.<\/p>\n\n\n\n<h2 class=\"wp-block-heading\">Um passo \u00e0 frente na sua produ\u00e7\u00e3o<\/h2>\n\n\n\n<p>Ao escolher a <em>West Corte e Dobra<\/em>, voc\u00ea n\u00e3o est\u00e1 apenas contratando um servi\u00e7o de corte e dobra, mas garantindo parceria, qualidade e comprometimento em cada detalhe. Com processos otimizados, m\u00e1quinas modernas e uma equipe preparada, a empresa entrega n\u00e3o s\u00f3 chapas met\u00e1licas bem trabalhadas, mas tamb\u00e9m solu\u00e7\u00f5es que impactam positivamente o seu neg\u00f3cio.<\/p>\n\n\n\n<p>N\u00e3o perca tempo com retrabalhos e fornecedores que n\u00e3o cumprem prazos. <strong><a href=\"https:\/\/www.westcorteedobra.com.br\/fale-conosco\" target=\"_blank\" rel=\"noreferrer noopener\">Entre em contato<\/a> agora mesmo com a <em>West Corte e Dobra<\/em>, solicite um or\u00e7amento e descubra como uma empresa de corte em guilhotina em Osasco pode elevar o n\u00edvel dos seus projetos<\/strong>.<\/p>\n","protected":false},"excerpt":{"rendered":"<p>Solu\u00e7\u00f5es precisas e \u00e1geis em corte e dobra de chapas met\u00e1licas com qualidade e inova\u00e7\u00e3o para atender diferentes demandas industriais. No setor metal\u00fargico, precis\u00e3o e agilidade s\u00e3o diferenciais decisivos para garantir que um projeto seja entregue com excel\u00eancia. Uma boa execu\u00e7\u00e3o no corte e dobra de chapas met\u00e1licas n\u00e3o apenas economiza tempo, mas tamb\u00e9m reduz &hellip; <\/p>\n","protected":false},"author":1,"featured_media":376,"comment_status":"open","ping_status":"open","sticky":false,"template":"","format":"standard","meta":{"footnotes":""},"categories":[82,1640,812],"tags":[2845,9,2072,2840,908,1573,458,83,2842,2836,2839,727,1259,2837,178,2860,2857,2866,2849,2847,2858,712,2848,2861,2859,2856,2867,2865,2864,2862,2853,2852,2863,2851,2850,2855,2835,2477,2841,2844,2854,2846,2843,2139,2838,814],"class_list":["post-375","post","type-post","status-publish","format-standard","has-post-thumbnail","hentry","category-corte-em-guilhotina","category-corte-em-guilhotina-de-aco-inox","category-corte-em-guilhotina-de-aluminio","tag-como-funciona-corte-em-guilhotina","tag-corte-de-chapas-metalicas","tag-corte-e-dobra-de-aluminio","tag-corte-e-dobra-de-chapas-sob-medida","tag-corte-e-dobra-de-inox","tag-corte-e-dobra-em-osasco","tag-corte-e-dobra-para-industrias","tag-corte-em-guilhotina","tag-corte-em-guilhotina-com-precisao","tag-corte-em-guilhotina-profissional","tag-corte-em-guilhotina-sob-medida","tag-empresa-de-corte-de-aco-carbono","tag-empresa-de-corte-de-aco-inox","tag-empresa-de-corte-e-dobra-de-precisao","tag-empresa-de-corte-em-guilhotina","tag-empresa-de-corte-em-guilhotina-atende-construcao-civil","tag-empresa-de-corte-em-guilhotina-atende-em-osasco","tag-empresa-de-corte-em-guilhotina-atende-emergencias","tag-empresa-de-corte-em-guilhotina-atende-pequenos-lotes","tag-empresa-de-corte-em-guilhotina-e-confiavel","tag-empresa-de-corte-em-guilhotina-e-indicada-para-producao-em-serie","tag-empresa-de-corte-em-guilhotina-em-osasco","tag-empresa-de-corte-em-guilhotina-entrega-rapido","tag-empresa-de-corte-em-guilhotina-faz-corte-rapido","tag-empresa-de-corte-em-guilhotina-garante-precisao","tag-empresa-de-corte-em-guilhotina-oferece-acabamento-de-qualidade","tag-empresa-de-corte-em-guilhotina-oferece-consultoria-tecnica","tag-empresa-de-corte-em-guilhotina-oferece-suporte","tag-empresa-de-corte-em-guilhotina-tem-atendimento-personalizado","tag-empresa-de-corte-em-guilhotina-tem-bom-custo-beneficio","tag-empresa-de-corte-em-guilhotina-tem-corte-sob-medida","tag-empresa-de-corte-em-guilhotina-tem-entrega-para-industrias","tag-empresa-de-corte-em-guilhotina-trabalha-com-aco-carbono","tag-empresa-de-corte-em-guilhotina-trabalha-com-aluminio","tag-empresa-de-corte-em-guilhotina-trabalha-com-inox","tag-empresa-de-corte-em-guilhotina-usa-maquinas-modernas","tag-empresa-de-corte-industrial","tag-empresa-de-corte-metalico","tag-melhor-empresa-de-corte-em-guilhotina","tag-onde-contratar-corte-em-guilhotina","tag-qual-o-prazo-de-entrega-da-empresa-de-corte-em-guilhotina","tag-quanto-custa-corte-em-guilhotina","tag-quem-faz-corte-em-guilhotina","tag-servico-de-corte-e-dobra","tag-servico-de-corte-rapido","tag-vantagens-do-corte-em-guilhotina","latest_post"],"yoast_head":"<!-- This site is optimized with the Yoast SEO plugin v25.2 - https:\/\/yoast.com\/wordpress\/plugins\/seo\/ -->\n<title>Empresa de corte em guilhotina em Osasco: conhe\u00e7a a West<\/title>\n<meta name=\"description\" content=\"Solu\u00e7\u00f5es precisas e \u00e1geis em corte e dobra de chapas met\u00e1licas com qualidade e inova\u00e7\u00e3o para atender diferentes demandas industriais.\" \/>\n<meta name=\"robots\" content=\"index, follow, max-snippet:-1, max-image-preview:large, max-video-preview:-1\" \/>\n<link rel=\"canonical\" href=\"https:\/\/www.westcorteedobra.com.br\/blog\/2025\/08\/11\/empresa-de-corte-em-guilhotina-em-osasco-conheca-a-west\/\" \/>\n<meta property=\"og:locale\" content=\"pt_BR\" \/>\n<meta property=\"og:type\" content=\"article\" \/>\n<meta property=\"og:title\" content=\"Empresa de corte em guilhotina em Osasco: conhe\u00e7a a West\" \/>\n<meta property=\"og:description\" content=\"Solu\u00e7\u00f5es precisas e \u00e1geis em corte e dobra de chapas met\u00e1licas com qualidade e inova\u00e7\u00e3o para atender diferentes demandas industriais.\" \/>\n<meta property=\"og:url\" content=\"https:\/\/www.westcorteedobra.com.br\/blog\/2025\/08\/11\/empresa-de-corte-em-guilhotina-em-osasco-conheca-a-west\/\" \/>\n<meta property=\"og:site_name\" content=\"Blog West Corte e Dobra\" \/>\n<meta property=\"article:published_time\" content=\"2025-08-11T14:04:37+00:00\" \/>\n<meta property=\"article:modified_time\" content=\"2025-08-11T14:05:36+00:00\" \/>\n<meta property=\"og:image\" content=\"https:\/\/www.westcorteedobra.com.br\/blog\/wp-content\/uploads\/2025\/08\/corte-guilhotina-1-1.webp\" \/>\n\t<meta property=\"og:image:width\" content=\"500\" \/>\n\t<meta property=\"og:image:height\" content=\"400\" \/>\n\t<meta property=\"og:image:type\" content=\"image\/webp\" \/>\n<meta name=\"author\" content=\"admin\" \/>\n<meta name=\"twitter:card\" content=\"summary_large_image\" \/>\n<meta name=\"twitter:label1\" content=\"Written by\" \/>\n\t<meta name=\"twitter:data1\" content=\"admin\" \/>\n\t<meta name=\"twitter:label2\" content=\"Est. reading time\" \/>\n\t<meta name=\"twitter:data2\" content=\"5 minutos\" \/>\n<script type=\"application\/ld+json\" class=\"yoast-schema-graph\">{\"@context\":\"https:\/\/schema.org\",\"@graph\":[{\"@type\":\"Article\",\"@id\":\"https:\/\/www.westcorteedobra.com.br\/blog\/2025\/08\/11\/empresa-de-corte-em-guilhotina-em-osasco-conheca-a-west\/#article\",\"isPartOf\":{\"@id\":\"https:\/\/www.westcorteedobra.com.br\/blog\/2025\/08\/11\/empresa-de-corte-em-guilhotina-em-osasco-conheca-a-west\/\"},\"author\":{\"name\":\"admin\",\"@id\":\"https:\/\/www.westcorteedobra.com.br\/blog\/#\/schema\/person\/5c41559f9b03b4970e7a15a2bb78ca16\"},\"headline\":\"Empresa de corte em guilhotina em Osasco: conhe\u00e7a a West\",\"datePublished\":\"2025-08-11T14:04:37+00:00\",\"dateModified\":\"2025-08-11T14:05:36+00:00\",\"mainEntityOfPage\":{\"@id\":\"https:\/\/www.westcorteedobra.com.br\/blog\/2025\/08\/11\/empresa-de-corte-em-guilhotina-em-osasco-conheca-a-west\/\"},\"wordCount\":898,\"commentCount\":0,\"publisher\":{\"@id\":\"https:\/\/www.westcorteedobra.com.br\/blog\/#organization\"},\"image\":{\"@id\":\"https:\/\/www.westcorteedobra.com.br\/blog\/2025\/08\/11\/empresa-de-corte-em-guilhotina-em-osasco-conheca-a-west\/#primaryimage\"},\"thumbnailUrl\":\"https:\/\/www.westcorteedobra.com.br\/blog\/wp-content\/uploads\/2025\/08\/corte-guilhotina-1-1.webp\",\"keywords\":[\"como funciona corte em guilhotina\",\"Corte de chapas met\u00e1licas\",\"corte e dobra de alum\u00ednio\",\"corte e dobra de chapas sob medida\",\"corte e dobra de inox\",\"corte e dobra em Osasco\",\"corte e dobra para ind\u00fastrias\",\"corte em guilhotina\",\"corte em guilhotina com precis\u00e3o\",\"corte em guilhotina profissional\",\"corte em guilhotina sob medida\",\"empresa de corte de a\u00e7o carbono\",\"empresa de corte de a\u00e7o inox\",\"empresa de corte e dobra de precis\u00e3o\",\"empresa de corte em guilhotina\",\"empresa de corte em guilhotina atende constru\u00e7\u00e3o civil?\",\"empresa de corte em guilhotina atende em Osasco?\",\"empresa de corte em guilhotina atende emerg\u00eancias?\",\"empresa de corte em guilhotina atende pequenos lotes?\",\"empresa de corte em guilhotina \u00e9 confi\u00e1vel?\",\"empresa de corte em guilhotina \u00e9 indicada para produ\u00e7\u00e3o em s\u00e9rie?\",\"empresa de corte em guilhotina em Osasco\",\"empresa de corte em guilhotina entrega r\u00e1pido?\",\"empresa de corte em guilhotina faz corte r\u00e1pido?\",\"empresa de corte em guilhotina garante precis\u00e3o?\",\"empresa de corte em guilhotina oferece acabamento de qualidade?\",\"empresa de corte em guilhotina oferece consultoria t\u00e9cnica?\",\"empresa de corte em guilhotina oferece suporte?\",\"empresa de corte em guilhotina tem atendimento personalizado?\",\"empresa de corte em guilhotina tem bom custo-benef\u00edcio?\",\"empresa de corte em guilhotina tem corte sob medida?\",\"empresa de corte em guilhotina tem entrega para ind\u00fastrias?\",\"empresa de corte em guilhotina trabalha com a\u00e7o carbono?\",\"empresa de corte em guilhotina trabalha com alum\u00ednio?\",\"empresa de corte em guilhotina trabalha com inox?\",\"empresa de corte em guilhotina usa m\u00e1quinas modernas?\",\"empresa de corte industrial\",\"empresa de corte met\u00e1lico\",\"melhor empresa de corte em guilhotina\",\"onde contratar corte em guilhotina\",\"qual o prazo de entrega da empresa de corte em guilhotina?\",\"quanto custa corte em guilhotina\",\"quem faz corte em guilhotina\",\"servi\u00e7o de corte e dobra\",\"servi\u00e7o de corte r\u00e1pido\",\"vantagens do corte em guilhotina\"],\"articleSection\":[\"Corte em guilhotina\",\"Corte em guilhotina de a\u00e7o inox\",\"Corte em guilhotina de alum\u00ednio\"],\"inLanguage\":\"pt-BR\",\"potentialAction\":[{\"@type\":\"CommentAction\",\"name\":\"Comment\",\"target\":[\"https:\/\/www.westcorteedobra.com.br\/blog\/2025\/08\/11\/empresa-de-corte-em-guilhotina-em-osasco-conheca-a-west\/#respond\"]}]},{\"@type\":\"WebPage\",\"@id\":\"https:\/\/www.westcorteedobra.com.br\/blog\/2025\/08\/11\/empresa-de-corte-em-guilhotina-em-osasco-conheca-a-west\/\",\"url\":\"https:\/\/www.westcorteedobra.com.br\/blog\/2025\/08\/11\/empresa-de-corte-em-guilhotina-em-osasco-conheca-a-west\/\",\"name\":\"Empresa de corte em guilhotina em Osasco: conhe\u00e7a a West\",\"isPartOf\":{\"@id\":\"https:\/\/www.westcorteedobra.com.br\/blog\/#website\"},\"primaryImageOfPage\":{\"@id\":\"https:\/\/www.westcorteedobra.com.br\/blog\/2025\/08\/11\/empresa-de-corte-em-guilhotina-em-osasco-conheca-a-west\/#primaryimage\"},\"image\":{\"@id\":\"https:\/\/www.westcorteedobra.com.br\/blog\/2025\/08\/11\/empresa-de-corte-em-guilhotina-em-osasco-conheca-a-west\/#primaryimage\"},\"thumbnailUrl\":\"https:\/\/www.westcorteedobra.com.br\/blog\/wp-content\/uploads\/2025\/08\/corte-guilhotina-1-1.webp\",\"datePublished\":\"2025-08-11T14:04:37+00:00\",\"dateModified\":\"2025-08-11T14:05:36+00:00\",\"description\":\"Solu\u00e7\u00f5es precisas e \u00e1geis em corte e dobra de chapas met\u00e1licas com qualidade e inova\u00e7\u00e3o para atender diferentes demandas industriais.\",\"breadcrumb\":{\"@id\":\"https:\/\/www.westcorteedobra.com.br\/blog\/2025\/08\/11\/empresa-de-corte-em-guilhotina-em-osasco-conheca-a-west\/#breadcrumb\"},\"inLanguage\":\"pt-BR\",\"potentialAction\":[{\"@type\":\"ReadAction\",\"target\":[\"https:\/\/www.westcorteedobra.com.br\/blog\/2025\/08\/11\/empresa-de-corte-em-guilhotina-em-osasco-conheca-a-west\/\"]}]},{\"@type\":\"ImageObject\",\"inLanguage\":\"pt-BR\",\"@id\":\"https:\/\/www.westcorteedobra.com.br\/blog\/2025\/08\/11\/empresa-de-corte-em-guilhotina-em-osasco-conheca-a-west\/#primaryimage\",\"url\":\"https:\/\/www.westcorteedobra.com.br\/blog\/wp-content\/uploads\/2025\/08\/corte-guilhotina-1-1.webp\",\"contentUrl\":\"https:\/\/www.westcorteedobra.com.br\/blog\/wp-content\/uploads\/2025\/08\/corte-guilhotina-1-1.webp\",\"width\":500,\"height\":400,\"caption\":\"Empresa de corte em guilhotina em Osasco: conhe\u00e7a a West\"},{\"@type\":\"BreadcrumbList\",\"@id\":\"https:\/\/www.westcorteedobra.com.br\/blog\/2025\/08\/11\/empresa-de-corte-em-guilhotina-em-osasco-conheca-a-west\/#breadcrumb\",\"itemListElement\":[{\"@type\":\"ListItem\",\"position\":1,\"name\":\"Home\",\"item\":\"https:\/\/www.westcorteedobra.com.br\/blog\/\"},{\"@type\":\"ListItem\",\"position\":2,\"name\":\"Empresa de corte em guilhotina em Osasco: conhe\u00e7a a West\"}]},{\"@type\":\"WebSite\",\"@id\":\"https:\/\/www.westcorteedobra.com.br\/blog\/#website\",\"url\":\"https:\/\/www.westcorteedobra.com.br\/blog\/\",\"name\":\"Blog West Corte e Dobra\",\"description\":\"\",\"publisher\":{\"@id\":\"https:\/\/www.westcorteedobra.com.br\/blog\/#organization\"},\"potentialAction\":[{\"@type\":\"SearchAction\",\"target\":{\"@type\":\"EntryPoint\",\"urlTemplate\":\"https:\/\/www.westcorteedobra.com.br\/blog\/?s={search_term_string}\"},\"query-input\":{\"@type\":\"PropertyValueSpecification\",\"valueRequired\":true,\"valueName\":\"search_term_string\"}}],\"inLanguage\":\"pt-BR\"},{\"@type\":\"Organization\",\"@id\":\"https:\/\/www.westcorteedobra.com.br\/blog\/#organization\",\"name\":\"Blog West Corte e Dobra\",\"url\":\"https:\/\/www.westcorteedobra.com.br\/blog\/\",\"logo\":{\"@type\":\"ImageObject\",\"inLanguage\":\"pt-BR\",\"@id\":\"https:\/\/www.westcorteedobra.com.br\/blog\/#\/schema\/logo\/image\/\",\"url\":\"https:\/\/www.westcorteedobra.com.br\/blog\/wp-content\/uploads\/2024\/10\/logo-2.webp\",\"contentUrl\":\"https:\/\/www.westcorteedobra.com.br\/blog\/wp-content\/uploads\/2024\/10\/logo-2.webp\",\"width\":1200,\"height\":280,\"caption\":\"Blog West Corte e Dobra\"},\"image\":{\"@id\":\"https:\/\/www.westcorteedobra.com.br\/blog\/#\/schema\/logo\/image\/\"}},{\"@type\":\"Person\",\"@id\":\"https:\/\/www.westcorteedobra.com.br\/blog\/#\/schema\/person\/5c41559f9b03b4970e7a15a2bb78ca16\",\"name\":\"admin\",\"image\":{\"@type\":\"ImageObject\",\"inLanguage\":\"pt-BR\",\"@id\":\"https:\/\/www.westcorteedobra.com.br\/blog\/#\/schema\/person\/image\/\",\"url\":\"https:\/\/secure.gravatar.com\/avatar\/4f64c9f81bb0d4ee969aaf7b4a5a6f40?s=96&d=mm&r=g\",\"contentUrl\":\"https:\/\/secure.gravatar.com\/avatar\/4f64c9f81bb0d4ee969aaf7b4a5a6f40?s=96&d=mm&r=g\",\"caption\":\"admin\"},\"sameAs\":[\"https:\/\/www.westcorteedobra.com.br\/blog\"],\"url\":\"https:\/\/www.westcorteedobra.com.br\/blog\/author\/admin\/\"}]}<\/script>\n<!-- \/ Yoast SEO plugin. -->","yoast_head_json":{"title":"Empresa de corte em guilhotina em Osasco: conhe\u00e7a a West","description":"Solu\u00e7\u00f5es precisas e \u00e1geis em corte e dobra de chapas met\u00e1licas com qualidade e inova\u00e7\u00e3o para atender diferentes demandas industriais.","robots":{"index":"index","follow":"follow","max-snippet":"max-snippet:-1","max-image-preview":"max-image-preview:large","max-video-preview":"max-video-preview:-1"},"canonical":"https:\/\/www.westcorteedobra.com.br\/blog\/2025\/08\/11\/empresa-de-corte-em-guilhotina-em-osasco-conheca-a-west\/","og_locale":"pt_BR","og_type":"article","og_title":"Empresa de corte em guilhotina em Osasco: conhe\u00e7a a West","og_description":"Solu\u00e7\u00f5es precisas e \u00e1geis em corte e dobra de chapas met\u00e1licas com qualidade e inova\u00e7\u00e3o para atender diferentes demandas industriais.","og_url":"https:\/\/www.westcorteedobra.com.br\/blog\/2025\/08\/11\/empresa-de-corte-em-guilhotina-em-osasco-conheca-a-west\/","og_site_name":"Blog West Corte e Dobra","article_published_time":"2025-08-11T14:04:37+00:00","article_modified_time":"2025-08-11T14:05:36+00:00","og_image":[{"width":500,"height":400,"url":"https:\/\/www.westcorteedobra.com.br\/blog\/wp-content\/uploads\/2025\/08\/corte-guilhotina-1-1.webp","type":"image\/webp"}],"author":"admin","twitter_card":"summary_large_image","twitter_misc":{"Written by":"admin","Est. reading time":"5 minutos"},"schema":{"@context":"https:\/\/schema.org","@graph":[{"@type":"Article","@id":"https:\/\/www.westcorteedobra.com.br\/blog\/2025\/08\/11\/empresa-de-corte-em-guilhotina-em-osasco-conheca-a-west\/#article","isPartOf":{"@id":"https:\/\/www.westcorteedobra.com.br\/blog\/2025\/08\/11\/empresa-de-corte-em-guilhotina-em-osasco-conheca-a-west\/"},"author":{"name":"admin","@id":"https:\/\/www.westcorteedobra.com.br\/blog\/#\/schema\/person\/5c41559f9b03b4970e7a15a2bb78ca16"},"headline":"Empresa de corte em guilhotina em Osasco: conhe\u00e7a a West","datePublished":"2025-08-11T14:04:37+00:00","dateModified":"2025-08-11T14:05:36+00:00","mainEntityOfPage":{"@id":"https:\/\/www.westcorteedobra.com.br\/blog\/2025\/08\/11\/empresa-de-corte-em-guilhotina-em-osasco-conheca-a-west\/"},"wordCount":898,"commentCount":0,"publisher":{"@id":"https:\/\/www.westcorteedobra.com.br\/blog\/#organization"},"image":{"@id":"https:\/\/www.westcorteedobra.com.br\/blog\/2025\/08\/11\/empresa-de-corte-em-guilhotina-em-osasco-conheca-a-west\/#primaryimage"},"thumbnailUrl":"https:\/\/www.westcorteedobra.com.br\/blog\/wp-content\/uploads\/2025\/08\/corte-guilhotina-1-1.webp","keywords":["como funciona corte em guilhotina","Corte de chapas met\u00e1licas","corte e dobra de alum\u00ednio","corte e dobra de chapas sob medida","corte e dobra de inox","corte e dobra em Osasco","corte e dobra para ind\u00fastrias","corte em guilhotina","corte em guilhotina com precis\u00e3o","corte em guilhotina profissional","corte em guilhotina sob medida","empresa de corte de a\u00e7o carbono","empresa de corte de a\u00e7o inox","empresa de corte e dobra de precis\u00e3o","empresa de corte em guilhotina","empresa de corte em guilhotina atende constru\u00e7\u00e3o civil?","empresa de corte em guilhotina atende em Osasco?","empresa de corte em guilhotina atende emerg\u00eancias?","empresa de corte em guilhotina atende pequenos lotes?","empresa de corte em guilhotina \u00e9 confi\u00e1vel?","empresa de corte em guilhotina \u00e9 indicada para produ\u00e7\u00e3o em s\u00e9rie?","empresa de corte em guilhotina em Osasco","empresa de corte em guilhotina entrega r\u00e1pido?","empresa de corte em guilhotina faz corte r\u00e1pido?","empresa de corte em guilhotina garante precis\u00e3o?","empresa de corte em guilhotina oferece acabamento de qualidade?","empresa de corte em guilhotina oferece consultoria t\u00e9cnica?","empresa de corte em guilhotina oferece suporte?","empresa de corte em guilhotina tem atendimento personalizado?","empresa de corte em guilhotina tem bom custo-benef\u00edcio?","empresa de corte em guilhotina tem corte sob medida?","empresa de corte em guilhotina tem entrega para ind\u00fastrias?","empresa de corte em guilhotina trabalha com a\u00e7o carbono?","empresa de corte em guilhotina trabalha com alum\u00ednio?","empresa de corte em guilhotina trabalha com inox?","empresa de corte em guilhotina usa m\u00e1quinas modernas?","empresa de corte industrial","empresa de corte met\u00e1lico","melhor empresa de corte em guilhotina","onde contratar corte em guilhotina","qual o prazo de entrega da empresa de corte em guilhotina?","quanto custa corte em guilhotina","quem faz corte em guilhotina","servi\u00e7o de corte e dobra","servi\u00e7o de corte r\u00e1pido","vantagens do corte em guilhotina"],"articleSection":["Corte em guilhotina","Corte em guilhotina de a\u00e7o inox","Corte em guilhotina de alum\u00ednio"],"inLanguage":"pt-BR","potentialAction":[{"@type":"CommentAction","name":"Comment","target":["https:\/\/www.westcorteedobra.com.br\/blog\/2025\/08\/11\/empresa-de-corte-em-guilhotina-em-osasco-conheca-a-west\/#respond"]}]},{"@type":"WebPage","@id":"https:\/\/www.westcorteedobra.com.br\/blog\/2025\/08\/11\/empresa-de-corte-em-guilhotina-em-osasco-conheca-a-west\/","url":"https:\/\/www.westcorteedobra.com.br\/blog\/2025\/08\/11\/empresa-de-corte-em-guilhotina-em-osasco-conheca-a-west\/","name":"Empresa de corte em guilhotina em Osasco: conhe\u00e7a a West","isPartOf":{"@id":"https:\/\/www.westcorteedobra.com.br\/blog\/#website"},"primaryImageOfPage":{"@id":"https:\/\/www.westcorteedobra.com.br\/blog\/2025\/08\/11\/empresa-de-corte-em-guilhotina-em-osasco-conheca-a-west\/#primaryimage"},"image":{"@id":"https:\/\/www.westcorteedobra.com.br\/blog\/2025\/08\/11\/empresa-de-corte-em-guilhotina-em-osasco-conheca-a-west\/#primaryimage"},"thumbnailUrl":"https:\/\/www.westcorteedobra.com.br\/blog\/wp-content\/uploads\/2025\/08\/corte-guilhotina-1-1.webp","datePublished":"2025-08-11T14:04:37+00:00","dateModified":"2025-08-11T14:05:36+00:00","description":"Solu\u00e7\u00f5es precisas e \u00e1geis em corte e dobra de chapas met\u00e1licas com qualidade e inova\u00e7\u00e3o para atender diferentes demandas industriais.","breadcrumb":{"@id":"https:\/\/www.westcorteedobra.com.br\/blog\/2025\/08\/11\/empresa-de-corte-em-guilhotina-em-osasco-conheca-a-west\/#breadcrumb"},"inLanguage":"pt-BR","potentialAction":[{"@type":"ReadAction","target":["https:\/\/www.westcorteedobra.com.br\/blog\/2025\/08\/11\/empresa-de-corte-em-guilhotina-em-osasco-conheca-a-west\/"]}]},{"@type":"ImageObject","inLanguage":"pt-BR","@id":"https:\/\/www.westcorteedobra.com.br\/blog\/2025\/08\/11\/empresa-de-corte-em-guilhotina-em-osasco-conheca-a-west\/#primaryimage","url":"https:\/\/www.westcorteedobra.com.br\/blog\/wp-content\/uploads\/2025\/08\/corte-guilhotina-1-1.webp","contentUrl":"https:\/\/www.westcorteedobra.com.br\/blog\/wp-content\/uploads\/2025\/08\/corte-guilhotina-1-1.webp","width":500,"height":400,"caption":"Empresa de corte em guilhotina em Osasco: conhe\u00e7a a West"},{"@type":"BreadcrumbList","@id":"https:\/\/www.westcorteedobra.com.br\/blog\/2025\/08\/11\/empresa-de-corte-em-guilhotina-em-osasco-conheca-a-west\/#breadcrumb","itemListElement":[{"@type":"ListItem","position":1,"name":"Home","item":"https:\/\/www.westcorteedobra.com.br\/blog\/"},{"@type":"ListItem","position":2,"name":"Empresa de corte em guilhotina em Osasco: conhe\u00e7a a West"}]},{"@type":"WebSite","@id":"https:\/\/www.westcorteedobra.com.br\/blog\/#website","url":"https:\/\/www.westcorteedobra.com.br\/blog\/","name":"Blog West Corte e Dobra","description":"","publisher":{"@id":"https:\/\/www.westcorteedobra.com.br\/blog\/#organization"},"potentialAction":[{"@type":"SearchAction","target":{"@type":"EntryPoint","urlTemplate":"https:\/\/www.westcorteedobra.com.br\/blog\/?s={search_term_string}"},"query-input":{"@type":"PropertyValueSpecification","valueRequired":true,"valueName":"search_term_string"}}],"inLanguage":"pt-BR"},{"@type":"Organization","@id":"https:\/\/www.westcorteedobra.com.br\/blog\/#organization","name":"Blog West Corte e Dobra","url":"https:\/\/www.westcorteedobra.com.br\/blog\/","logo":{"@type":"ImageObject","inLanguage":"pt-BR","@id":"https:\/\/www.westcorteedobra.com.br\/blog\/#\/schema\/logo\/image\/","url":"https:\/\/www.westcorteedobra.com.br\/blog\/wp-content\/uploads\/2024\/10\/logo-2.webp","contentUrl":"https:\/\/www.westcorteedobra.com.br\/blog\/wp-content\/uploads\/2024\/10\/logo-2.webp","width":1200,"height":280,"caption":"Blog West Corte e Dobra"},"image":{"@id":"https:\/\/www.westcorteedobra.com.br\/blog\/#\/schema\/logo\/image\/"}},{"@type":"Person","@id":"https:\/\/www.westcorteedobra.com.br\/blog\/#\/schema\/person\/5c41559f9b03b4970e7a15a2bb78ca16","name":"admin","image":{"@type":"ImageObject","inLanguage":"pt-BR","@id":"https:\/\/www.westcorteedobra.com.br\/blog\/#\/schema\/person\/image\/","url":"https:\/\/secure.gravatar.com\/avatar\/4f64c9f81bb0d4ee969aaf7b4a5a6f40?s=96&d=mm&r=g","contentUrl":"https:\/\/secure.gravatar.com\/avatar\/4f64c9f81bb0d4ee969aaf7b4a5a6f40?s=96&d=mm&r=g","caption":"admin"},"sameAs":["https:\/\/www.westcorteedobra.com.br\/blog"],"url":"https:\/\/www.westcorteedobra.com.br\/blog\/author\/admin\/"}]}},"_links":{"self":[{"href":"https:\/\/www.westcorteedobra.com.br\/blog\/wp-json\/wp\/v2\/posts\/375"}],"collection":[{"href":"https:\/\/www.westcorteedobra.com.br\/blog\/wp-json\/wp\/v2\/posts"}],"about":[{"href":"https:\/\/www.westcorteedobra.com.br\/blog\/wp-json\/wp\/v2\/types\/post"}],"author":[{"embeddable":true,"href":"https:\/\/www.westcorteedobra.com.br\/blog\/wp-json\/wp\/v2\/users\/1"}],"replies":[{"embeddable":true,"href":"https:\/\/www.westcorteedobra.com.br\/blog\/wp-json\/wp\/v2\/comments?post=375"}],"version-history":[{"count":1,"href":"https:\/\/www.westcorteedobra.com.br\/blog\/wp-json\/wp\/v2\/posts\/375\/revisions"}],"predecessor-version":[{"id":377,"href":"https:\/\/www.westcorteedobra.com.br\/blog\/wp-json\/wp\/v2\/posts\/375\/revisions\/377"}],"wp:featuredmedia":[{"embeddable":true,"href":"https:\/\/www.westcorteedobra.com.br\/blog\/wp-json\/wp\/v2\/media\/376"}],"wp:attachment":[{"href":"https:\/\/www.westcorteedobra.com.br\/blog\/wp-json\/wp\/v2\/media?parent=375"}],"wp:term":[{"taxonomy":"category","embeddable":true,"href":"https:\/\/www.westcorteedobra.com.br\/blog\/wp-json\/wp\/v2\/categories?post=375"},{"taxonomy":"post_tag","embeddable":true,"href":"https:\/\/www.westcorteedobra.com.br\/blog\/wp-json\/wp\/v2\/tags?post=375"}],"curies":[{"name":"wp","href":"https:\/\/api.w.org\/{rel}","templated":true}]}}