{"id":368,"date":"2026-03-06T09:39:59","date_gmt":"2026-03-06T12:39:59","guid":{"rendered":"https:\/\/www.westcorteedobra.com.br\/blog\/?p=368"},"modified":"2026-03-06T11:28:39","modified_gmt":"2026-03-06T14:28:39","slug":"solucoes-em-cortes-de-chapa-de-aco-em-sao-paulo","status":"publish","type":"post","link":"https:\/\/www.westcorteedobra.com.br\/blog\/2026\/03\/06\/solucoes-em-cortes-de-chapa-de-aco-em-sao-paulo\/","title":{"rendered":"Solu\u00e7\u00f5es em cortes de chapa de a\u00e7o em S\u00e3o Paulo"},"content":{"rendered":"\n<p class=\"has-medium-font-size\"><strong><em>Solu\u00e7\u00f5es inteligentes e \u00e1geis em cortes de chapa com tecnologia de ponta e atendimento especializado para projetos industriais em S\u00e3o Paulo.<\/em><\/strong><\/p>\n\n\n\n<p>No setor industrial, a precis\u00e3o e a agilidade no manuseio de materiais fazem toda a diferen\u00e7a na produtividade. \u00c9 por isso que os cortes de chapa v\u00eam ganhando cada vez mais espa\u00e7o como solu\u00e7\u00e3o eficiente para projetos met\u00e1licos de diferentes escalas.<\/p>\n\n\n\n<p>Com tecnologias cada vez mais modernas e empresas especializadas atuando em S\u00e3o Paulo, o servi\u00e7o de corte se tornou mais acess\u00edvel, r\u00e1pido e adaptado \u00e0s demandas espec\u00edficas do mercado. Escolher um fornecedor confi\u00e1vel \u00e9 uma etapa estrat\u00e9gica para quem busca reduzir custos e evitar retrabalhos.<\/p>\n\n\n\n<ul class=\"wp-block-list\">\n<li><a href=\"https:\/\/www.westcorteedobra.com.br\/blog\/2025\/07\/07\/descubra-como-funciona-o-corte-a-plasma-em-5-minutos\/\" target=\"_blank\" rel=\"noreferrer noopener\">Descubra como funciona o corte a plasma em 5 minutos<\/a><\/li>\n<\/ul>\n\n\n\n<h2 class=\"wp-block-heading\">Corte de chapa de a\u00e7o sob medida para demandas industriais<\/h2>\n\n\n\n<p>O corte sob medida \u00e9 uma das solu\u00e7\u00f5es mais buscadas por empresas que trabalham com estruturas met\u00e1licas, pe\u00e7as t\u00e9cnicas e montagens industriais. <strong>Essa modalidade permite que cada projeto seja executado com mais exatid\u00e3o, respeitando as dimens\u00f5es e especifica\u00e7\u00f5es exigidas pelo cliente<\/strong>.<\/p>\n\n\n\n<p><strong>A grande vantagem desse tipo de corte \u00e9 a redu\u00e7\u00e3o de desperd\u00edcio de material, o que impacta diretamente nos custos de produ\u00e7\u00e3o<\/strong>. Ao eliminar etapas desnecess\u00e1rias de retrabalho, o servi\u00e7o sob medida garante mais agilidade na cadeia produtiva e maior padroniza\u00e7\u00e3o nas pe\u00e7as entregues.<\/p>\n\n\n\n<p><strong>Al\u00e9m disso, o corte personalizado permite maior controle sobre o design das pe\u00e7as, tornando-o ideal para projetos arquitet\u00f4nicos, esquadrias, caldeirarias e m\u00e1quinas industriais<\/strong>. Tudo isso sem comprometer a resist\u00eancia e a funcionalidade das chapas de a\u00e7o.<\/p>\n\n\n\n<ul class=\"wp-block-list\">\n<li><a href=\"https:\/\/www.westcorteedobra.com.br\/blog\/2025\/06\/27\/entenda-as-aplicacoes-da-dobra-de-aco-na-industria\/\" target=\"_blank\" rel=\"noreferrer noopener\">Entenda as aplica\u00e7\u00f5es da dobra de a\u00e7o na ind\u00fastria<\/a><\/li>\n<\/ul>\n\n\n\n<h2 class=\"wp-block-heading\">Corte a laser em chapas de a\u00e7o com excelente qualidade e versatilidade<\/h2>\n\n\n\n<p>Entre as tecnologias dispon\u00edveis no mercado, o corte a laser \u00e9 uma das mais modernas e eficientes para chapas met\u00e1licas. <strong>A t\u00e9cnica consiste no uso de um feixe de laser controlado por computador, que realiza cortes finos, bem definidos e com excelente acabamento superficial<\/strong>.<\/p>\n\n\n\n<p><strong>Apesar de n\u00e3o garantir 100% de precis\u00e3o, esse tipo de corte atende com efici\u00eancia \u00e0s exig\u00eancias de grande parte dos projetos industriais<\/strong>. Ele se destaca pela versatilidade, sendo capaz de cortar formas complexas, furos e contornos com menos desgaste do material.<\/p>\n\n\n\n<p><strong>O corte a laser \u00e9 amplamente utilizado em setores como automotivo, naval, aeroespacial, mobili\u00e1rio met\u00e1lico e constru\u00e7\u00e3o civil<\/strong>. Al\u00e9m disso, \u00e9 compat\u00edvel com diferentes tipos de a\u00e7o, incluindo a\u00e7o inox e galvanizado, o que amplia suas aplica\u00e7\u00f5es.<\/p>\n\n\n\n<h2 class=\"wp-block-heading\">Atendimento \u00e1gil e solu\u00e7\u00f5es completas em corte e dobra<\/h2>\n\n\n\n<p><strong>Mais do que oferecer apenas cortes de chapa, empresas especializadas como a West Corte e Dobra entregam solu\u00e7\u00f5es completas, integrando tamb\u00e9m o servi\u00e7o de dobra de chapas met\u00e1licas<\/strong>. Essa combina\u00e7\u00e3o reduz etapas do processo industrial e proporciona mais efici\u00eancia ao cliente.<\/p>\n\n\n\n<p><strong>A agilidade no atendimento \u00e9 um dos principais diferenciais desse tipo de servi\u00e7o<\/strong>. Com prazos curtos, respostas r\u00e1pidas e produ\u00e7\u00e3o organizada, a entrega de pe\u00e7as prontas para uso se torna um grande benef\u00edcio competitivo.<\/p>\n\n\n\n<p><strong>Ter um parceiro que ofere\u00e7a corte e dobra no mesmo processo tamb\u00e9m permite melhor planejamento de produ\u00e7\u00e3o, com redu\u00e7\u00e3o de falhas de comunica\u00e7\u00e3o entre fornecedores e diminui\u00e7\u00e3o de custos log\u00edsticos<\/strong>. Essa sinergia \u00e9 essencial para empresas que precisam manter a produ\u00e7\u00e3o em ritmo acelerado.<\/p>\n\n\n\n<h1 class=\"wp-block-heading\">A West Corte e Dobra \u00e9 sua parceira ideal em projetos met\u00e1licos<\/h1>\n\n\n\n<p>A <strong><em><a href=\"https:\/\/www.westcorteedobra.com.br\/\" target=\"_blank\" rel=\"noreferrer noopener\">West Corte e Dobra<\/a><\/em><\/strong> \u00e9 uma empresa comprometida em oferecer solu\u00e7\u00f5es de alta qualidade no corte e dobra de chapas met\u00e1licas. Nossa miss\u00e3o \u00e9 otimizar os processos dos nossos clientes, reduzindo custos e garantindo agilidade em cada servi\u00e7o.<\/p>\n\n\n\n<p>Com um foco constante em inova\u00e7\u00e3o e excel\u00eancia, nos esfor\u00e7amos para superar as expectativas e construir rela\u00e7\u00f5es de confian\u00e7a duradouras. Nosso atendimento consultivo e personalizado \u00e9 pensado para empresas que valorizam qualidade, prazos e resultado.<\/p>\n\n\n\n<p>Seja em a\u00e7o carbono, inox ou alum\u00ednio, somos a escolha certa para quem busca efici\u00eancia e resultados comprovados. Se voc\u00ea procura um servi\u00e7o de corte a laser em S\u00e3o Paulo, a West est\u00e1 pronta para atender seu projeto com profissionalismo e comprometimento.<\/p>\n\n\n\n<h2 class=\"wp-block-heading\">Corte sob medida, efici\u00eancia m\u00e1xima: leve sua produ\u00e7\u00e3o ao pr\u00f3ximo n\u00edvel<\/h2>\n\n\n\n<p>Os cortes de chapa desempenham um papel fundamental na ind\u00fastria moderna, otimizando recursos e garantindo alta performance em diferentes segmentos. Seja por meio do corte a laser, da dobra integrada ou do atendimento sob medida, contar com especialistas faz toda a diferen\u00e7a.<\/p>\n\n\n\n<p>A West Corte e Dobra \u00e9 refer\u00eancia quando o assunto \u00e9 servi\u00e7o de corte a laser em S\u00e3o Paulo, oferecendo solu\u00e7\u00f5es que unem tecnologia, qualidade e agilidade. Se voc\u00ea busca uma parceira que entregue mais do que chapas cortadas, fale com a West agora mesmo.<\/p>\n\n\n\n<p><strong><a href=\"https:\/\/www.westcorteedobra.com.br\/fale-conosco\" target=\"_blank\" rel=\"noreferrer noopener\">Solicite seu or\u00e7amento<\/a> e descubra como sua empresa pode ganhar em produtividade e competitividade.<\/strong><\/p>\n","protected":false},"excerpt":{"rendered":"<p>Solu\u00e7\u00f5es inteligentes e \u00e1geis em cortes de chapa com tecnologia de ponta e atendimento especializado para projetos industriais em S\u00e3o Paulo. No setor industrial, a precis\u00e3o e a agilidade no manuseio de materiais fazem toda a diferen\u00e7a na produtividade. \u00c9 por isso que os cortes de chapa v\u00eam ganhando cada vez mais espa\u00e7o como solu\u00e7\u00e3o &hellip; <\/p>\n","protected":false},"author":1,"featured_media":369,"comment_status":"open","ping_status":"open","sticky":false,"template":"","format":"standard","meta":{"footnotes":""},"categories":[102,2356,832,1016,2305,1998,949,1886],"tags":[2781,2763,2766,103,2770,2771,2778,2789,2784,2769,54,2788,2786,39,2767,2782,2790,2787,2785,1758,169,2779,2758,2760,2755,2757,2756,2764,2762,2759,1905,2761,2780,2774,788,2765,2777,2772,2768,2773,2783,2775,302,2776,2558,2528,343],"class_list":["post-368","post","type-post","status-publish","format-standard","has-post-thumbnail","hentry","category-corte-a-laser","category-corte-a-laser-chapa-de-aco","category-corte-a-laser-em-aluminio","category-corte-a-laser-em-inox","category-corte-a-laser-para-metais","category-corte-de-aco","category-corte-de-aco-carbono","category-corte-de-chapas-de-aco","tag-chapa-de-aco-pode-ser-personalizada","tag-como-cortar-chapas-de-aco","tag-como-funciona-o-corte-de-chapa","tag-corte-a-laser","tag-corte-a-laser-e-preciso","tag-corte-a-laser-e-rapido","tag-corte-a-laser-gasta-menos-material","tag-corte-a-laser-para-industria-naval","tag-corte-a-laser-para-moveis-metalicos","tag-corte-a-laser-vale-a-pena","tag-corte-de-aco-carbono","tag-corte-de-aco-com-acabamento-bom","tag-corte-de-aco-galvanizado-e-possivel","tag-corte-de-aco-inox","tag-corte-de-chapa-e-eficiente","tag-corte-de-chapa-para-arquitetura","tag-corte-de-chapa-para-automacao","tag-corte-de-chapa-para-estruturas","tag-corte-de-chapas-metalicas-decorativas","tag-corte-de-chapas-para-caldeiraria","tag-corte-e-dobra-de-chapas","tag-corte-sob-medida-e-mais-barato","tag-cortes-a-laser-de-chapa-de-aco","tag-cortes-de-aco-industriais","tag-cortes-de-chapa","tag-cortes-de-chapa-de-aco","tag-cortes-de-chapa-sob-medida","tag-cortes-industriais-em-aco","tag-dobra-de-chapas-de-aco","tag-empresa-de-corte-de-chapa-sp","tag-empresa-de-corte-e-dobra","tag-fornecedor-de-corte-a-laser-sp","tag-o-que-e-corte-industrial","tag-onde-cortar-chapa-de-aco-em-sp","tag-precisao-no-corte-de-chapas","tag-quais-as-vantagens-do-corte-a-laser","tag-quais-setores-usam-corte-de-chapa","tag-qual-empresa-faz-corte-a-laser-em-sp","tag-qual-o-melhor-tipo-de-corte-de-aco","tag-quem-faz-corte-de-chapa-em-sao-paulo","tag-quem-fornece-corte-de-chapa-tecnica","tag-quem-oferece-corte-e-dobra-de-chapas","tag-servico-de-corte-a-laser-em-sao-paulo","tag-servico-de-corte-e-dobra-e-vantajoso","tag-servico-de-dobra-metalica","tag-solucoes-em-aco","tag-solucoes-em-corte-metalico","latest_post"],"yoast_head":"<!-- This site is optimized with the Yoast SEO plugin v25.2 - https:\/\/yoast.com\/wordpress\/plugins\/seo\/ -->\n<title>Solu\u00e7\u00f5es em cortes de chapa de a\u00e7o em S\u00e3o Paulo<\/title>\n<meta name=\"description\" content=\"Solu\u00e7\u00f5es inteligentes e \u00e1geis em cortes de chapa com tecnologia de ponta e atendimento especializado para projetos industriais em S\u00e3o Paulo.\" \/>\n<meta name=\"robots\" content=\"index, follow, max-snippet:-1, max-image-preview:large, max-video-preview:-1\" \/>\n<link rel=\"canonical\" href=\"https:\/\/www.westcorteedobra.com.br\/blog\/2026\/03\/06\/solucoes-em-cortes-de-chapa-de-aco-em-sao-paulo\/\" \/>\n<meta property=\"og:locale\" content=\"pt_BR\" \/>\n<meta property=\"og:type\" content=\"article\" \/>\n<meta property=\"og:title\" content=\"Solu\u00e7\u00f5es em cortes de chapa de a\u00e7o em S\u00e3o Paulo\" \/>\n<meta property=\"og:description\" content=\"Solu\u00e7\u00f5es inteligentes e \u00e1geis em cortes de chapa com tecnologia de ponta e atendimento especializado para projetos industriais em S\u00e3o Paulo.\" \/>\n<meta property=\"og:url\" content=\"https:\/\/www.westcorteedobra.com.br\/blog\/2026\/03\/06\/solucoes-em-cortes-de-chapa-de-aco-em-sao-paulo\/\" \/>\n<meta property=\"og:site_name\" content=\"Blog West Corte e Dobra\" \/>\n<meta property=\"article:published_time\" content=\"2026-03-06T12:39:59+00:00\" \/>\n<meta property=\"article:modified_time\" content=\"2026-03-06T14:28:39+00:00\" \/>\n<meta property=\"og:image\" content=\"https:\/\/www.westcorteedobra.com.br\/blog\/wp-content\/uploads\/2025\/08\/corte-laser-aco-inox.webp\" \/>\n\t<meta property=\"og:image:width\" content=\"800\" \/>\n\t<meta property=\"og:image:height\" content=\"450\" \/>\n\t<meta property=\"og:image:type\" content=\"image\/webp\" \/>\n<meta name=\"author\" content=\"admin\" \/>\n<meta name=\"twitter:card\" content=\"summary_large_image\" \/>\n<meta name=\"twitter:label1\" content=\"Written by\" \/>\n\t<meta name=\"twitter:data1\" content=\"admin\" \/>\n\t<meta name=\"twitter:label2\" content=\"Est. reading time\" \/>\n\t<meta name=\"twitter:data2\" content=\"5 minutos\" \/>\n<script type=\"application\/ld+json\" class=\"yoast-schema-graph\">{\"@context\":\"https:\/\/schema.org\",\"@graph\":[{\"@type\":\"Article\",\"@id\":\"https:\/\/www.westcorteedobra.com.br\/blog\/2026\/03\/06\/solucoes-em-cortes-de-chapa-de-aco-em-sao-paulo\/#article\",\"isPartOf\":{\"@id\":\"https:\/\/www.westcorteedobra.com.br\/blog\/2026\/03\/06\/solucoes-em-cortes-de-chapa-de-aco-em-sao-paulo\/\"},\"author\":{\"name\":\"admin\",\"@id\":\"https:\/\/www.westcorteedobra.com.br\/blog\/#\/schema\/person\/5c41559f9b03b4970e7a15a2bb78ca16\"},\"headline\":\"Solu\u00e7\u00f5es em cortes de chapa de a\u00e7o em S\u00e3o Paulo\",\"datePublished\":\"2026-03-06T12:39:59+00:00\",\"dateModified\":\"2026-03-06T14:28:39+00:00\",\"mainEntityOfPage\":{\"@id\":\"https:\/\/www.westcorteedobra.com.br\/blog\/2026\/03\/06\/solucoes-em-cortes-de-chapa-de-aco-em-sao-paulo\/\"},\"wordCount\":857,\"commentCount\":0,\"publisher\":{\"@id\":\"https:\/\/www.westcorteedobra.com.br\/blog\/#organization\"},\"image\":{\"@id\":\"https:\/\/www.westcorteedobra.com.br\/blog\/2026\/03\/06\/solucoes-em-cortes-de-chapa-de-aco-em-sao-paulo\/#primaryimage\"},\"thumbnailUrl\":\"https:\/\/www.westcorteedobra.com.br\/blog\/wp-content\/uploads\/2025\/08\/corte-laser-aco-inox.webp\",\"keywords\":[\"chapa de a\u00e7o pode ser personalizada?\",\"como cortar chapas de a\u00e7o\",\"como funciona o corte de chapa?\",\"corte a laser\",\"corte a laser \u00e9 preciso?\",\"corte a laser \u00e9 r\u00e1pido?\",\"corte a laser gasta menos material?\",\"corte a laser para ind\u00fastria naval?\",\"corte a laser para m\u00f3veis met\u00e1licos?\",\"corte a laser vale a pena?\",\"Corte de a\u00e7o carbono\",\"corte de a\u00e7o com acabamento bom?\",\"corte de a\u00e7o galvanizado \u00e9 poss\u00edvel?\",\"Corte de a\u00e7o inox\",\"corte de chapa \u00e9 eficiente?\",\"corte de chapa para arquitetura?\",\"corte de chapa para automa\u00e7\u00e3o?\",\"corte de chapa para estruturas?\",\"corte de chapas met\u00e1licas decorativas?\",\"corte de chapas para caldeiraria\",\"corte e dobra de chapas\",\"corte sob medida \u00e9 mais barato?\",\"cortes a laser de chapa de a\u00e7o\",\"cortes de a\u00e7o industriais\",\"cortes de chapa\",\"cortes de chapa de a\u00e7o\",\"cortes de chapa sob medida\",\"cortes industriais em a\u00e7o\",\"dobra de chapas de a\u00e7o\",\"empresa de corte de chapa SP\",\"empresa de corte e dobra\",\"fornecedor de corte a laser SP\",\"o que \u00e9 corte industrial?\",\"onde cortar chapa de a\u00e7o em SP?\",\"precis\u00e3o no corte de chapas\",\"quais as vantagens do corte a laser?\",\"quais setores usam corte de chapa?\",\"qual empresa faz corte a laser em SP?\",\"qual o melhor tipo de corte de a\u00e7o?\",\"quem faz corte de chapa em S\u00e3o Paulo?\",\"quem fornece corte de chapa t\u00e9cnica?\",\"quem oferece corte e dobra de chapas?\",\"servi\u00e7o de corte a laser em s\u00e3o paulo\",\"servi\u00e7o de corte e dobra \u00e9 vantajoso?\",\"servi\u00e7o de dobra met\u00e1lica\",\"solu\u00e7\u00f5es em a\u00e7o\",\"solu\u00e7\u00f5es em corte met\u00e1lico\"],\"articleSection\":[\"Corte a laser\",\"Corte a laser chapa de a\u00e7o\",\"Corte a laser em alum\u00ednio\",\"Corte a laser em inox\",\"Corte a laser para metais\",\"Corte de a\u00e7o\",\"Corte de a\u00e7o carbono\",\"Corte de chapas de a\u00e7o\"],\"inLanguage\":\"pt-BR\",\"potentialAction\":[{\"@type\":\"CommentAction\",\"name\":\"Comment\",\"target\":[\"https:\/\/www.westcorteedobra.com.br\/blog\/2026\/03\/06\/solucoes-em-cortes-de-chapa-de-aco-em-sao-paulo\/#respond\"]}]},{\"@type\":\"WebPage\",\"@id\":\"https:\/\/www.westcorteedobra.com.br\/blog\/2026\/03\/06\/solucoes-em-cortes-de-chapa-de-aco-em-sao-paulo\/\",\"url\":\"https:\/\/www.westcorteedobra.com.br\/blog\/2026\/03\/06\/solucoes-em-cortes-de-chapa-de-aco-em-sao-paulo\/\",\"name\":\"Solu\u00e7\u00f5es em cortes de chapa de a\u00e7o em S\u00e3o Paulo\",\"isPartOf\":{\"@id\":\"https:\/\/www.westcorteedobra.com.br\/blog\/#website\"},\"primaryImageOfPage\":{\"@id\":\"https:\/\/www.westcorteedobra.com.br\/blog\/2026\/03\/06\/solucoes-em-cortes-de-chapa-de-aco-em-sao-paulo\/#primaryimage\"},\"image\":{\"@id\":\"https:\/\/www.westcorteedobra.com.br\/blog\/2026\/03\/06\/solucoes-em-cortes-de-chapa-de-aco-em-sao-paulo\/#primaryimage\"},\"thumbnailUrl\":\"https:\/\/www.westcorteedobra.com.br\/blog\/wp-content\/uploads\/2025\/08\/corte-laser-aco-inox.webp\",\"datePublished\":\"2026-03-06T12:39:59+00:00\",\"dateModified\":\"2026-03-06T14:28:39+00:00\",\"description\":\"Solu\u00e7\u00f5es inteligentes e \u00e1geis em cortes de chapa com tecnologia de ponta e atendimento especializado para projetos industriais em S\u00e3o Paulo.\",\"breadcrumb\":{\"@id\":\"https:\/\/www.westcorteedobra.com.br\/blog\/2026\/03\/06\/solucoes-em-cortes-de-chapa-de-aco-em-sao-paulo\/#breadcrumb\"},\"inLanguage\":\"pt-BR\",\"potentialAction\":[{\"@type\":\"ReadAction\",\"target\":[\"https:\/\/www.westcorteedobra.com.br\/blog\/2026\/03\/06\/solucoes-em-cortes-de-chapa-de-aco-em-sao-paulo\/\"]}]},{\"@type\":\"ImageObject\",\"inLanguage\":\"pt-BR\",\"@id\":\"https:\/\/www.westcorteedobra.com.br\/blog\/2026\/03\/06\/solucoes-em-cortes-de-chapa-de-aco-em-sao-paulo\/#primaryimage\",\"url\":\"https:\/\/www.westcorteedobra.com.br\/blog\/wp-content\/uploads\/2025\/08\/corte-laser-aco-inox.webp\",\"contentUrl\":\"https:\/\/www.westcorteedobra.com.br\/blog\/wp-content\/uploads\/2025\/08\/corte-laser-aco-inox.webp\",\"width\":800,\"height\":450,\"caption\":\"Conte com as melhores solu\u00e7\u00f5es em corte e dobra\"},{\"@type\":\"BreadcrumbList\",\"@id\":\"https:\/\/www.westcorteedobra.com.br\/blog\/2026\/03\/06\/solucoes-em-cortes-de-chapa-de-aco-em-sao-paulo\/#breadcrumb\",\"itemListElement\":[{\"@type\":\"ListItem\",\"position\":1,\"name\":\"Home\",\"item\":\"https:\/\/www.westcorteedobra.com.br\/blog\/\"},{\"@type\":\"ListItem\",\"position\":2,\"name\":\"Solu\u00e7\u00f5es em cortes de chapa de a\u00e7o em S\u00e3o Paulo\"}]},{\"@type\":\"WebSite\",\"@id\":\"https:\/\/www.westcorteedobra.com.br\/blog\/#website\",\"url\":\"https:\/\/www.westcorteedobra.com.br\/blog\/\",\"name\":\"Blog West Corte e Dobra\",\"description\":\"\",\"publisher\":{\"@id\":\"https:\/\/www.westcorteedobra.com.br\/blog\/#organization\"},\"potentialAction\":[{\"@type\":\"SearchAction\",\"target\":{\"@type\":\"EntryPoint\",\"urlTemplate\":\"https:\/\/www.westcorteedobra.com.br\/blog\/?s={search_term_string}\"},\"query-input\":{\"@type\":\"PropertyValueSpecification\",\"valueRequired\":true,\"valueName\":\"search_term_string\"}}],\"inLanguage\":\"pt-BR\"},{\"@type\":\"Organization\",\"@id\":\"https:\/\/www.westcorteedobra.com.br\/blog\/#organization\",\"name\":\"Blog West Corte e Dobra\",\"url\":\"https:\/\/www.westcorteedobra.com.br\/blog\/\",\"logo\":{\"@type\":\"ImageObject\",\"inLanguage\":\"pt-BR\",\"@id\":\"https:\/\/www.westcorteedobra.com.br\/blog\/#\/schema\/logo\/image\/\",\"url\":\"https:\/\/www.westcorteedobra.com.br\/blog\/wp-content\/uploads\/2024\/10\/logo-2.webp\",\"contentUrl\":\"https:\/\/www.westcorteedobra.com.br\/blog\/wp-content\/uploads\/2024\/10\/logo-2.webp\",\"width\":1200,\"height\":280,\"caption\":\"Blog West Corte e Dobra\"},\"image\":{\"@id\":\"https:\/\/www.westcorteedobra.com.br\/blog\/#\/schema\/logo\/image\/\"}},{\"@type\":\"Person\",\"@id\":\"https:\/\/www.westcorteedobra.com.br\/blog\/#\/schema\/person\/5c41559f9b03b4970e7a15a2bb78ca16\",\"name\":\"admin\",\"image\":{\"@type\":\"ImageObject\",\"inLanguage\":\"pt-BR\",\"@id\":\"https:\/\/www.westcorteedobra.com.br\/blog\/#\/schema\/person\/image\/\",\"url\":\"https:\/\/secure.gravatar.com\/avatar\/4f64c9f81bb0d4ee969aaf7b4a5a6f40?s=96&d=mm&r=g\",\"contentUrl\":\"https:\/\/secure.gravatar.com\/avatar\/4f64c9f81bb0d4ee969aaf7b4a5a6f40?s=96&d=mm&r=g\",\"caption\":\"admin\"},\"sameAs\":[\"https:\/\/www.westcorteedobra.com.br\/blog\"],\"url\":\"https:\/\/www.westcorteedobra.com.br\/blog\/author\/admin\/\"}]}<\/script>\n<!-- \/ Yoast SEO plugin. -->","yoast_head_json":{"title":"Solu\u00e7\u00f5es em cortes de chapa de a\u00e7o em S\u00e3o Paulo","description":"Solu\u00e7\u00f5es inteligentes e \u00e1geis em cortes de chapa com tecnologia de ponta e atendimento especializado para projetos industriais em S\u00e3o Paulo.","robots":{"index":"index","follow":"follow","max-snippet":"max-snippet:-1","max-image-preview":"max-image-preview:large","max-video-preview":"max-video-preview:-1"},"canonical":"https:\/\/www.westcorteedobra.com.br\/blog\/2026\/03\/06\/solucoes-em-cortes-de-chapa-de-aco-em-sao-paulo\/","og_locale":"pt_BR","og_type":"article","og_title":"Solu\u00e7\u00f5es em cortes de chapa de a\u00e7o em S\u00e3o Paulo","og_description":"Solu\u00e7\u00f5es inteligentes e \u00e1geis em cortes de chapa com tecnologia de ponta e atendimento especializado para projetos industriais em S\u00e3o Paulo.","og_url":"https:\/\/www.westcorteedobra.com.br\/blog\/2026\/03\/06\/solucoes-em-cortes-de-chapa-de-aco-em-sao-paulo\/","og_site_name":"Blog West Corte e Dobra","article_published_time":"2026-03-06T12:39:59+00:00","article_modified_time":"2026-03-06T14:28:39+00:00","og_image":[{"width":800,"height":450,"url":"https:\/\/www.westcorteedobra.com.br\/blog\/wp-content\/uploads\/2025\/08\/corte-laser-aco-inox.webp","type":"image\/webp"}],"author":"admin","twitter_card":"summary_large_image","twitter_misc":{"Written by":"admin","Est. reading time":"5 minutos"},"schema":{"@context":"https:\/\/schema.org","@graph":[{"@type":"Article","@id":"https:\/\/www.westcorteedobra.com.br\/blog\/2026\/03\/06\/solucoes-em-cortes-de-chapa-de-aco-em-sao-paulo\/#article","isPartOf":{"@id":"https:\/\/www.westcorteedobra.com.br\/blog\/2026\/03\/06\/solucoes-em-cortes-de-chapa-de-aco-em-sao-paulo\/"},"author":{"name":"admin","@id":"https:\/\/www.westcorteedobra.com.br\/blog\/#\/schema\/person\/5c41559f9b03b4970e7a15a2bb78ca16"},"headline":"Solu\u00e7\u00f5es em cortes de chapa de a\u00e7o em S\u00e3o Paulo","datePublished":"2026-03-06T12:39:59+00:00","dateModified":"2026-03-06T14:28:39+00:00","mainEntityOfPage":{"@id":"https:\/\/www.westcorteedobra.com.br\/blog\/2026\/03\/06\/solucoes-em-cortes-de-chapa-de-aco-em-sao-paulo\/"},"wordCount":857,"commentCount":0,"publisher":{"@id":"https:\/\/www.westcorteedobra.com.br\/blog\/#organization"},"image":{"@id":"https:\/\/www.westcorteedobra.com.br\/blog\/2026\/03\/06\/solucoes-em-cortes-de-chapa-de-aco-em-sao-paulo\/#primaryimage"},"thumbnailUrl":"https:\/\/www.westcorteedobra.com.br\/blog\/wp-content\/uploads\/2025\/08\/corte-laser-aco-inox.webp","keywords":["chapa de a\u00e7o pode ser personalizada?","como cortar chapas de a\u00e7o","como funciona o corte de chapa?","corte a laser","corte a laser \u00e9 preciso?","corte a laser \u00e9 r\u00e1pido?","corte a laser gasta menos material?","corte a laser para ind\u00fastria naval?","corte a laser para m\u00f3veis met\u00e1licos?","corte a laser vale a pena?","Corte de a\u00e7o carbono","corte de a\u00e7o com acabamento bom?","corte de a\u00e7o galvanizado \u00e9 poss\u00edvel?","Corte de a\u00e7o inox","corte de chapa \u00e9 eficiente?","corte de chapa para arquitetura?","corte de chapa para automa\u00e7\u00e3o?","corte de chapa para estruturas?","corte de chapas met\u00e1licas decorativas?","corte de chapas para caldeiraria","corte e dobra de chapas","corte sob medida \u00e9 mais barato?","cortes a laser de chapa de a\u00e7o","cortes de a\u00e7o industriais","cortes de chapa","cortes de chapa de a\u00e7o","cortes de chapa sob medida","cortes industriais em a\u00e7o","dobra de chapas de a\u00e7o","empresa de corte de chapa SP","empresa de corte e dobra","fornecedor de corte a laser SP","o que \u00e9 corte industrial?","onde cortar chapa de a\u00e7o em SP?","precis\u00e3o no corte de chapas","quais as vantagens do corte a laser?","quais setores usam corte de chapa?","qual empresa faz corte a laser em SP?","qual o melhor tipo de corte de a\u00e7o?","quem faz corte de chapa em S\u00e3o Paulo?","quem fornece corte de chapa t\u00e9cnica?","quem oferece corte e dobra de chapas?","servi\u00e7o de corte a laser em s\u00e3o paulo","servi\u00e7o de corte e dobra \u00e9 vantajoso?","servi\u00e7o de dobra met\u00e1lica","solu\u00e7\u00f5es em a\u00e7o","solu\u00e7\u00f5es em corte met\u00e1lico"],"articleSection":["Corte a laser","Corte a laser chapa de a\u00e7o","Corte a laser em alum\u00ednio","Corte a laser em inox","Corte a laser para metais","Corte de a\u00e7o","Corte de a\u00e7o carbono","Corte de chapas de a\u00e7o"],"inLanguage":"pt-BR","potentialAction":[{"@type":"CommentAction","name":"Comment","target":["https:\/\/www.westcorteedobra.com.br\/blog\/2026\/03\/06\/solucoes-em-cortes-de-chapa-de-aco-em-sao-paulo\/#respond"]}]},{"@type":"WebPage","@id":"https:\/\/www.westcorteedobra.com.br\/blog\/2026\/03\/06\/solucoes-em-cortes-de-chapa-de-aco-em-sao-paulo\/","url":"https:\/\/www.westcorteedobra.com.br\/blog\/2026\/03\/06\/solucoes-em-cortes-de-chapa-de-aco-em-sao-paulo\/","name":"Solu\u00e7\u00f5es em cortes de chapa de a\u00e7o em S\u00e3o Paulo","isPartOf":{"@id":"https:\/\/www.westcorteedobra.com.br\/blog\/#website"},"primaryImageOfPage":{"@id":"https:\/\/www.westcorteedobra.com.br\/blog\/2026\/03\/06\/solucoes-em-cortes-de-chapa-de-aco-em-sao-paulo\/#primaryimage"},"image":{"@id":"https:\/\/www.westcorteedobra.com.br\/blog\/2026\/03\/06\/solucoes-em-cortes-de-chapa-de-aco-em-sao-paulo\/#primaryimage"},"thumbnailUrl":"https:\/\/www.westcorteedobra.com.br\/blog\/wp-content\/uploads\/2025\/08\/corte-laser-aco-inox.webp","datePublished":"2026-03-06T12:39:59+00:00","dateModified":"2026-03-06T14:28:39+00:00","description":"Solu\u00e7\u00f5es inteligentes e \u00e1geis em cortes de chapa com tecnologia de ponta e atendimento especializado para projetos industriais em S\u00e3o Paulo.","breadcrumb":{"@id":"https:\/\/www.westcorteedobra.com.br\/blog\/2026\/03\/06\/solucoes-em-cortes-de-chapa-de-aco-em-sao-paulo\/#breadcrumb"},"inLanguage":"pt-BR","potentialAction":[{"@type":"ReadAction","target":["https:\/\/www.westcorteedobra.com.br\/blog\/2026\/03\/06\/solucoes-em-cortes-de-chapa-de-aco-em-sao-paulo\/"]}]},{"@type":"ImageObject","inLanguage":"pt-BR","@id":"https:\/\/www.westcorteedobra.com.br\/blog\/2026\/03\/06\/solucoes-em-cortes-de-chapa-de-aco-em-sao-paulo\/#primaryimage","url":"https:\/\/www.westcorteedobra.com.br\/blog\/wp-content\/uploads\/2025\/08\/corte-laser-aco-inox.webp","contentUrl":"https:\/\/www.westcorteedobra.com.br\/blog\/wp-content\/uploads\/2025\/08\/corte-laser-aco-inox.webp","width":800,"height":450,"caption":"Conte com as melhores solu\u00e7\u00f5es em corte e dobra"},{"@type":"BreadcrumbList","@id":"https:\/\/www.westcorteedobra.com.br\/blog\/2026\/03\/06\/solucoes-em-cortes-de-chapa-de-aco-em-sao-paulo\/#breadcrumb","itemListElement":[{"@type":"ListItem","position":1,"name":"Home","item":"https:\/\/www.westcorteedobra.com.br\/blog\/"},{"@type":"ListItem","position":2,"name":"Solu\u00e7\u00f5es em cortes de chapa de a\u00e7o em S\u00e3o Paulo"}]},{"@type":"WebSite","@id":"https:\/\/www.westcorteedobra.com.br\/blog\/#website","url":"https:\/\/www.westcorteedobra.com.br\/blog\/","name":"Blog West Corte e Dobra","description":"","publisher":{"@id":"https:\/\/www.westcorteedobra.com.br\/blog\/#organization"},"potentialAction":[{"@type":"SearchAction","target":{"@type":"EntryPoint","urlTemplate":"https:\/\/www.westcorteedobra.com.br\/blog\/?s={search_term_string}"},"query-input":{"@type":"PropertyValueSpecification","valueRequired":true,"valueName":"search_term_string"}}],"inLanguage":"pt-BR"},{"@type":"Organization","@id":"https:\/\/www.westcorteedobra.com.br\/blog\/#organization","name":"Blog West Corte e Dobra","url":"https:\/\/www.westcorteedobra.com.br\/blog\/","logo":{"@type":"ImageObject","inLanguage":"pt-BR","@id":"https:\/\/www.westcorteedobra.com.br\/blog\/#\/schema\/logo\/image\/","url":"https:\/\/www.westcorteedobra.com.br\/blog\/wp-content\/uploads\/2024\/10\/logo-2.webp","contentUrl":"https:\/\/www.westcorteedobra.com.br\/blog\/wp-content\/uploads\/2024\/10\/logo-2.webp","width":1200,"height":280,"caption":"Blog West Corte e Dobra"},"image":{"@id":"https:\/\/www.westcorteedobra.com.br\/blog\/#\/schema\/logo\/image\/"}},{"@type":"Person","@id":"https:\/\/www.westcorteedobra.com.br\/blog\/#\/schema\/person\/5c41559f9b03b4970e7a15a2bb78ca16","name":"admin","image":{"@type":"ImageObject","inLanguage":"pt-BR","@id":"https:\/\/www.westcorteedobra.com.br\/blog\/#\/schema\/person\/image\/","url":"https:\/\/secure.gravatar.com\/avatar\/4f64c9f81bb0d4ee969aaf7b4a5a6f40?s=96&d=mm&r=g","contentUrl":"https:\/\/secure.gravatar.com\/avatar\/4f64c9f81bb0d4ee969aaf7b4a5a6f40?s=96&d=mm&r=g","caption":"admin"},"sameAs":["https:\/\/www.westcorteedobra.com.br\/blog"],"url":"https:\/\/www.westcorteedobra.com.br\/blog\/author\/admin\/"}]}},"_links":{"self":[{"href":"https:\/\/www.westcorteedobra.com.br\/blog\/wp-json\/wp\/v2\/posts\/368"}],"collection":[{"href":"https:\/\/www.westcorteedobra.com.br\/blog\/wp-json\/wp\/v2\/posts"}],"about":[{"href":"https:\/\/www.westcorteedobra.com.br\/blog\/wp-json\/wp\/v2\/types\/post"}],"author":[{"embeddable":true,"href":"https:\/\/www.westcorteedobra.com.br\/blog\/wp-json\/wp\/v2\/users\/1"}],"replies":[{"embeddable":true,"href":"https:\/\/www.westcorteedobra.com.br\/blog\/wp-json\/wp\/v2\/comments?post=368"}],"version-history":[{"count":1,"href":"https:\/\/www.westcorteedobra.com.br\/blog\/wp-json\/wp\/v2\/posts\/368\/revisions"}],"predecessor-version":[{"id":370,"href":"https:\/\/www.westcorteedobra.com.br\/blog\/wp-json\/wp\/v2\/posts\/368\/revisions\/370"}],"wp:featuredmedia":[{"embeddable":true,"href":"https:\/\/www.westcorteedobra.com.br\/blog\/wp-json\/wp\/v2\/media\/369"}],"wp:attachment":[{"href":"https:\/\/www.westcorteedobra.com.br\/blog\/wp-json\/wp\/v2\/media?parent=368"}],"wp:term":[{"taxonomy":"category","embeddable":true,"href":"https:\/\/www.westcorteedobra.com.br\/blog\/wp-json\/wp\/v2\/categories?post=368"},{"taxonomy":"post_tag","embeddable":true,"href":"https:\/\/www.westcorteedobra.com.br\/blog\/wp-json\/wp\/v2\/tags?post=368"}],"curies":[{"name":"wp","href":"https:\/\/api.w.org\/{rel}","templated":true}]}}