{"id":362,"date":"2025-08-01T11:22:48","date_gmt":"2025-08-01T14:22:48","guid":{"rendered":"https:\/\/www.westcorteedobra.com.br\/blog\/?p=362"},"modified":"2025-08-01T11:23:12","modified_gmt":"2025-08-01T14:23:12","slug":"descubra-os-beneficios-do-corte-a-laser-agora-mesmo","status":"publish","type":"post","link":"https:\/\/www.westcorteedobra.com.br\/blog\/2025\/08\/01\/descubra-os-beneficios-do-corte-a-laser-agora-mesmo\/","title":{"rendered":"Descubra os benef\u00edcios do corte a laser agora mesmo"},"content":{"rendered":"\n<p class=\"has-medium-font-size\"><strong><em>Veja como o corte a laser oferece precis\u00e3o, agilidade e versatilidade. A West Corte e Dobra \u00e9 refer\u00eancia em tecnologia e excel\u00eancia no setor.<\/em><\/strong><\/p>\n\n\n\n<p>O corte a laser tornou-se indispens\u00e1vel em diversos segmentos da ind\u00fastria. Mais do que uma simples t\u00e9cnica de corte, trata-se de uma solu\u00e7\u00e3o de alta performance, com resultados que impressionam em precis\u00e3o, velocidade e economia. A tecnologia atende \u00e0s mais exigentes demandas de produ\u00e7\u00e3o, reduzindo falhas e maximizando resultados.<\/p>\n\n\n\n<p>Empresas que lidam com metais e outros materiais precisam de processos otimizados e eficientes. E \u00e9 exatamente isso que o corte a laser entrega: <strong>acabamento limpo, aproveitamento m\u00e1ximo da mat\u00e9ria-prima e flexibilidade para atender diferentes projetos e especifica\u00e7\u00f5es t\u00e9cnicas<\/strong>.<\/p>\n\n\n\n<ul class=\"wp-block-list\">\n<li><a href=\"https:\/\/www.westcorteedobra.com.br\/blog\/2025\/07\/23\/corte-guilhotina-para-chapa-de-aco-com-precisao-garantida\/\" target=\"_blank\" rel=\"noreferrer noopener\">Corte guilhotina para chapa de a\u00e7o com precis\u00e3o garantida<\/a><\/li>\n<\/ul>\n\n\n\n<h2 class=\"wp-block-heading\">Acabamento superior e padroniza\u00e7\u00e3o na produ\u00e7\u00e3o<\/h2>\n\n\n\n<p><strong>O corte a laser proporciona um acabamento visualmente mais limpo, com menos rebarbas e imperfei\u00e7\u00f5es em compara\u00e7\u00e3o a m\u00e9todos tradicionais<\/strong>. Isso garante uma est\u00e9tica superior das pe\u00e7as cortadas, fator importante para aplica\u00e7\u00f5es que exigem boa apresenta\u00e7\u00e3o e acabamento profissional.<\/p>\n\n\n\n<p>Al\u00e9m disso, o processo \u00e9 controlado por software, o que permite padroniza\u00e7\u00e3o das pe\u00e7as produzidas. <strong>Mesmo em volumes altos, o corte mant\u00e9m uniformidade entre as unidades, reduzindo a necessidade de ajustes manuais e contribuindo para uma produ\u00e7\u00e3o mais est\u00e1vel e eficiente<\/strong>.<\/p>\n\n\n\n<p><strong>Essa padroniza\u00e7\u00e3o \u00e9 especialmente \u00fatil em ind\u00fastrias que trabalham com montagem em s\u00e9rie ou fabrica\u00e7\u00e3o sob demanda<\/strong>. A previsibilidade no resultado do corte facilita o controle de qualidade, evita perdas e mant\u00e9m o ritmo de produ\u00e7\u00e3o fluido, mesmo em projetos com prazos mais apertados.<\/p>\n\n\n\n<ul class=\"wp-block-list\">\n<li><a href=\"https:\/\/www.westcorteedobra.com.br\/blog\/2025\/07\/14\/descubra-agora-as-5-vantagens-do-corte-a-laser\/\" target=\"_blank\" rel=\"noreferrer noopener\">Descubra agora as 5 vantagens do corte a laser<\/a><\/li>\n<\/ul>\n\n\n\n<h2 class=\"wp-block-heading\">Mais agilidade na produ\u00e7\u00e3o e menos desperd\u00edcio<\/h2>\n\n\n\n<p>O corte a laser \u00e9 amplamente reconhecido por sua alta velocidade de execu\u00e7\u00e3o, especialmente em materiais finos e com geometrias complexas. <strong>Como o processo \u00e9 automatizado, ele garante repetibilidade e rapidez na produ\u00e7\u00e3o em s\u00e9rie, otimizando os prazos e aumentando a capacidade produtiva das ind\u00fastrias<\/strong>.<\/p>\n\n\n\n<p><strong>Al\u00e9m disso, o sistema de corte a laser permite aproveitamento inteligente das chapas met\u00e1licas, com software de aninhamento que posiciona as pe\u00e7as de forma estrat\u00e9gica para minimizar sobras e perdas<\/strong>. Isso se traduz em menor custo por pe\u00e7a e melhor uso do material.<\/p>\n\n\n\n<p><strong>Por reduzir etapas manuais, eliminar retrabalhos e operar com baixo \u00edndice de erro, o corte a laser \u00e9 uma op\u00e7\u00e3o que melhora a efici\u00eancia da produ\u00e7\u00e3o como um todo<\/strong>. Profissionais que trabalham com corte a laser em chapas de a\u00e7o inox ou alum\u00ednio percebem ganhos expressivos em produtividade e rendimento di\u00e1rio.<\/p>\n\n\n\n<h2 class=\"wp-block-heading\">Versatilidade para diversos tipos de materiais<\/h2>\n\n\n\n<p>Uma das maiores vantagens do corte a laser est\u00e1 na sua versatilidade em trabalhar com diferentes materiais e espessuras. <strong>\u00c9 poss\u00edvel cortar desde chapas finas de a\u00e7o inox at\u00e9 metais mais espessos ou sens\u00edveis, como o alum\u00ednio, com total controle e sem comprometer a qualidade final<\/strong>.<\/p>\n\n\n\n<p><strong>O corte a laser em chapas de alum\u00ednio, por exemplo, \u00e9 muito usado na ind\u00fastria aeron\u00e1utica e na constru\u00e7\u00e3o civil<\/strong>, devido \u00e0 leveza e resist\u00eancia desse material. <strong>J\u00e1 o a\u00e7o inox \u00e9 valorizado em setores que exigem durabilidade e higiene, como o aliment\u00edcio e hospitalar<\/strong> \u2014 e o laser se adapta perfeitamente a ambas as realidades.<\/p>\n\n\n\n<p>Outro ponto positivo \u00e9 a flexibilidade no design. <strong>A t\u00e9cnica permite cortes retos, curvos, perfura\u00e7\u00f5es e formatos personalizados com alt\u00edssimo detalhamento.<\/strong> Isso facilita a inova\u00e7\u00e3o em projetos e amplia as possibilidades para os profissionais que precisam de solu\u00e7\u00f5es sob medida, com total liberdade criativa.<\/p>\n\n\n\n<h1 class=\"wp-block-heading\">A West Corte e Dobra entrega tecnologia e excel\u00eancia no corte a laser<\/h1>\n\n\n\n<p>A <strong><em><a href=\"https:\/\/www.westcorteedobra.com.br\/\" target=\"_blank\" rel=\"noreferrer noopener\">West Corte e Dobra<\/a><\/em><\/strong> \u00e9 refer\u00eancia em servi\u00e7o de corte a laser em Osasco e se destaca por sua expertise em corte e dobra de chapas met\u00e1licas. Com uma estrutura moderna, a empresa oferece solu\u00e7\u00f5es sob medida para empresas que exigem efici\u00eancia, precis\u00e3o e agilidade em seus processos industriais.<\/p>\n\n\n\n<p>Trabalhando com<strong> a\u00e7o carbono, a\u00e7o inox e alum\u00ednio<\/strong>, a <em>West<\/em> investe continuamente em tecnologia e capacita\u00e7\u00e3o de sua equipe para garantir que cada projeto seja executado com excel\u00eancia. O foco da empresa est\u00e1 em otimizar o processo de seus clientes, entregando qualidade com redu\u00e7\u00e3o de custos.<\/p>\n\n\n\n<p>Al\u00e9m disso, o atendimento consultivo, o cumprimento rigoroso de prazos e o comprometimento com resultados fazem da <em>West<\/em> uma parceira estrat\u00e9gica. Se voc\u00ea busca corte a laser em chapas de a\u00e7o inox ou alum\u00ednio, com total seguran\u00e7a e qualidade garantida, fale com quem entende do assunto.<\/p>\n\n\n\n<h2 class=\"wp-block-heading\">Corte a laser \u00e9 o caminho para produtividade e competitividade<\/h2>\n\n\n\n<p>O corte a laser \u00e9 muito mais do que uma solu\u00e7\u00e3o t\u00e9cnica: \u00e9 um diferencial competitivo. Com ele, sua produ\u00e7\u00e3o ganha em precis\u00e3o, reduz desperd\u00edcios e se adapta com flexibilidade \u00e0s demandas do mercado. Isso se traduz em menos custos, mais qualidade e mais agilidade no dia a dia.<\/p>\n\n\n\n<p>Se voc\u00ea est\u00e1 em busca de servi\u00e7o de corte a laser em Osasco, a <em>West Corte e Dobra<\/em> \u00e9 a parceira ideal para levar sua opera\u00e7\u00e3o a um novo n\u00edvel. Com tecnologia de ponta, atendimento especializado e compromisso com o resultado, a empresa est\u00e1 pronta para transformar sua produ\u00e7\u00e3o.<\/p>\n\n\n\n<p><strong><a href=\"https:\/\/www.westcorteedobra.com.br\/fale-conosco\" target=\"_blank\" rel=\"noreferrer noopener\">Entre em contato<\/a> agora mesmo com a equipe da <em>West <\/em>e veja como o corte a laser pode fazer a diferen\u00e7a nos seus projetos. Solicite seu or\u00e7amento e descubra as vantagens de contar com quem entrega excel\u00eancia todos os dias<\/strong>.<\/p>\n","protected":false},"excerpt":{"rendered":"<p>Veja como o corte a laser oferece precis\u00e3o, agilidade e versatilidade. A West Corte e Dobra \u00e9 refer\u00eancia em tecnologia e excel\u00eancia no setor. O corte a laser tornou-se indispens\u00e1vel em diversos segmentos da ind\u00fastria. Mais do que uma simples t\u00e9cnica de corte, trata-se de uma solu\u00e7\u00e3o de alta performance, com resultados que impressionam em &hellip; <\/p>\n","protected":false},"author":1,"featured_media":363,"comment_status":"open","ping_status":"open","sticky":false,"template":"","format":"standard","meta":{"footnotes":""},"categories":[102,2356,832,1016,2305],"tags":[2688,2685,269,2715,2262,2710,2709,2704,2716,2703,2701,2696,2706,2713,2718,2717,2695,2702,104,1252,2687,2689,2714,2708,2698,112,2707,1534,517,2711,2705,2712,2699,2691,2692,299,2693,271,2250,2697,2700,2690,2694,304,2686,110],"class_list":["post-362","post","type-post","status-publish","format-standard","has-post-thumbnail","hentry","category-corte-a-laser","category-corte-a-laser-chapa-de-aco","category-corte-a-laser-em-aluminio","category-corte-a-laser-em-inox","category-corte-a-laser-para-metais","tag-acabamento-com-corte-a-laser","tag-agilidade-no-corte-a-laser","tag-beneficios-do-corte-a-laser","tag-como-contratar-corte-a-laser","tag-como-funciona-corte-a-laser","tag-corte-a-laser-agiliza-projetos","tag-corte-a-laser-aumenta-precisao","tag-corte-a-laser-aumenta-producao","tag-corte-a-laser-compensa-para-pequenas-empresas","tag-corte-a-laser-consome-energia","tag-corte-a-laser-e-automatizado","tag-corte-a-laser-e-caro","tag-corte-a-laser-e-duravel","tag-corte-a-laser-e-indicado-para-inox","tag-corte-a-laser-e-indicado-para-pecas-em-serie","tag-corte-a-laser-e-indicado-para-prototipos","tag-corte-a-laser-e-seguro","tag-corte-a-laser-e-sustentavel","tag-corte-a-laser-em-aco-carbono","tag-corte-a-laser-em-chapas-de-aco-inox","tag-corte-a-laser-em-chapas-de-aluminio","tag-corte-a-laser-em-metais","tag-corte-a-laser-em-pequenas-pecas","tag-corte-a-laser-evita-desperdicio","tag-corte-a-laser-gera-rebarba","tag-corte-a-laser-industrial","tag-corte-a-laser-melhora-acabamento","tag-corte-a-laser-osasco","tag-corte-a-laser-para-arquitetura","tag-corte-a-laser-reduz-custos","tag-corte-a-laser-requer-manutencao","tag-corte-a-laser-substitui-corte-plasma","tag-corte-a-laser-substitui-outros-metodos","tag-corte-a-laser-vantagens","tag-economia-no-corte-a-laser","tag-empresa-de-corte-a-laser","tag-precisao-milimetrica-corte-a-laser","tag-precisao-no-corte-a-laser","tag-producao-com-corte-a-laser","tag-quais-materiais-aceitam-corte-a-laser","tag-qual-espessura-o-laser-corta","tag-quando-usar-corte-a-laser","tag-quem-usa-corte-a-laser","tag-servico-de-corte-a-laser-em-osasco","tag-versatilidade-corte-a-laser","tag-west-corte-e-dobra","latest_post"],"yoast_head":"<!-- This site is optimized with the Yoast SEO plugin v25.2 - https:\/\/yoast.com\/wordpress\/plugins\/seo\/ -->\n<title>Descubra os benef\u00edcios do corte a laser agora mesmo<\/title>\n<meta name=\"description\" content=\"Veja como o corte a laser oferece precis\u00e3o, agilidade e versatilidade. A West Corte e Dobra \u00e9 refer\u00eancia em tecnologia e excel\u00eancia no setor.\" \/>\n<meta name=\"robots\" content=\"index, follow, max-snippet:-1, max-image-preview:large, max-video-preview:-1\" \/>\n<link rel=\"canonical\" href=\"https:\/\/www.westcorteedobra.com.br\/blog\/2025\/08\/01\/descubra-os-beneficios-do-corte-a-laser-agora-mesmo\/\" \/>\n<meta property=\"og:locale\" content=\"pt_BR\" \/>\n<meta property=\"og:type\" content=\"article\" \/>\n<meta property=\"og:title\" content=\"Descubra os benef\u00edcios do corte a laser agora mesmo\" \/>\n<meta property=\"og:description\" content=\"Veja como o corte a laser oferece precis\u00e3o, agilidade e versatilidade. A West Corte e Dobra \u00e9 refer\u00eancia em tecnologia e excel\u00eancia no setor.\" \/>\n<meta property=\"og:url\" content=\"https:\/\/www.westcorteedobra.com.br\/blog\/2025\/08\/01\/descubra-os-beneficios-do-corte-a-laser-agora-mesmo\/\" \/>\n<meta property=\"og:site_name\" content=\"Blog West Corte e Dobra\" \/>\n<meta property=\"article:published_time\" content=\"2025-08-01T14:22:48+00:00\" \/>\n<meta property=\"article:modified_time\" content=\"2025-08-01T14:23:12+00:00\" \/>\n<meta property=\"og:image\" content=\"https:\/\/www.westcorteedobra.com.br\/blog\/wp-content\/uploads\/2025\/08\/3380.jpg\" \/>\n\t<meta property=\"og:image:width\" content=\"1000\" \/>\n\t<meta property=\"og:image:height\" content=\"667\" \/>\n\t<meta property=\"og:image:type\" content=\"image\/jpeg\" \/>\n<meta name=\"author\" content=\"admin\" \/>\n<meta name=\"twitter:card\" content=\"summary_large_image\" \/>\n<meta name=\"twitter:label1\" content=\"Written by\" \/>\n\t<meta name=\"twitter:data1\" content=\"admin\" \/>\n\t<meta name=\"twitter:label2\" content=\"Est. reading time\" \/>\n\t<meta name=\"twitter:data2\" content=\"5 minutos\" \/>\n<script type=\"application\/ld+json\" class=\"yoast-schema-graph\">{\"@context\":\"https:\/\/schema.org\",\"@graph\":[{\"@type\":\"Article\",\"@id\":\"https:\/\/www.westcorteedobra.com.br\/blog\/2025\/08\/01\/descubra-os-beneficios-do-corte-a-laser-agora-mesmo\/#article\",\"isPartOf\":{\"@id\":\"https:\/\/www.westcorteedobra.com.br\/blog\/2025\/08\/01\/descubra-os-beneficios-do-corte-a-laser-agora-mesmo\/\"},\"author\":{\"name\":\"admin\",\"@id\":\"https:\/\/www.westcorteedobra.com.br\/blog\/#\/schema\/person\/5c41559f9b03b4970e7a15a2bb78ca16\"},\"headline\":\"Descubra os benef\u00edcios do corte a laser agora mesmo\",\"datePublished\":\"2025-08-01T14:22:48+00:00\",\"dateModified\":\"2025-08-01T14:23:12+00:00\",\"mainEntityOfPage\":{\"@id\":\"https:\/\/www.westcorteedobra.com.br\/blog\/2025\/08\/01\/descubra-os-beneficios-do-corte-a-laser-agora-mesmo\/\"},\"wordCount\":951,\"commentCount\":0,\"publisher\":{\"@id\":\"https:\/\/www.westcorteedobra.com.br\/blog\/#organization\"},\"image\":{\"@id\":\"https:\/\/www.westcorteedobra.com.br\/blog\/2025\/08\/01\/descubra-os-beneficios-do-corte-a-laser-agora-mesmo\/#primaryimage\"},\"thumbnailUrl\":\"https:\/\/www.westcorteedobra.com.br\/blog\/wp-content\/uploads\/2025\/08\/3380.jpg\",\"keywords\":[\"acabamento com corte a laser\",\"agilidade no corte a laser\",\"benef\u00edcios do corte a laser\",\"como contratar corte a laser?\",\"como funciona corte a laser\",\"corte a laser agiliza projetos?\",\"corte a laser aumenta precis\u00e3o?\",\"corte a laser aumenta produ\u00e7\u00e3o?\",\"corte a laser compensa para pequenas empresas?\",\"corte a laser consome energia?\",\"corte a laser \u00e9 automatizado?\",\"corte a laser \u00e9 caro?\",\"corte a laser \u00e9 dur\u00e1vel?\",\"corte a laser \u00e9 indicado para inox?\",\"corte a laser \u00e9 indicado para pe\u00e7as em s\u00e9rie?\",\"corte a laser \u00e9 indicado para prot\u00f3tipos?\",\"corte a laser \u00e9 seguro?\",\"corte a laser \u00e9 sustent\u00e1vel?\",\"corte a laser em a\u00e7o carbono\",\"corte a laser em chapas de a\u00e7o inox\",\"corte a laser em chapas de alum\u00ednio\",\"corte a laser em metais\",\"corte a laser em pequenas pe\u00e7as?\",\"corte a laser evita desperd\u00edcio?\",\"corte a laser gera rebarba?\",\"corte a laser industrial\",\"corte a laser melhora acabamento?\",\"corte a laser Osasco\",\"corte a laser para arquitetura\",\"corte a laser reduz custos?\",\"corte a laser requer manuten\u00e7\u00e3o?\",\"corte a laser substitui corte plasma?\",\"corte a laser substitui outros m\u00e9todos?\",\"corte a laser vantagens\",\"economia no corte a laser\",\"empresa de corte a laser\",\"precis\u00e3o milim\u00e9trica corte a laser\",\"precis\u00e3o no corte a laser\",\"produ\u00e7\u00e3o com corte a laser\",\"quais materiais aceitam corte a laser?\",\"qual espessura o laser corta?\",\"quando usar corte a laser\",\"quem usa corte a laser\",\"servi\u00e7o de corte a laser em osasco\",\"versatilidade corte a laser\",\"West Corte e Dobra\"],\"articleSection\":[\"Corte a laser\",\"Corte a laser chapa de a\u00e7o\",\"Corte a laser em alum\u00ednio\",\"Corte a laser em inox\",\"Corte a laser para metais\"],\"inLanguage\":\"pt-BR\",\"potentialAction\":[{\"@type\":\"CommentAction\",\"name\":\"Comment\",\"target\":[\"https:\/\/www.westcorteedobra.com.br\/blog\/2025\/08\/01\/descubra-os-beneficios-do-corte-a-laser-agora-mesmo\/#respond\"]}]},{\"@type\":\"WebPage\",\"@id\":\"https:\/\/www.westcorteedobra.com.br\/blog\/2025\/08\/01\/descubra-os-beneficios-do-corte-a-laser-agora-mesmo\/\",\"url\":\"https:\/\/www.westcorteedobra.com.br\/blog\/2025\/08\/01\/descubra-os-beneficios-do-corte-a-laser-agora-mesmo\/\",\"name\":\"Descubra os benef\u00edcios do corte a laser agora mesmo\",\"isPartOf\":{\"@id\":\"https:\/\/www.westcorteedobra.com.br\/blog\/#website\"},\"primaryImageOfPage\":{\"@id\":\"https:\/\/www.westcorteedobra.com.br\/blog\/2025\/08\/01\/descubra-os-beneficios-do-corte-a-laser-agora-mesmo\/#primaryimage\"},\"image\":{\"@id\":\"https:\/\/www.westcorteedobra.com.br\/blog\/2025\/08\/01\/descubra-os-beneficios-do-corte-a-laser-agora-mesmo\/#primaryimage\"},\"thumbnailUrl\":\"https:\/\/www.westcorteedobra.com.br\/blog\/wp-content\/uploads\/2025\/08\/3380.jpg\",\"datePublished\":\"2025-08-01T14:22:48+00:00\",\"dateModified\":\"2025-08-01T14:23:12+00:00\",\"description\":\"Veja como o corte a laser oferece precis\u00e3o, agilidade e versatilidade. A West Corte e Dobra \u00e9 refer\u00eancia em tecnologia e excel\u00eancia no setor.\",\"breadcrumb\":{\"@id\":\"https:\/\/www.westcorteedobra.com.br\/blog\/2025\/08\/01\/descubra-os-beneficios-do-corte-a-laser-agora-mesmo\/#breadcrumb\"},\"inLanguage\":\"pt-BR\",\"potentialAction\":[{\"@type\":\"ReadAction\",\"target\":[\"https:\/\/www.westcorteedobra.com.br\/blog\/2025\/08\/01\/descubra-os-beneficios-do-corte-a-laser-agora-mesmo\/\"]}]},{\"@type\":\"ImageObject\",\"inLanguage\":\"pt-BR\",\"@id\":\"https:\/\/www.westcorteedobra.com.br\/blog\/2025\/08\/01\/descubra-os-beneficios-do-corte-a-laser-agora-mesmo\/#primaryimage\",\"url\":\"https:\/\/www.westcorteedobra.com.br\/blog\/wp-content\/uploads\/2025\/08\/3380.jpg\",\"contentUrl\":\"https:\/\/www.westcorteedobra.com.br\/blog\/wp-content\/uploads\/2025\/08\/3380.jpg\",\"width\":1000,\"height\":667,\"caption\":\"Descubra os benef\u00edcios do corte a laser agora mesmo\"},{\"@type\":\"BreadcrumbList\",\"@id\":\"https:\/\/www.westcorteedobra.com.br\/blog\/2025\/08\/01\/descubra-os-beneficios-do-corte-a-laser-agora-mesmo\/#breadcrumb\",\"itemListElement\":[{\"@type\":\"ListItem\",\"position\":1,\"name\":\"Home\",\"item\":\"https:\/\/www.westcorteedobra.com.br\/blog\/\"},{\"@type\":\"ListItem\",\"position\":2,\"name\":\"Descubra os benef\u00edcios do corte a laser agora mesmo\"}]},{\"@type\":\"WebSite\",\"@id\":\"https:\/\/www.westcorteedobra.com.br\/blog\/#website\",\"url\":\"https:\/\/www.westcorteedobra.com.br\/blog\/\",\"name\":\"Blog West Corte e Dobra\",\"description\":\"\",\"publisher\":{\"@id\":\"https:\/\/www.westcorteedobra.com.br\/blog\/#organization\"},\"potentialAction\":[{\"@type\":\"SearchAction\",\"target\":{\"@type\":\"EntryPoint\",\"urlTemplate\":\"https:\/\/www.westcorteedobra.com.br\/blog\/?s={search_term_string}\"},\"query-input\":{\"@type\":\"PropertyValueSpecification\",\"valueRequired\":true,\"valueName\":\"search_term_string\"}}],\"inLanguage\":\"pt-BR\"},{\"@type\":\"Organization\",\"@id\":\"https:\/\/www.westcorteedobra.com.br\/blog\/#organization\",\"name\":\"Blog West Corte e Dobra\",\"url\":\"https:\/\/www.westcorteedobra.com.br\/blog\/\",\"logo\":{\"@type\":\"ImageObject\",\"inLanguage\":\"pt-BR\",\"@id\":\"https:\/\/www.westcorteedobra.com.br\/blog\/#\/schema\/logo\/image\/\",\"url\":\"https:\/\/www.westcorteedobra.com.br\/blog\/wp-content\/uploads\/2024\/10\/logo-2.webp\",\"contentUrl\":\"https:\/\/www.westcorteedobra.com.br\/blog\/wp-content\/uploads\/2024\/10\/logo-2.webp\",\"width\":1200,\"height\":280,\"caption\":\"Blog West Corte e Dobra\"},\"image\":{\"@id\":\"https:\/\/www.westcorteedobra.com.br\/blog\/#\/schema\/logo\/image\/\"}},{\"@type\":\"Person\",\"@id\":\"https:\/\/www.westcorteedobra.com.br\/blog\/#\/schema\/person\/5c41559f9b03b4970e7a15a2bb78ca16\",\"name\":\"admin\",\"image\":{\"@type\":\"ImageObject\",\"inLanguage\":\"pt-BR\",\"@id\":\"https:\/\/www.westcorteedobra.com.br\/blog\/#\/schema\/person\/image\/\",\"url\":\"https:\/\/secure.gravatar.com\/avatar\/4f64c9f81bb0d4ee969aaf7b4a5a6f40?s=96&d=mm&r=g\",\"contentUrl\":\"https:\/\/secure.gravatar.com\/avatar\/4f64c9f81bb0d4ee969aaf7b4a5a6f40?s=96&d=mm&r=g\",\"caption\":\"admin\"},\"sameAs\":[\"https:\/\/www.westcorteedobra.com.br\/blog\"],\"url\":\"https:\/\/www.westcorteedobra.com.br\/blog\/author\/admin\/\"}]}<\/script>\n<!-- \/ Yoast SEO plugin. -->","yoast_head_json":{"title":"Descubra os benef\u00edcios do corte a laser agora mesmo","description":"Veja como o corte a laser oferece precis\u00e3o, agilidade e versatilidade. A West Corte e Dobra \u00e9 refer\u00eancia em tecnologia e excel\u00eancia no setor.","robots":{"index":"index","follow":"follow","max-snippet":"max-snippet:-1","max-image-preview":"max-image-preview:large","max-video-preview":"max-video-preview:-1"},"canonical":"https:\/\/www.westcorteedobra.com.br\/blog\/2025\/08\/01\/descubra-os-beneficios-do-corte-a-laser-agora-mesmo\/","og_locale":"pt_BR","og_type":"article","og_title":"Descubra os benef\u00edcios do corte a laser agora mesmo","og_description":"Veja como o corte a laser oferece precis\u00e3o, agilidade e versatilidade. A West Corte e Dobra \u00e9 refer\u00eancia em tecnologia e excel\u00eancia no setor.","og_url":"https:\/\/www.westcorteedobra.com.br\/blog\/2025\/08\/01\/descubra-os-beneficios-do-corte-a-laser-agora-mesmo\/","og_site_name":"Blog West Corte e Dobra","article_published_time":"2025-08-01T14:22:48+00:00","article_modified_time":"2025-08-01T14:23:12+00:00","og_image":[{"width":1000,"height":667,"url":"https:\/\/www.westcorteedobra.com.br\/blog\/wp-content\/uploads\/2025\/08\/3380.jpg","type":"image\/jpeg"}],"author":"admin","twitter_card":"summary_large_image","twitter_misc":{"Written by":"admin","Est. reading time":"5 minutos"},"schema":{"@context":"https:\/\/schema.org","@graph":[{"@type":"Article","@id":"https:\/\/www.westcorteedobra.com.br\/blog\/2025\/08\/01\/descubra-os-beneficios-do-corte-a-laser-agora-mesmo\/#article","isPartOf":{"@id":"https:\/\/www.westcorteedobra.com.br\/blog\/2025\/08\/01\/descubra-os-beneficios-do-corte-a-laser-agora-mesmo\/"},"author":{"name":"admin","@id":"https:\/\/www.westcorteedobra.com.br\/blog\/#\/schema\/person\/5c41559f9b03b4970e7a15a2bb78ca16"},"headline":"Descubra os benef\u00edcios do corte a laser agora mesmo","datePublished":"2025-08-01T14:22:48+00:00","dateModified":"2025-08-01T14:23:12+00:00","mainEntityOfPage":{"@id":"https:\/\/www.westcorteedobra.com.br\/blog\/2025\/08\/01\/descubra-os-beneficios-do-corte-a-laser-agora-mesmo\/"},"wordCount":951,"commentCount":0,"publisher":{"@id":"https:\/\/www.westcorteedobra.com.br\/blog\/#organization"},"image":{"@id":"https:\/\/www.westcorteedobra.com.br\/blog\/2025\/08\/01\/descubra-os-beneficios-do-corte-a-laser-agora-mesmo\/#primaryimage"},"thumbnailUrl":"https:\/\/www.westcorteedobra.com.br\/blog\/wp-content\/uploads\/2025\/08\/3380.jpg","keywords":["acabamento com corte a laser","agilidade no corte a laser","benef\u00edcios do corte a laser","como contratar corte a laser?","como funciona corte a laser","corte a laser agiliza projetos?","corte a laser aumenta precis\u00e3o?","corte a laser aumenta produ\u00e7\u00e3o?","corte a laser compensa para pequenas empresas?","corte a laser consome energia?","corte a laser \u00e9 automatizado?","corte a laser \u00e9 caro?","corte a laser \u00e9 dur\u00e1vel?","corte a laser \u00e9 indicado para inox?","corte a laser \u00e9 indicado para pe\u00e7as em s\u00e9rie?","corte a laser \u00e9 indicado para prot\u00f3tipos?","corte a laser \u00e9 seguro?","corte a laser \u00e9 sustent\u00e1vel?","corte a laser em a\u00e7o carbono","corte a laser em chapas de a\u00e7o inox","corte a laser em chapas de alum\u00ednio","corte a laser em metais","corte a laser em pequenas pe\u00e7as?","corte a laser evita desperd\u00edcio?","corte a laser gera rebarba?","corte a laser industrial","corte a laser melhora acabamento?","corte a laser Osasco","corte a laser para arquitetura","corte a laser reduz custos?","corte a laser requer manuten\u00e7\u00e3o?","corte a laser substitui corte plasma?","corte a laser substitui outros m\u00e9todos?","corte a laser vantagens","economia no corte a laser","empresa de corte a laser","precis\u00e3o milim\u00e9trica corte a laser","precis\u00e3o no corte a laser","produ\u00e7\u00e3o com corte a laser","quais materiais aceitam corte a laser?","qual espessura o laser corta?","quando usar corte a laser","quem usa corte a laser","servi\u00e7o de corte a laser em osasco","versatilidade corte a laser","West Corte e Dobra"],"articleSection":["Corte a laser","Corte a laser chapa de a\u00e7o","Corte a laser em alum\u00ednio","Corte a laser em inox","Corte a laser para metais"],"inLanguage":"pt-BR","potentialAction":[{"@type":"CommentAction","name":"Comment","target":["https:\/\/www.westcorteedobra.com.br\/blog\/2025\/08\/01\/descubra-os-beneficios-do-corte-a-laser-agora-mesmo\/#respond"]}]},{"@type":"WebPage","@id":"https:\/\/www.westcorteedobra.com.br\/blog\/2025\/08\/01\/descubra-os-beneficios-do-corte-a-laser-agora-mesmo\/","url":"https:\/\/www.westcorteedobra.com.br\/blog\/2025\/08\/01\/descubra-os-beneficios-do-corte-a-laser-agora-mesmo\/","name":"Descubra os benef\u00edcios do corte a laser agora mesmo","isPartOf":{"@id":"https:\/\/www.westcorteedobra.com.br\/blog\/#website"},"primaryImageOfPage":{"@id":"https:\/\/www.westcorteedobra.com.br\/blog\/2025\/08\/01\/descubra-os-beneficios-do-corte-a-laser-agora-mesmo\/#primaryimage"},"image":{"@id":"https:\/\/www.westcorteedobra.com.br\/blog\/2025\/08\/01\/descubra-os-beneficios-do-corte-a-laser-agora-mesmo\/#primaryimage"},"thumbnailUrl":"https:\/\/www.westcorteedobra.com.br\/blog\/wp-content\/uploads\/2025\/08\/3380.jpg","datePublished":"2025-08-01T14:22:48+00:00","dateModified":"2025-08-01T14:23:12+00:00","description":"Veja como o corte a laser oferece precis\u00e3o, agilidade e versatilidade. A West Corte e Dobra \u00e9 refer\u00eancia em tecnologia e excel\u00eancia no setor.","breadcrumb":{"@id":"https:\/\/www.westcorteedobra.com.br\/blog\/2025\/08\/01\/descubra-os-beneficios-do-corte-a-laser-agora-mesmo\/#breadcrumb"},"inLanguage":"pt-BR","potentialAction":[{"@type":"ReadAction","target":["https:\/\/www.westcorteedobra.com.br\/blog\/2025\/08\/01\/descubra-os-beneficios-do-corte-a-laser-agora-mesmo\/"]}]},{"@type":"ImageObject","inLanguage":"pt-BR","@id":"https:\/\/www.westcorteedobra.com.br\/blog\/2025\/08\/01\/descubra-os-beneficios-do-corte-a-laser-agora-mesmo\/#primaryimage","url":"https:\/\/www.westcorteedobra.com.br\/blog\/wp-content\/uploads\/2025\/08\/3380.jpg","contentUrl":"https:\/\/www.westcorteedobra.com.br\/blog\/wp-content\/uploads\/2025\/08\/3380.jpg","width":1000,"height":667,"caption":"Descubra os benef\u00edcios do corte a laser agora mesmo"},{"@type":"BreadcrumbList","@id":"https:\/\/www.westcorteedobra.com.br\/blog\/2025\/08\/01\/descubra-os-beneficios-do-corte-a-laser-agora-mesmo\/#breadcrumb","itemListElement":[{"@type":"ListItem","position":1,"name":"Home","item":"https:\/\/www.westcorteedobra.com.br\/blog\/"},{"@type":"ListItem","position":2,"name":"Descubra os benef\u00edcios do corte a laser agora mesmo"}]},{"@type":"WebSite","@id":"https:\/\/www.westcorteedobra.com.br\/blog\/#website","url":"https:\/\/www.westcorteedobra.com.br\/blog\/","name":"Blog West Corte e Dobra","description":"","publisher":{"@id":"https:\/\/www.westcorteedobra.com.br\/blog\/#organization"},"potentialAction":[{"@type":"SearchAction","target":{"@type":"EntryPoint","urlTemplate":"https:\/\/www.westcorteedobra.com.br\/blog\/?s={search_term_string}"},"query-input":{"@type":"PropertyValueSpecification","valueRequired":true,"valueName":"search_term_string"}}],"inLanguage":"pt-BR"},{"@type":"Organization","@id":"https:\/\/www.westcorteedobra.com.br\/blog\/#organization","name":"Blog West Corte e Dobra","url":"https:\/\/www.westcorteedobra.com.br\/blog\/","logo":{"@type":"ImageObject","inLanguage":"pt-BR","@id":"https:\/\/www.westcorteedobra.com.br\/blog\/#\/schema\/logo\/image\/","url":"https:\/\/www.westcorteedobra.com.br\/blog\/wp-content\/uploads\/2024\/10\/logo-2.webp","contentUrl":"https:\/\/www.westcorteedobra.com.br\/blog\/wp-content\/uploads\/2024\/10\/logo-2.webp","width":1200,"height":280,"caption":"Blog West Corte e Dobra"},"image":{"@id":"https:\/\/www.westcorteedobra.com.br\/blog\/#\/schema\/logo\/image\/"}},{"@type":"Person","@id":"https:\/\/www.westcorteedobra.com.br\/blog\/#\/schema\/person\/5c41559f9b03b4970e7a15a2bb78ca16","name":"admin","image":{"@type":"ImageObject","inLanguage":"pt-BR","@id":"https:\/\/www.westcorteedobra.com.br\/blog\/#\/schema\/person\/image\/","url":"https:\/\/secure.gravatar.com\/avatar\/4f64c9f81bb0d4ee969aaf7b4a5a6f40?s=96&d=mm&r=g","contentUrl":"https:\/\/secure.gravatar.com\/avatar\/4f64c9f81bb0d4ee969aaf7b4a5a6f40?s=96&d=mm&r=g","caption":"admin"},"sameAs":["https:\/\/www.westcorteedobra.com.br\/blog"],"url":"https:\/\/www.westcorteedobra.com.br\/blog\/author\/admin\/"}]}},"_links":{"self":[{"href":"https:\/\/www.westcorteedobra.com.br\/blog\/wp-json\/wp\/v2\/posts\/362"}],"collection":[{"href":"https:\/\/www.westcorteedobra.com.br\/blog\/wp-json\/wp\/v2\/posts"}],"about":[{"href":"https:\/\/www.westcorteedobra.com.br\/blog\/wp-json\/wp\/v2\/types\/post"}],"author":[{"embeddable":true,"href":"https:\/\/www.westcorteedobra.com.br\/blog\/wp-json\/wp\/v2\/users\/1"}],"replies":[{"embeddable":true,"href":"https:\/\/www.westcorteedobra.com.br\/blog\/wp-json\/wp\/v2\/comments?post=362"}],"version-history":[{"count":1,"href":"https:\/\/www.westcorteedobra.com.br\/blog\/wp-json\/wp\/v2\/posts\/362\/revisions"}],"predecessor-version":[{"id":364,"href":"https:\/\/www.westcorteedobra.com.br\/blog\/wp-json\/wp\/v2\/posts\/362\/revisions\/364"}],"wp:featuredmedia":[{"embeddable":true,"href":"https:\/\/www.westcorteedobra.com.br\/blog\/wp-json\/wp\/v2\/media\/363"}],"wp:attachment":[{"href":"https:\/\/www.westcorteedobra.com.br\/blog\/wp-json\/wp\/v2\/media?parent=362"}],"wp:term":[{"taxonomy":"category","embeddable":true,"href":"https:\/\/www.westcorteedobra.com.br\/blog\/wp-json\/wp\/v2\/categories?post=362"},{"taxonomy":"post_tag","embeddable":true,"href":"https:\/\/www.westcorteedobra.com.br\/blog\/wp-json\/wp\/v2\/tags?post=362"}],"curies":[{"name":"wp","href":"https:\/\/api.w.org\/{rel}","templated":true}]}}