{"id":35,"date":"2025-08-20T13:30:00","date_gmt":"2025-08-20T16:30:00","guid":{"rendered":"https:\/\/www.westcorteedobra.com.br\/blog\/?p=35"},"modified":"2025-08-21T02:51:19","modified_gmt":"2025-08-21T05:51:19","slug":"corte-a-laser-a-solucao-ideal-para-aco-carbono-aluminio-e-inox","status":"publish","type":"post","link":"https:\/\/www.westcorteedobra.com.br\/blog\/2025\/08\/20\/corte-a-laser-a-solucao-ideal-para-aco-carbono-aluminio-e-inox\/","title":{"rendered":"Corte a laser: a solu\u00e7\u00e3o ideal para a\u00e7o carbono, alum\u00ednio e inox"},"content":{"rendered":"\n<p class=\"has-medium-font-size\"><em><strong>Veja como o corte a laser \u00e9 a solu\u00e7\u00e3o ideal para a\u00e7o carbono, alum\u00ednio e inox, suas vantagens e onde encontrar um servi\u00e7o de qualidade.<\/strong><\/em><\/p>\n\n\n\n<p>Nos \u00faltimos anos, o corte a laser ganhou destaque no setor industrial devido \u00e0 sua precis\u00e3o e versatilidade. Este m\u00e9todo moderno de corte se tornou uma solu\u00e7\u00e3o ideal para diversos materiais, incluindo a\u00e7o carbono, alum\u00ednio e inox.<\/p>\n\n\n\n<p>Este servi\u00e7o n\u00e3o apenas oferece resultados mais limpos e detalhados, mas tamb\u00e9m melhora a efici\u00eancia dos processos de produ\u00e7\u00e3o.<\/p>\n\n\n\n<p>A import\u00e2ncia do corte a laser se reflete na crescente demanda por pe\u00e7as met\u00e1licas personalizadas e de alta qualidade em ind\u00fastrias como a automobil\u00edstica, constru\u00e7\u00e3o civil e metalurgia. Com o aumento da concorr\u00eancia e a necessidade de otimiza\u00e7\u00e3o de custos, investir em tecnologia de corte a laser se tornou uma estrat\u00e9gia inteligente para muitas empresas.<\/p>\n\n\n\n<ul class=\"wp-block-list\">\n<li><a href=\"https:\/\/www.westcorteedobra.com.br\/blog\/2024\/10\/02\/corte-em-guilhotina-precisao-e-eficiencia-para-a-industria-metalurgica\/\" target=\"_blank\" rel=\"noreferrer noopener\">Corte em guilhotina: precis\u00e3o e efici\u00eancia para a ind\u00fastria metal\u00fargica<\/a><\/li>\n<\/ul>\n\n\n\n<h2 class=\"wp-block-heading\">Como funciona o corte a laser?<\/h2>\n\n\n\n<p>O corte a laser \u00e9 um processo altamente eficaz que utiliza um feixe de luz concentrado para cortar materiais com precis\u00e3o. <\/p>\n\n\n\n<p>Quando aplicado ao <strong>corte a laser em a\u00e7o carbono<\/strong>, essa t\u00e9cnica permite que o material seja cortado em diversas espessuras, proporcionando resultados consistentes e de alta qualidade.<\/p>\n\n\n<div class=\"wp-block-image\">\n<figure class=\"alignright size-full is-resized\"><img loading=\"lazy\" decoding=\"async\" width=\"1000\" height=\"560\" src=\"https:\/\/www.westcorteedobra.com.br\/blog\/wp-content\/uploads\/2024\/10\/image-1.jpeg\" alt=\"Corte a laser: a solu\u00e7\u00e3o ideal para a\u00e7o carbono, alum\u00ednio e inox\" class=\"wp-image-38\" style=\"width:417px;height:auto\" srcset=\"https:\/\/www.westcorteedobra.com.br\/blog\/wp-content\/uploads\/2024\/10\/image-1.jpeg 1000w, https:\/\/www.westcorteedobra.com.br\/blog\/wp-content\/uploads\/2024\/10\/image-1-300x168.jpeg 300w, https:\/\/www.westcorteedobra.com.br\/blog\/wp-content\/uploads\/2024\/10\/image-1-768x430.jpeg 768w\" sizes=\"(max-width: 1000px) 100vw, 1000px\" \/><\/figure><\/div>\n\n\n<p>Esse tipo de a\u00e7o \u00e9 amplamente utilizado na constru\u00e7\u00e3o civil e na fabrica\u00e7\u00e3o de estruturas met\u00e1licas, onde a precis\u00e3o \u00e9 essencial.<\/p>\n\n\n\n<p>O <strong>corte a laser em alum\u00ednio<\/strong> se destaca por sua capacidade de realizar cortes detalhados sem deformar o material. <\/p>\n\n\n\n<p>O alum\u00ednio \u00e9 conhecido por ser leve e vers\u00e1til, e o uso do corte a laser garante que as pe\u00e7as produzidas mantenham suas propriedades originais.<\/p>\n\n\n\n<p>Essa t\u00e9cnica \u00e9 especialmente valiosa em ind\u00fastrias que necessitam de componentes precisos e com acabamentos de alta qualidade.<\/p>\n\n\n\n<p>No caso do <strong>corte a laser em inox<\/strong>, a situa\u00e7\u00e3o \u00e9 semelhante. O inox, por sua resist\u00eancia \u00e0 corros\u00e3o e durabilidade, \u00e9 um material escolhido para aplica\u00e7\u00f5es em ambientes desafiadores.<\/p>\n\n\n\n<p>O corte a laser permite que o inox seja trabalhado com alta efici\u00eancia, resultando em pe\u00e7as que s\u00e3o prontas para uso imediato, sem a necessidade de um acabamento adicional. Assim, essa tecnologia se estabelece como a escolha ideal para diversos setores que demandam qualidade e precis\u00e3o.<\/p>\n\n\n\n<ul class=\"wp-block-list\">\n<li><a href=\"https:\/\/www.westcorteedobra.com.br\/blog\/2024\/10\/01\/corte-a-plasma-tecnologia-eficiencia-e-precisao\/\" target=\"_blank\" rel=\"noreferrer noopener\">Corte a plasma: tecnologia, efici\u00eancia e precis\u00e3o<\/a><\/li>\n<\/ul>\n\n\n\n<h2 class=\"wp-block-heading\">Vantagens do corte a laser<\/h2>\n\n\n\n<p>O corte a laser apresenta diversas vantagens em rela\u00e7\u00e3o a m\u00e9todos tradicionais de corte. Abaixo, conhe\u00e7a alguns:&nbsp;<\/p>\n\n\n\n<ul class=\"wp-block-list\">\n<li><strong>Precis\u00e3o:<\/strong> O corte \u00e9 extremamente preciso, permitindo a cria\u00e7\u00e3o de formas complexas e detalhadas com toler\u00e2ncias m\u00ednimas.<\/li>\n<\/ul>\n\n\n\n<ul class=\"wp-block-list\">\n<li><strong>Acabamento limpo:<\/strong> O processo resulta em bordas limpas e suaves, reduzindo a necessidade de acabamento posterior.<\/li>\n<\/ul>\n\n\n\n<ul class=\"wp-block-list\">\n<li><strong>Versatilidade:<\/strong> O corte pode ser utilizado em uma variedade de materiais e espessuras, tornando-se uma solu\u00e7\u00e3o ideal para diversas aplica\u00e7\u00f5es.<\/li>\n<\/ul>\n\n\n\n<ul class=\"wp-block-list\">\n<li><strong>Efici\u00eancia:<\/strong> O processo \u00e9 r\u00e1pido e eficaz, reduzindo o tempo de produ\u00e7\u00e3o e aumentando a produtividade.<\/li>\n<\/ul>\n\n\n\n<ul class=\"wp-block-list\">\n<li><strong>Menos res\u00edduos:<\/strong> O corte gera menos desperd\u00edcio de material em compara\u00e7\u00e3o com m\u00e9todos convencionais, o que se traduz em economia para as empresas.<\/li>\n<\/ul>\n\n\n\n<h2 class=\"wp-block-heading\">O que diferencia o corte a laser?<\/h2>\n\n\n\n<p>O grande diferencial do corte a laser est\u00e1 na combina\u00e7\u00e3o de <strong>versatilidade<\/strong>, <strong>precis\u00e3o<\/strong> e <strong>economia de material<\/strong>. Gra\u00e7as ao controle preciso da tecnologia, \u00e9 poss\u00edvel cortar com exatid\u00e3o chapas finas ou espessas de a\u00e7o carbono, alum\u00ednio e inox, sem alterar as propriedades do material ou perder tempo com ajustes manuais.<\/p>\n\n\n\n<p>Outro fator que diferencia essa t\u00e9cnica \u00e9 a <strong>versatilidade de design<\/strong>. O corte a laser permite a cria\u00e7\u00e3o de pe\u00e7as com desenhos complexos e cortes que seriam imposs\u00edveis com outras tecnologias. Desde pequenas aberturas at\u00e9 formas detalhadas, tudo pode ser realizado com extrema precis\u00e3o.<\/p>\n\n\n\n<p>Al\u00e9m disso, o laser reduz significativamente o <strong>desperd\u00edcio de material<\/strong>. Como o feixe de laser \u00e9 fino e o processo \u00e9 altamente controlado, h\u00e1 menos perda de metal, o que contribui para uma opera\u00e7\u00e3o mais sustent\u00e1vel e econ\u00f4mica.<\/p>\n\n\n\n<h3 class=\"wp-block-heading\">Por que investir neste servi\u00e7o?<\/h3>\n\n\n\n<p>Investir em corte a laser oferece in\u00fameros benef\u00edcios tanto para empresas quanto para clientes finais. Primeiramente, <strong>\u00e9 uma tecnologia que se paga rapidamente devido \u00e0 efici\u00eancia e qualidade oferecidas<\/strong>. As empresas conseguem produzir em grande escala sem comprometer a precis\u00e3o, o que impacta diretamente os custos de produ\u00e7\u00e3o.<\/p>\n\n\n\n<p>Al\u00e9m disso, <strong>a tecnologia \u00e9 adapt\u00e1vel a diferentes setores, sendo uma solu\u00e7\u00e3o universal para ind\u00fastrias que trabalham com a\u00e7o carbono, alum\u00ednio e inox<\/strong>. Empresas que investem neste servi\u00e7o oferecem aos seus clientes produtos de qualidade superior, o que aumenta a confian\u00e7a e, consequentemente, a fidelidade.<\/p>\n\n\n\n<p>Seja para pequenos projetos personalizados ou grandes produ\u00e7\u00f5es industriais, <strong>o corte a laser permite um n\u00edvel de personaliza\u00e7\u00e3o que outras t\u00e9cnicas n\u00e3o conseguem atingir<\/strong>. Isso torna o investimento ainda mais atrativo para quem busca inova\u00e7\u00e3o e efici\u00eancia.<\/p>\n\n\n\n<h1 class=\"wp-block-heading\">Onde encontrar um servi\u00e7o de corte a laser de qualidade?<\/h1>\n\n\n\n<p>Se voc\u00ea est\u00e1 em busca de um servi\u00e7o de corte a laser que garanta resultados de alta qualidade, a <strong><a href=\"https:\/\/www.westcorteedobra.com.br\/\" target=\"_blank\" rel=\"noreferrer noopener\">West Corte e Dobra<\/a><\/strong> \u00e9 a escolha certa. Com um compromisso inabal\u00e1vel com a excel\u00eancia, a empresa se destaca por oferecer solu\u00e7\u00f5es completas em corte e dobra de chapas met\u00e1licas.<\/p>\n\n\n\n<p>A West Corte e Dobra possui uma equipe altamente qualificada e equipamentos de \u00faltima gera\u00e7\u00e3o, garantindo precis\u00e3o em cada projeto. A miss\u00e3o da empresa \u00e9 clara: otimizar os processos dos clientes, reduzindo custos e garantindo agilidade em cada etapa.<\/p>\n\n\n\n<p>Seja no corte de a\u00e7o carbono, inox ou alum\u00ednio, a West Corte e Dobra se compromete a superar expectativas, oferecendo servi\u00e7os de confian\u00e7a e resultados comprovados. Com foco constante em inova\u00e7\u00e3o, a empresa \u00e9 sin\u00f4nimo de efici\u00eancia e qualidade, ideal para quem busca um servi\u00e7o que realmente faz a diferen\u00e7a.<\/p>\n\n\n\n<h2 class=\"wp-block-heading\">West Corte e Dobra: a escolha certa para o seu projeto<\/h2>\n\n\n\n<p>O corte a laser se consolidou como a melhor op\u00e7\u00e3o para quem precisa cortar materiais como a\u00e7o carbono, alum\u00ednio e inox com precis\u00e3o e agilidade. Suas in\u00fameras vantagens, como alta precis\u00e3o, rapidez e economia de material, tornam essa tecnologia indispens\u00e1vel para diversas ind\u00fastrias.<\/p>\n\n\n\n<p>Agora que voc\u00ea j\u00e1 conhece as vantagens dessa solu\u00e7\u00e3o, que tal dar o pr\u00f3ximo passo e investir em um servi\u00e7o de qualidade?<\/p>\n\n\n\n<p><em>A West Corte e Dobra est\u00e1 pronta para transformar seu projeto em realidade, com servi\u00e7os sob medida para suas necessidades. <\/em><\/p>\n\n\n\n<p><em><a href=\"https:\/\/www.westcorteedobra.com.br\/fale-conosco\" target=\"_blank\" rel=\"noreferrer noopener\">Entre em contato<\/a> conosco agora mesmo e descubra como podemos ajudar a tornar seu projeto um sucesso!<\/em><\/p>\n","protected":false},"excerpt":{"rendered":"<p>Veja como o corte a laser \u00e9 a solu\u00e7\u00e3o ideal para a\u00e7o carbono, alum\u00ednio e inox, suas vantagens e onde encontrar um servi\u00e7o de qualidade. Nos \u00faltimos anos, o corte a laser ganhou destaque no setor industrial devido \u00e0 sua precis\u00e3o e versatilidade. Este m\u00e9todo moderno de corte se tornou uma solu\u00e7\u00e3o ideal para diversos &hellip; <\/p>\n","protected":false},"author":1,"featured_media":18,"comment_status":"open","ping_status":"open","sticky":false,"template":"","format":"standard","meta":{"footnotes":""},"categories":[102],"tags":[103,123,104,105,129,106,121,122,119,118,112,120,127,128,126,113,124,117,125,9,116,115,111,107,109,114,108,110],"class_list":["post-35","post","type-post","status-publish","format-standard","has-post-thumbnail","hentry","category-corte-a-laser","tag-corte-a-laser","tag-corte-a-laser-direto-da-fabrica","tag-corte-a-laser-em-aco-carbono","tag-corte-a-laser-em-aluminio","tag-corte-a-laser-em-carapicuiba","tag-corte-a-laser-em-inox","tag-corte-a-laser-em-osasco","tag-corte-a-laser-em-promocao","tag-corte-a-laser-em-sao-paulo","tag-corte-a-laser-em-sp","tag-corte-a-laser-industrial","tag-corte-a-laser-na-grande-sao-paulo","tag-corte-a-laser-na-lapa","tag-corte-a-laser-na-zona-norte","tag-corte-a-laser-na-zona-oeste","tag-corte-a-laser-personalizado","tag-corte-a-laser-perto-de-mim","tag-corte-a-laser-preco","tag-corte-a-laser-proximo-a-mim","tag-corte-de-chapas-metalicas","tag-corte-de-metais","tag-economia-com-corte-a-laser","tag-inovacao-em-corte-a-laser","tag-precisao-em-corte-a-laser","tag-servicos-de-corte-a-laser","tag-tecnologia-de-corte-a-laser","tag-vantagens-do-corte-a-laser","tag-west-corte-e-dobra","latest_post"],"yoast_head":"<!-- This site is optimized with the Yoast SEO plugin v25.2 - https:\/\/yoast.com\/wordpress\/plugins\/seo\/ -->\n<title>Corte a laser: ideal para a\u00e7o, alum\u00ednio e inox | West Corte<\/title>\n<meta name=\"description\" content=\"Veja como o corte a laser \u00e9 a solu\u00e7\u00e3o ideal para a\u00e7o carbono, alum\u00ednio e inox, suas vantagens e onde encontrar um servi\u00e7o de qualidade.\" \/>\n<meta name=\"robots\" content=\"index, follow, max-snippet:-1, max-image-preview:large, max-video-preview:-1\" \/>\n<link rel=\"canonical\" href=\"https:\/\/www.westcorteedobra.com.br\/blog\/2025\/08\/20\/corte-a-laser-a-solucao-ideal-para-aco-carbono-aluminio-e-inox\/\" \/>\n<meta property=\"og:locale\" content=\"pt_BR\" \/>\n<meta property=\"og:type\" content=\"article\" \/>\n<meta property=\"og:title\" content=\"Corte a laser: ideal para a\u00e7o, alum\u00ednio e inox | West Corte\" \/>\n<meta property=\"og:description\" content=\"Veja como o corte a laser \u00e9 a solu\u00e7\u00e3o ideal para a\u00e7o carbono, alum\u00ednio e inox, suas vantagens e onde encontrar um servi\u00e7o de qualidade.\" \/>\n<meta property=\"og:url\" content=\"https:\/\/www.westcorteedobra.com.br\/blog\/2025\/08\/20\/corte-a-laser-a-solucao-ideal-para-aco-carbono-aluminio-e-inox\/\" \/>\n<meta property=\"og:site_name\" content=\"Blog West Corte e Dobra\" \/>\n<meta property=\"article:published_time\" content=\"2025-08-20T16:30:00+00:00\" \/>\n<meta property=\"article:modified_time\" content=\"2025-08-21T05:51:19+00:00\" \/>\n<meta property=\"og:image\" content=\"https:\/\/www.westcorteedobra.com.br\/blog\/wp-content\/uploads\/2024\/10\/60300.jpg\" \/>\n\t<meta property=\"og:image:width\" content=\"1000\" \/>\n\t<meta property=\"og:image:height\" content=\"667\" \/>\n\t<meta property=\"og:image:type\" content=\"image\/jpeg\" \/>\n<meta name=\"author\" content=\"admin\" \/>\n<meta name=\"twitter:card\" content=\"summary_large_image\" \/>\n<meta name=\"twitter:label1\" content=\"Written by\" \/>\n\t<meta name=\"twitter:data1\" content=\"admin\" \/>\n\t<meta name=\"twitter:label2\" content=\"Est. reading time\" \/>\n\t<meta name=\"twitter:data2\" content=\"7 minutos\" \/>\n<script type=\"application\/ld+json\" class=\"yoast-schema-graph\">{\"@context\":\"https:\/\/schema.org\",\"@graph\":[{\"@type\":\"Article\",\"@id\":\"https:\/\/www.westcorteedobra.com.br\/blog\/2025\/08\/20\/corte-a-laser-a-solucao-ideal-para-aco-carbono-aluminio-e-inox\/#article\",\"isPartOf\":{\"@id\":\"https:\/\/www.westcorteedobra.com.br\/blog\/2025\/08\/20\/corte-a-laser-a-solucao-ideal-para-aco-carbono-aluminio-e-inox\/\"},\"author\":{\"name\":\"admin\",\"@id\":\"https:\/\/www.westcorteedobra.com.br\/blog\/#\/schema\/person\/5c41559f9b03b4970e7a15a2bb78ca16\"},\"headline\":\"Corte a laser: a solu\u00e7\u00e3o ideal para a\u00e7o carbono, alum\u00ednio e inox\",\"datePublished\":\"2025-08-20T16:30:00+00:00\",\"dateModified\":\"2025-08-21T05:51:19+00:00\",\"mainEntityOfPage\":{\"@id\":\"https:\/\/www.westcorteedobra.com.br\/blog\/2025\/08\/20\/corte-a-laser-a-solucao-ideal-para-aco-carbono-aluminio-e-inox\/\"},\"wordCount\":1144,\"commentCount\":0,\"publisher\":{\"@id\":\"https:\/\/www.westcorteedobra.com.br\/blog\/#organization\"},\"image\":{\"@id\":\"https:\/\/www.westcorteedobra.com.br\/blog\/2025\/08\/20\/corte-a-laser-a-solucao-ideal-para-aco-carbono-aluminio-e-inox\/#primaryimage\"},\"thumbnailUrl\":\"https:\/\/www.westcorteedobra.com.br\/blog\/wp-content\/uploads\/2024\/10\/60300.jpg\",\"keywords\":[\"corte a laser\",\"corte a laser direto da f\u00e1brica\",\"corte a laser em a\u00e7o carbono\",\"corte a laser em alum\u00ednio\",\"corte a laser em Carapicu\u00edba\",\"corte a laser em inox\",\"corte a laser em osasco\",\"corte a laser em promo\u00e7\u00e3o\",\"corte a laser em s\u00e3o paulo\",\"corte a laser em sp\",\"corte a laser industrial\",\"corte a laser na grande s\u00e3o paulo\",\"corte a laser na lapa\",\"corte a laser na zona norte\",\"corte a laser na zona oeste\",\"corte a laser personalizado\",\"corte a laser perto de mim\",\"corte a laser pre\u00e7o\",\"corte a laser pr\u00f3ximo a mim\",\"Corte de chapas met\u00e1licas\",\"corte de metais\",\"economia com corte a laser\",\"inova\u00e7\u00e3o em corte a laser\",\"precis\u00e3o em corte a laser\",\"servi\u00e7os de corte a laser\",\"tecnologia de corte a laser\",\"vantagens do corte a laser\",\"West Corte e Dobra\"],\"articleSection\":[\"Corte a laser\"],\"inLanguage\":\"pt-BR\",\"potentialAction\":[{\"@type\":\"CommentAction\",\"name\":\"Comment\",\"target\":[\"https:\/\/www.westcorteedobra.com.br\/blog\/2025\/08\/20\/corte-a-laser-a-solucao-ideal-para-aco-carbono-aluminio-e-inox\/#respond\"]}]},{\"@type\":\"WebPage\",\"@id\":\"https:\/\/www.westcorteedobra.com.br\/blog\/2025\/08\/20\/corte-a-laser-a-solucao-ideal-para-aco-carbono-aluminio-e-inox\/\",\"url\":\"https:\/\/www.westcorteedobra.com.br\/blog\/2025\/08\/20\/corte-a-laser-a-solucao-ideal-para-aco-carbono-aluminio-e-inox\/\",\"name\":\"Corte a laser: ideal para a\u00e7o, alum\u00ednio e inox | West Corte\",\"isPartOf\":{\"@id\":\"https:\/\/www.westcorteedobra.com.br\/blog\/#website\"},\"primaryImageOfPage\":{\"@id\":\"https:\/\/www.westcorteedobra.com.br\/blog\/2025\/08\/20\/corte-a-laser-a-solucao-ideal-para-aco-carbono-aluminio-e-inox\/#primaryimage\"},\"image\":{\"@id\":\"https:\/\/www.westcorteedobra.com.br\/blog\/2025\/08\/20\/corte-a-laser-a-solucao-ideal-para-aco-carbono-aluminio-e-inox\/#primaryimage\"},\"thumbnailUrl\":\"https:\/\/www.westcorteedobra.com.br\/blog\/wp-content\/uploads\/2024\/10\/60300.jpg\",\"datePublished\":\"2025-08-20T16:30:00+00:00\",\"dateModified\":\"2025-08-21T05:51:19+00:00\",\"description\":\"Veja como o corte a laser \u00e9 a solu\u00e7\u00e3o ideal para a\u00e7o carbono, alum\u00ednio e inox, suas vantagens e onde encontrar um servi\u00e7o de qualidade.\",\"breadcrumb\":{\"@id\":\"https:\/\/www.westcorteedobra.com.br\/blog\/2025\/08\/20\/corte-a-laser-a-solucao-ideal-para-aco-carbono-aluminio-e-inox\/#breadcrumb\"},\"inLanguage\":\"pt-BR\",\"potentialAction\":[{\"@type\":\"ReadAction\",\"target\":[\"https:\/\/www.westcorteedobra.com.br\/blog\/2025\/08\/20\/corte-a-laser-a-solucao-ideal-para-aco-carbono-aluminio-e-inox\/\"]}]},{\"@type\":\"ImageObject\",\"inLanguage\":\"pt-BR\",\"@id\":\"https:\/\/www.westcorteedobra.com.br\/blog\/2025\/08\/20\/corte-a-laser-a-solucao-ideal-para-aco-carbono-aluminio-e-inox\/#primaryimage\",\"url\":\"https:\/\/www.westcorteedobra.com.br\/blog\/wp-content\/uploads\/2024\/10\/60300.jpg\",\"contentUrl\":\"https:\/\/www.westcorteedobra.com.br\/blog\/wp-content\/uploads\/2024\/10\/60300.jpg\",\"width\":1000,\"height\":667,\"caption\":\"Corte a laser: a solu\u00e7\u00e3o ideal para a\u00e7o carbono, alum\u00ednio e inox\"},{\"@type\":\"BreadcrumbList\",\"@id\":\"https:\/\/www.westcorteedobra.com.br\/blog\/2025\/08\/20\/corte-a-laser-a-solucao-ideal-para-aco-carbono-aluminio-e-inox\/#breadcrumb\",\"itemListElement\":[{\"@type\":\"ListItem\",\"position\":1,\"name\":\"Home\",\"item\":\"https:\/\/www.westcorteedobra.com.br\/blog\/\"},{\"@type\":\"ListItem\",\"position\":2,\"name\":\"Corte a laser: a solu\u00e7\u00e3o ideal para a\u00e7o carbono, alum\u00ednio e inox\"}]},{\"@type\":\"WebSite\",\"@id\":\"https:\/\/www.westcorteedobra.com.br\/blog\/#website\",\"url\":\"https:\/\/www.westcorteedobra.com.br\/blog\/\",\"name\":\"Blog West Corte e Dobra\",\"description\":\"\",\"publisher\":{\"@id\":\"https:\/\/www.westcorteedobra.com.br\/blog\/#organization\"},\"potentialAction\":[{\"@type\":\"SearchAction\",\"target\":{\"@type\":\"EntryPoint\",\"urlTemplate\":\"https:\/\/www.westcorteedobra.com.br\/blog\/?s={search_term_string}\"},\"query-input\":{\"@type\":\"PropertyValueSpecification\",\"valueRequired\":true,\"valueName\":\"search_term_string\"}}],\"inLanguage\":\"pt-BR\"},{\"@type\":\"Organization\",\"@id\":\"https:\/\/www.westcorteedobra.com.br\/blog\/#organization\",\"name\":\"Blog West Corte e Dobra\",\"url\":\"https:\/\/www.westcorteedobra.com.br\/blog\/\",\"logo\":{\"@type\":\"ImageObject\",\"inLanguage\":\"pt-BR\",\"@id\":\"https:\/\/www.westcorteedobra.com.br\/blog\/#\/schema\/logo\/image\/\",\"url\":\"https:\/\/www.westcorteedobra.com.br\/blog\/wp-content\/uploads\/2024\/10\/logo-2.webp\",\"contentUrl\":\"https:\/\/www.westcorteedobra.com.br\/blog\/wp-content\/uploads\/2024\/10\/logo-2.webp\",\"width\":1200,\"height\":280,\"caption\":\"Blog West Corte e Dobra\"},\"image\":{\"@id\":\"https:\/\/www.westcorteedobra.com.br\/blog\/#\/schema\/logo\/image\/\"}},{\"@type\":\"Person\",\"@id\":\"https:\/\/www.westcorteedobra.com.br\/blog\/#\/schema\/person\/5c41559f9b03b4970e7a15a2bb78ca16\",\"name\":\"admin\",\"image\":{\"@type\":\"ImageObject\",\"inLanguage\":\"pt-BR\",\"@id\":\"https:\/\/www.westcorteedobra.com.br\/blog\/#\/schema\/person\/image\/\",\"url\":\"https:\/\/secure.gravatar.com\/avatar\/4f64c9f81bb0d4ee969aaf7b4a5a6f40?s=96&d=mm&r=g\",\"contentUrl\":\"https:\/\/secure.gravatar.com\/avatar\/4f64c9f81bb0d4ee969aaf7b4a5a6f40?s=96&d=mm&r=g\",\"caption\":\"admin\"},\"sameAs\":[\"https:\/\/www.westcorteedobra.com.br\/blog\"],\"url\":\"https:\/\/www.westcorteedobra.com.br\/blog\/author\/admin\/\"}]}<\/script>\n<!-- \/ Yoast SEO plugin. -->","yoast_head_json":{"title":"Corte a laser: ideal para a\u00e7o, alum\u00ednio e inox | West Corte","description":"Veja como o corte a laser \u00e9 a solu\u00e7\u00e3o ideal para a\u00e7o carbono, alum\u00ednio e inox, suas vantagens e onde encontrar um servi\u00e7o de qualidade.","robots":{"index":"index","follow":"follow","max-snippet":"max-snippet:-1","max-image-preview":"max-image-preview:large","max-video-preview":"max-video-preview:-1"},"canonical":"https:\/\/www.westcorteedobra.com.br\/blog\/2025\/08\/20\/corte-a-laser-a-solucao-ideal-para-aco-carbono-aluminio-e-inox\/","og_locale":"pt_BR","og_type":"article","og_title":"Corte a laser: ideal para a\u00e7o, alum\u00ednio e inox | West Corte","og_description":"Veja como o corte a laser \u00e9 a solu\u00e7\u00e3o ideal para a\u00e7o carbono, alum\u00ednio e inox, suas vantagens e onde encontrar um servi\u00e7o de qualidade.","og_url":"https:\/\/www.westcorteedobra.com.br\/blog\/2025\/08\/20\/corte-a-laser-a-solucao-ideal-para-aco-carbono-aluminio-e-inox\/","og_site_name":"Blog West Corte e Dobra","article_published_time":"2025-08-20T16:30:00+00:00","article_modified_time":"2025-08-21T05:51:19+00:00","og_image":[{"width":1000,"height":667,"url":"https:\/\/www.westcorteedobra.com.br\/blog\/wp-content\/uploads\/2024\/10\/60300.jpg","type":"image\/jpeg"}],"author":"admin","twitter_card":"summary_large_image","twitter_misc":{"Written by":"admin","Est. reading time":"7 minutos"},"schema":{"@context":"https:\/\/schema.org","@graph":[{"@type":"Article","@id":"https:\/\/www.westcorteedobra.com.br\/blog\/2025\/08\/20\/corte-a-laser-a-solucao-ideal-para-aco-carbono-aluminio-e-inox\/#article","isPartOf":{"@id":"https:\/\/www.westcorteedobra.com.br\/blog\/2025\/08\/20\/corte-a-laser-a-solucao-ideal-para-aco-carbono-aluminio-e-inox\/"},"author":{"name":"admin","@id":"https:\/\/www.westcorteedobra.com.br\/blog\/#\/schema\/person\/5c41559f9b03b4970e7a15a2bb78ca16"},"headline":"Corte a laser: a solu\u00e7\u00e3o ideal para a\u00e7o carbono, alum\u00ednio e inox","datePublished":"2025-08-20T16:30:00+00:00","dateModified":"2025-08-21T05:51:19+00:00","mainEntityOfPage":{"@id":"https:\/\/www.westcorteedobra.com.br\/blog\/2025\/08\/20\/corte-a-laser-a-solucao-ideal-para-aco-carbono-aluminio-e-inox\/"},"wordCount":1144,"commentCount":0,"publisher":{"@id":"https:\/\/www.westcorteedobra.com.br\/blog\/#organization"},"image":{"@id":"https:\/\/www.westcorteedobra.com.br\/blog\/2025\/08\/20\/corte-a-laser-a-solucao-ideal-para-aco-carbono-aluminio-e-inox\/#primaryimage"},"thumbnailUrl":"https:\/\/www.westcorteedobra.com.br\/blog\/wp-content\/uploads\/2024\/10\/60300.jpg","keywords":["corte a laser","corte a laser direto da f\u00e1brica","corte a laser em a\u00e7o carbono","corte a laser em alum\u00ednio","corte a laser em Carapicu\u00edba","corte a laser em inox","corte a laser em osasco","corte a laser em promo\u00e7\u00e3o","corte a laser em s\u00e3o paulo","corte a laser em sp","corte a laser industrial","corte a laser na grande s\u00e3o paulo","corte a laser na lapa","corte a laser na zona norte","corte a laser na zona oeste","corte a laser personalizado","corte a laser perto de mim","corte a laser pre\u00e7o","corte a laser pr\u00f3ximo a mim","Corte de chapas met\u00e1licas","corte de metais","economia com corte a laser","inova\u00e7\u00e3o em corte a laser","precis\u00e3o em corte a laser","servi\u00e7os de corte a laser","tecnologia de corte a laser","vantagens do corte a laser","West Corte e Dobra"],"articleSection":["Corte a laser"],"inLanguage":"pt-BR","potentialAction":[{"@type":"CommentAction","name":"Comment","target":["https:\/\/www.westcorteedobra.com.br\/blog\/2025\/08\/20\/corte-a-laser-a-solucao-ideal-para-aco-carbono-aluminio-e-inox\/#respond"]}]},{"@type":"WebPage","@id":"https:\/\/www.westcorteedobra.com.br\/blog\/2025\/08\/20\/corte-a-laser-a-solucao-ideal-para-aco-carbono-aluminio-e-inox\/","url":"https:\/\/www.westcorteedobra.com.br\/blog\/2025\/08\/20\/corte-a-laser-a-solucao-ideal-para-aco-carbono-aluminio-e-inox\/","name":"Corte a laser: ideal para a\u00e7o, alum\u00ednio e inox | West Corte","isPartOf":{"@id":"https:\/\/www.westcorteedobra.com.br\/blog\/#website"},"primaryImageOfPage":{"@id":"https:\/\/www.westcorteedobra.com.br\/blog\/2025\/08\/20\/corte-a-laser-a-solucao-ideal-para-aco-carbono-aluminio-e-inox\/#primaryimage"},"image":{"@id":"https:\/\/www.westcorteedobra.com.br\/blog\/2025\/08\/20\/corte-a-laser-a-solucao-ideal-para-aco-carbono-aluminio-e-inox\/#primaryimage"},"thumbnailUrl":"https:\/\/www.westcorteedobra.com.br\/blog\/wp-content\/uploads\/2024\/10\/60300.jpg","datePublished":"2025-08-20T16:30:00+00:00","dateModified":"2025-08-21T05:51:19+00:00","description":"Veja como o corte a laser \u00e9 a solu\u00e7\u00e3o ideal para a\u00e7o carbono, alum\u00ednio e inox, suas vantagens e onde encontrar um servi\u00e7o de qualidade.","breadcrumb":{"@id":"https:\/\/www.westcorteedobra.com.br\/blog\/2025\/08\/20\/corte-a-laser-a-solucao-ideal-para-aco-carbono-aluminio-e-inox\/#breadcrumb"},"inLanguage":"pt-BR","potentialAction":[{"@type":"ReadAction","target":["https:\/\/www.westcorteedobra.com.br\/blog\/2025\/08\/20\/corte-a-laser-a-solucao-ideal-para-aco-carbono-aluminio-e-inox\/"]}]},{"@type":"ImageObject","inLanguage":"pt-BR","@id":"https:\/\/www.westcorteedobra.com.br\/blog\/2025\/08\/20\/corte-a-laser-a-solucao-ideal-para-aco-carbono-aluminio-e-inox\/#primaryimage","url":"https:\/\/www.westcorteedobra.com.br\/blog\/wp-content\/uploads\/2024\/10\/60300.jpg","contentUrl":"https:\/\/www.westcorteedobra.com.br\/blog\/wp-content\/uploads\/2024\/10\/60300.jpg","width":1000,"height":667,"caption":"Corte a laser: a solu\u00e7\u00e3o ideal para a\u00e7o carbono, alum\u00ednio e inox"},{"@type":"BreadcrumbList","@id":"https:\/\/www.westcorteedobra.com.br\/blog\/2025\/08\/20\/corte-a-laser-a-solucao-ideal-para-aco-carbono-aluminio-e-inox\/#breadcrumb","itemListElement":[{"@type":"ListItem","position":1,"name":"Home","item":"https:\/\/www.westcorteedobra.com.br\/blog\/"},{"@type":"ListItem","position":2,"name":"Corte a laser: a solu\u00e7\u00e3o ideal para a\u00e7o carbono, alum\u00ednio e inox"}]},{"@type":"WebSite","@id":"https:\/\/www.westcorteedobra.com.br\/blog\/#website","url":"https:\/\/www.westcorteedobra.com.br\/blog\/","name":"Blog West Corte e Dobra","description":"","publisher":{"@id":"https:\/\/www.westcorteedobra.com.br\/blog\/#organization"},"potentialAction":[{"@type":"SearchAction","target":{"@type":"EntryPoint","urlTemplate":"https:\/\/www.westcorteedobra.com.br\/blog\/?s={search_term_string}"},"query-input":{"@type":"PropertyValueSpecification","valueRequired":true,"valueName":"search_term_string"}}],"inLanguage":"pt-BR"},{"@type":"Organization","@id":"https:\/\/www.westcorteedobra.com.br\/blog\/#organization","name":"Blog West Corte e Dobra","url":"https:\/\/www.westcorteedobra.com.br\/blog\/","logo":{"@type":"ImageObject","inLanguage":"pt-BR","@id":"https:\/\/www.westcorteedobra.com.br\/blog\/#\/schema\/logo\/image\/","url":"https:\/\/www.westcorteedobra.com.br\/blog\/wp-content\/uploads\/2024\/10\/logo-2.webp","contentUrl":"https:\/\/www.westcorteedobra.com.br\/blog\/wp-content\/uploads\/2024\/10\/logo-2.webp","width":1200,"height":280,"caption":"Blog West Corte e Dobra"},"image":{"@id":"https:\/\/www.westcorteedobra.com.br\/blog\/#\/schema\/logo\/image\/"}},{"@type":"Person","@id":"https:\/\/www.westcorteedobra.com.br\/blog\/#\/schema\/person\/5c41559f9b03b4970e7a15a2bb78ca16","name":"admin","image":{"@type":"ImageObject","inLanguage":"pt-BR","@id":"https:\/\/www.westcorteedobra.com.br\/blog\/#\/schema\/person\/image\/","url":"https:\/\/secure.gravatar.com\/avatar\/4f64c9f81bb0d4ee969aaf7b4a5a6f40?s=96&d=mm&r=g","contentUrl":"https:\/\/secure.gravatar.com\/avatar\/4f64c9f81bb0d4ee969aaf7b4a5a6f40?s=96&d=mm&r=g","caption":"admin"},"sameAs":["https:\/\/www.westcorteedobra.com.br\/blog"],"url":"https:\/\/www.westcorteedobra.com.br\/blog\/author\/admin\/"}]}},"_links":{"self":[{"href":"https:\/\/www.westcorteedobra.com.br\/blog\/wp-json\/wp\/v2\/posts\/35"}],"collection":[{"href":"https:\/\/www.westcorteedobra.com.br\/blog\/wp-json\/wp\/v2\/posts"}],"about":[{"href":"https:\/\/www.westcorteedobra.com.br\/blog\/wp-json\/wp\/v2\/types\/post"}],"author":[{"embeddable":true,"href":"https:\/\/www.westcorteedobra.com.br\/blog\/wp-json\/wp\/v2\/users\/1"}],"replies":[{"embeddable":true,"href":"https:\/\/www.westcorteedobra.com.br\/blog\/wp-json\/wp\/v2\/comments?post=35"}],"version-history":[{"count":4,"href":"https:\/\/www.westcorteedobra.com.br\/blog\/wp-json\/wp\/v2\/posts\/35\/revisions"}],"predecessor-version":[{"id":402,"href":"https:\/\/www.westcorteedobra.com.br\/blog\/wp-json\/wp\/v2\/posts\/35\/revisions\/402"}],"wp:featuredmedia":[{"embeddable":true,"href":"https:\/\/www.westcorteedobra.com.br\/blog\/wp-json\/wp\/v2\/media\/18"}],"wp:attachment":[{"href":"https:\/\/www.westcorteedobra.com.br\/blog\/wp-json\/wp\/v2\/media?parent=35"}],"wp:term":[{"taxonomy":"category","embeddable":true,"href":"https:\/\/www.westcorteedobra.com.br\/blog\/wp-json\/wp\/v2\/categories?post=35"},{"taxonomy":"post_tag","embeddable":true,"href":"https:\/\/www.westcorteedobra.com.br\/blog\/wp-json\/wp\/v2\/tags?post=35"}],"curies":[{"name":"wp","href":"https:\/\/api.w.org\/{rel}","templated":true}]}}