{"id":334,"date":"2025-07-04T11:03:06","date_gmt":"2025-07-04T14:03:06","guid":{"rendered":"https:\/\/www.westcorteedobra.com.br\/blog\/?p=334"},"modified":"2025-07-04T11:03:23","modified_gmt":"2025-07-04T14:03:23","slug":"empresa-de-corte-a-laser-na-grande-sao-paulo-conheca-as-qualidades-da-west","status":"publish","type":"post","link":"https:\/\/www.westcorteedobra.com.br\/blog\/2025\/07\/04\/empresa-de-corte-a-laser-na-grande-sao-paulo-conheca-as-qualidades-da-west\/","title":{"rendered":"Empresa de corte a laser na Grande S\u00e3o Paulo: conhe\u00e7a as qualidades da West"},"content":{"rendered":"\n<p class=\"has-medium-font-size\"><strong><em>Conhe\u00e7a os diferenciais da West, empresa de corte a laser na Grande S\u00e3o Paulo que alia qualidade, efici\u00eancia e inova\u00e7\u00e3o em cada projeto.<\/em><\/strong><\/p>\n\n\n\n<p>O corte a laser \u00e9 uma das solu\u00e7\u00f5es mais modernas da ind\u00fastria metal\u00fargica atual. Com alta precis\u00e3o e rapidez, essa tecnologia permite resultados superiores em cortes de chapas met\u00e1licas, otimizando processos e reduzindo custos. Mas n\u00e3o basta contar apenas com bons equipamentos: <strong>\u00e9 fundamental ter uma empresa que entregue qualidade real do in\u00edcio ao fim<\/strong>.<\/p>\n\n\n\n<p>Na Grande S\u00e3o Paulo, a <em>West Corte e Dobra<\/em> tem se destacado como uma refer\u00eancia no segmento. Atuando com excel\u00eancia t\u00e9cnica e compromisso com seus clientes, a empresa oferece solu\u00e7\u00f5es completas em corte e dobra de chapas met\u00e1licas, sempre com foco na efici\u00eancia e na inova\u00e7\u00e3o.<\/p>\n\n\n\n<p>Se voc\u00ea \u00e9 profissional da \u00e1rea e busca um parceiro confi\u00e1vel para servi\u00e7os que exigem alto desempenho, continue a leitura e descubra por que a <em>West <\/em>\u00e9 a escolha certa.<\/p>\n\n\n\n<ul class=\"wp-block-list\">\n<li><a href=\"https:\/\/www.westcorteedobra.com.br\/blog\/2025\/07\/02\/servico-de-corte-em-guilhotina-em-sao-paulo-conte-com-a-west\/\" target=\"_blank\" rel=\"noreferrer noopener\">Servi\u00e7o de corte em guilhotina em S\u00e3o Paulo? Conte com a West<\/a><\/li>\n<\/ul>\n\n\n\n<h2 class=\"wp-block-heading\">Comprometimento com a qualidade e efici\u00eancia<\/h2>\n\n\n\n<p>A <em>West<\/em> tem como princ\u00edpio b\u00e1sico entregar excel\u00eancia em cada etapa do processo. Desde o primeiro contato at\u00e9 a finaliza\u00e7\u00e3o do servi\u00e7o, o cuidado com os detalhes \u00e9 vis\u00edvel. A equipe trabalha com aten\u00e7\u00e3o redobrada na an\u00e1lise t\u00e9cnica das demandas, assegurando que cada projeto seja executado com o m\u00e1ximo de precis\u00e3o.<\/p>\n\n\n\n<p>A efici\u00eancia tamb\u00e9m \u00e9 um dos pilares da empresa. Os prazos s\u00e3o respeitados com rigor e os processos internos s\u00e3o otimizados para que n\u00e3o haja desperd\u00edcios, nem de tempo, nem de materiais. O resultado disso s\u00e3o entregas pontuais, cortes precisos e clientes satisfeitos.<\/p>\n\n\n\n<p>Esse comprometimento com a qualidade faz da <em>West<\/em> uma empresa admirada por quem j\u00e1 contratou seus servi\u00e7os e confia na excel\u00eancia que ela oferece.<\/p>\n\n\n\n<ul class=\"wp-block-list\">\n<li><a href=\"https:\/\/www.westcorteedobra.com.br\/blog\/2025\/06\/27\/entenda-as-aplicacoes-da-dobra-de-aco-na-industria\/\" target=\"_blank\" rel=\"noreferrer noopener\">Entenda as aplica\u00e7\u00f5es da dobra de a\u00e7o na ind\u00fastria<\/a><\/li>\n<\/ul>\n\n\n\n<h2 class=\"wp-block-heading\">Inova\u00e7\u00e3o e tecnologia como pilares do servi\u00e7o<\/h2>\n\n\n\n<p>O mercado de corte a laser exige atualiza\u00e7\u00e3o constante. Por isso, a West investe continuamente em equipamentos modernos e processos tecnol\u00f3gicos avan\u00e7ados. Isso permite que a empresa atenda desde demandas simples at\u00e9 os projetos mais complexos, com acabamentos impec\u00e1veis e m\u00e1xima fidelidade ao desenho t\u00e9cnico original.<\/p>\n\n\n\n<p>A precis\u00e3o milim\u00e9trica dos cortes a laser realizados pela West garante maior aproveitamento das chapas e reduz a necessidade de retrabalhos. Al\u00e9m disso, a tecnologia de ponta permite trabalhar com diferentes tipos de materiais, como a\u00e7o carbono, a\u00e7o inox e alum\u00ednio, sempre com alta performance.<\/p>\n\n\n\n<p>A inova\u00e7\u00e3o \u00e9 parte do DNA da empresa, que busca sempre antecipar solu\u00e7\u00f5es para as demandas de seus clientes. Essa vis\u00e3o futurista \u00e9 um diferencial competitivo que se traduz em mais agilidade, mais qualidade e mais confian\u00e7a nos resultados.<\/p>\n\n\n\n<h2 class=\"wp-block-heading\">Relacionamento de confian\u00e7a com os clientes<\/h2>\n\n\n\n<p>Al\u00e9m da tecnologia, a <em>West<\/em> entende que a constru\u00e7\u00e3o de parcerias s\u00f3lidas come\u00e7a com o bom atendimento. Por isso, um dos maiores valores da empresa est\u00e1 na proximidade com o cliente. O time da <em>West<\/em> atua de forma consultiva, ajudando na melhor escolha de materiais e t\u00e9cnicas de corte, conforme as especificidades de cada projeto.<\/p>\n\n\n\n<p>Esse relacionamento transparente, com comunica\u00e7\u00e3o clara e r\u00e1pida, fortalece a confian\u00e7a e garante tranquilidade para quem contrata. Muitos clientes retornam justamente pela seguran\u00e7a que sentem ao trabalhar com a empresa, sabendo que ser\u00e3o atendidos com seriedade e compromisso.<\/p>\n\n\n\n<p>Ao longo dos anos, essa rela\u00e7\u00e3o de parceria se transformou em um diferencial que vai al\u00e9m da entrega t\u00e9cnica, tornando a <em>West<\/em> uma refer\u00eancia de confian\u00e7a na regi\u00e3o.<\/p>\n\n\n\n<h2 class=\"wp-block-heading\">Fale com a West e leve mais efici\u00eancia ao seu projeto<\/h2>\n\n\n\n<p>A <strong><em><a href=\"https:\/\/www.westcorteedobra.com.br\/\" target=\"_blank\" rel=\"noreferrer noopener\">West Corte e Dobra<\/a><\/em> <\/strong>\u00e9 uma empresa comprometida em oferecer solu\u00e7\u00f5es de alta qualidade no corte e dobra de chapas met\u00e1licas. Sua miss\u00e3o \u00e9 clara: otimizar os processos dos clientes, reduzindo custos e garantindo agilidade em cada servi\u00e7o.<\/p>\n\n\n\n<p>Com um foco constante em inova\u00e7\u00e3o e excel\u00eancia, a <em>West<\/em> se dedica todos os dias para superar expectativas e construir rela\u00e7\u00f5es duradouras de confian\u00e7a. Atuando com materiais como a\u00e7o carbono, inox e alum\u00ednio, a empresa mostra versatilidade e dom\u00ednio t\u00e9cnico em diversos tipos de demandas.<\/p>\n\n\n\n<p>Se voc\u00ea busca uma empresa de corte a laser na Grande S\u00e3o Paulo, que alia tecnologia, efici\u00eancia e comprometimento, a <em>West<\/em> \u00e9 a escolha ideal. Entre em contato agora mesmo e veja como resultados comprovados podem fazer diferen\u00e7a nos seus projetos.<\/p>\n\n\n\n<h2 class=\"wp-block-heading\">Corte a laser com excel\u00eancia: por que escolher a West \u00e9 a decis\u00e3o certa<\/h2>\n\n\n\n<p>Ao longo deste artigo, mostramos como a <em>West<\/em> alia qualidade, inova\u00e7\u00e3o, relacionamento e efici\u00eancia para entregar um servi\u00e7o de corte a laser realmente diferenciado. Seus investimentos em tecnologia, sua postura \u00e9tica e sua dedica\u00e7\u00e3o ao cliente fazem dela uma refer\u00eancia entre as empresas do setor na Grande S\u00e3o Paulo.<\/p>\n\n\n\n<p>Profissionais exigentes, que n\u00e3o abrem m\u00e3o de desempenho e confiabilidade, encontram na West um parceiro de longo prazo. Se voc\u00ea quer mais do que um servi\u00e7o de corte a laser, mas sim um aliado estrat\u00e9gico, chegou a hora de conhecer a <em>West<\/em>.<\/p>\n\n\n\n<p><strong><a href=\"https:\/\/www.westcorteedobra.com.br\/fale-conosco\" target=\"_blank\" rel=\"noreferrer noopener\">Entre em contato<\/a> agora mesmo e leve mais efici\u00eancia e precis\u00e3o aos seus projetos industriais. Uma empresa que entrega mais do que promessas: entrega resultados.<\/strong><\/p>\n\n\n\n<p><strong>Solicite seu or\u00e7amento personalizado!<\/strong><\/p>\n","protected":false},"excerpt":{"rendered":"<p>Conhe\u00e7a os diferenciais da West, empresa de corte a laser na Grande S\u00e3o Paulo que alia qualidade, efici\u00eancia e inova\u00e7\u00e3o em cada projeto. O corte a laser \u00e9 uma das solu\u00e7\u00f5es mais modernas da ind\u00fastria metal\u00fargica atual. Com alta precis\u00e3o e rapidez, essa tecnologia permite resultados superiores em cortes de chapas met\u00e1licas, otimizando processos e &hellip; <\/p>\n","protected":false},"author":1,"featured_media":335,"comment_status":"open","ping_status":"open","sticky":false,"template":"","format":"standard","meta":{"footnotes":""},"categories":[102,2356,832,1016,2305,267],"tags":[841,2452,344,103,2264,2453,2277,2451,2464,2244,327,113,2260,2246,2461,2247,2454,2320,2465,9,2455,2168,2466,223,509,546,508,299,2458,2447,1905,2457,2462,2459,2319,2449,1089,2448,2450,2463,271,525,316,2456,514,2460,2400,110],"class_list":["post-334","post","type-post","status-publish","format-standard","has-post-thumbnail","hentry","category-corte-a-laser","category-corte-a-laser-chapa-de-aco","category-corte-a-laser-em-aluminio","category-corte-a-laser-em-inox","category-corte-a-laser-para-metais","category-servico-de-corte-a-laser","tag-acabamento-em-corte-a-laser","tag-atendimento-especializado-corte-a-laser","tag-confianca-em-servicos-de-corte","tag-corte-a-laser","tag-corte-a-laser-aco-carbono","tag-corte-a-laser-alta-performance","tag-corte-a-laser-aluminio","tag-corte-a-laser-com-agilidade","tag-corte-a-laser-com-precisao","tag-corte-a-laser-inox","tag-corte-a-laser-para-industrias","tag-corte-a-laser-personalizado","tag-corte-a-laser-profissional","tag-corte-a-laser-sob-medida","tag-corte-a-laser-sob-projeto","tag-corte-a-laser-sp","tag-corte-a-laser-sp-capital","tag-corte-a-laser-tecnico","tag-corte-de-chapas-eficiente","tag-corte-de-chapas-metalicas","tag-corte-de-metais-a-laser","tag-corte-de-metal-sob-medida","tag-corte-e-acabamento-industrial","tag-corte-e-dobra-de-metais","tag-corte-industrial-a-laser","tag-dobra-de-chapas-metalicas","tag-eficiencia-no-corte-a-laser","tag-empresa-de-corte-a-laser","tag-empresa-de-corte-a-laser-confiavel","tag-empresa-de-corte-a-laser-na-grande-sao-paulo","tag-empresa-de-corte-e-dobra","tag-empresas-de-corte-metalico-sp","tag-especialista-em-corte-a-laser","tag-fornecedor-corte-a-laser-sp","tag-fornecedores-de-corte-a-laser","tag-industria-corte-a-laser","tag-inovacao-em-corte-de-chapas","tag-metalurgia-corte-a-laser","tag-parceiro-em-corte-a-laser","tag-parceiro-industrial-corte-a-laser","tag-precisao-no-corte-a-laser","tag-qualidade-em-corte-a-laser","tag-servico-de-corte-a-laser","tag-servico-de-corte-em-aco","tag-solucoes-em-corte-a-laser","tag-solucoes-industriais-em-corte","tag-tecnologia-em-corte-a-laser","tag-west-corte-e-dobra","latest_post"],"yoast_head":"<!-- This site is optimized with the Yoast SEO plugin v25.2 - https:\/\/yoast.com\/wordpress\/plugins\/seo\/ -->\n<title>Empresa de corte a laser na Grande S\u00e3o Paulo: conhe\u00e7a as qualidades da West<\/title>\n<meta name=\"description\" content=\"Conhe\u00e7a os diferenciais da West, empresa de corte a laser na Grande S\u00e3o Paulo que alia qualidade, efici\u00eancia e inova\u00e7\u00e3o em cada projeto.\" \/>\n<meta name=\"robots\" content=\"index, follow, max-snippet:-1, max-image-preview:large, max-video-preview:-1\" \/>\n<link rel=\"canonical\" href=\"https:\/\/www.westcorteedobra.com.br\/blog\/2025\/07\/04\/empresa-de-corte-a-laser-na-grande-sao-paulo-conheca-as-qualidades-da-west\/\" \/>\n<meta property=\"og:locale\" content=\"pt_BR\" \/>\n<meta property=\"og:type\" content=\"article\" \/>\n<meta property=\"og:title\" content=\"Empresa de corte a laser na Grande S\u00e3o Paulo: conhe\u00e7a as qualidades da West\" \/>\n<meta property=\"og:description\" content=\"Conhe\u00e7a os diferenciais da West, empresa de corte a laser na Grande S\u00e3o Paulo que alia qualidade, efici\u00eancia e inova\u00e7\u00e3o em cada projeto.\" \/>\n<meta property=\"og:url\" content=\"https:\/\/www.westcorteedobra.com.br\/blog\/2025\/07\/04\/empresa-de-corte-a-laser-na-grande-sao-paulo-conheca-as-qualidades-da-west\/\" \/>\n<meta property=\"og:site_name\" content=\"Blog West Corte e Dobra\" \/>\n<meta property=\"article:published_time\" content=\"2025-07-04T14:03:06+00:00\" \/>\n<meta property=\"article:modified_time\" content=\"2025-07-04T14:03:23+00:00\" \/>\n<meta property=\"og:image\" content=\"https:\/\/www.westcorteedobra.com.br\/blog\/wp-content\/uploads\/2025\/07\/1433.jpg\" \/>\n\t<meta property=\"og:image:width\" content=\"1000\" \/>\n\t<meta property=\"og:image:height\" content=\"667\" \/>\n\t<meta property=\"og:image:type\" content=\"image\/jpeg\" \/>\n<meta name=\"author\" content=\"admin\" \/>\n<meta name=\"twitter:card\" content=\"summary_large_image\" \/>\n<meta name=\"twitter:label1\" content=\"Written by\" \/>\n\t<meta name=\"twitter:data1\" content=\"admin\" \/>\n\t<meta name=\"twitter:label2\" content=\"Est. reading time\" \/>\n\t<meta name=\"twitter:data2\" content=\"5 minutos\" \/>\n<script type=\"application\/ld+json\" class=\"yoast-schema-graph\">{\"@context\":\"https:\/\/schema.org\",\"@graph\":[{\"@type\":\"Article\",\"@id\":\"https:\/\/www.westcorteedobra.com.br\/blog\/2025\/07\/04\/empresa-de-corte-a-laser-na-grande-sao-paulo-conheca-as-qualidades-da-west\/#article\",\"isPartOf\":{\"@id\":\"https:\/\/www.westcorteedobra.com.br\/blog\/2025\/07\/04\/empresa-de-corte-a-laser-na-grande-sao-paulo-conheca-as-qualidades-da-west\/\"},\"author\":{\"name\":\"admin\",\"@id\":\"https:\/\/www.westcorteedobra.com.br\/blog\/#\/schema\/person\/5c41559f9b03b4970e7a15a2bb78ca16\"},\"headline\":\"Empresa de corte a laser na Grande S\u00e3o Paulo: conhe\u00e7a as qualidades da West\",\"datePublished\":\"2025-07-04T14:03:06+00:00\",\"dateModified\":\"2025-07-04T14:03:23+00:00\",\"mainEntityOfPage\":{\"@id\":\"https:\/\/www.westcorteedobra.com.br\/blog\/2025\/07\/04\/empresa-de-corte-a-laser-na-grande-sao-paulo-conheca-as-qualidades-da-west\/\"},\"wordCount\":950,\"commentCount\":0,\"publisher\":{\"@id\":\"https:\/\/www.westcorteedobra.com.br\/blog\/#organization\"},\"image\":{\"@id\":\"https:\/\/www.westcorteedobra.com.br\/blog\/2025\/07\/04\/empresa-de-corte-a-laser-na-grande-sao-paulo-conheca-as-qualidades-da-west\/#primaryimage\"},\"thumbnailUrl\":\"https:\/\/www.westcorteedobra.com.br\/blog\/wp-content\/uploads\/2025\/07\/1433.jpg\",\"keywords\":[\"acabamento em corte a laser\",\"atendimento especializado corte a laser\",\"confian\u00e7a em servi\u00e7os de corte\",\"corte a laser\",\"corte a laser a\u00e7o carbono\",\"corte a laser alta performance\",\"corte a laser alum\u00ednio\",\"corte a laser com agilidade\",\"corte a laser com precis\u00e3o\",\"corte a laser inox\",\"corte a laser para ind\u00fastrias\",\"corte a laser personalizado\",\"corte a laser profissional\",\"corte a laser sob medida\",\"corte a laser sob projeto\",\"corte a laser SP\",\"corte a laser SP capital\",\"corte a laser t\u00e9cnico\",\"corte de chapas eficiente\",\"Corte de chapas met\u00e1licas\",\"corte de metais a laser\",\"corte de metal sob medida\",\"corte e acabamento industrial\",\"corte e dobra de metais\",\"corte industrial a laser\",\"dobra de chapas met\u00e1licas\",\"efici\u00eancia no corte a laser\",\"empresa de corte a laser\",\"empresa de corte a laser confi\u00e1vel\",\"empresa de corte a laser na Grande S\u00e3o Paulo\",\"empresa de corte e dobra\",\"empresas de corte met\u00e1lico SP\",\"especialista em corte a laser\",\"fornecedor corte a laser SP\",\"fornecedores de corte a laser\",\"ind\u00fastria corte a laser\",\"inova\u00e7\u00e3o em corte de chapas\",\"metalurgia corte a laser\",\"parceiro em corte a laser\",\"parceiro industrial corte a laser\",\"precis\u00e3o no corte a laser\",\"qualidade em corte a laser\",\"servi\u00e7o de corte a laser\",\"servi\u00e7o de corte em a\u00e7o\",\"solu\u00e7\u00f5es em corte a laser\",\"solu\u00e7\u00f5es industriais em corte\",\"tecnologia em corte a laser\",\"West Corte e Dobra\"],\"articleSection\":[\"Corte a laser\",\"Corte a laser chapa de a\u00e7o\",\"Corte a laser em alum\u00ednio\",\"Corte a laser em inox\",\"Corte a laser para metais\",\"Servi\u00e7o de corte a laser\"],\"inLanguage\":\"pt-BR\",\"potentialAction\":[{\"@type\":\"CommentAction\",\"name\":\"Comment\",\"target\":[\"https:\/\/www.westcorteedobra.com.br\/blog\/2025\/07\/04\/empresa-de-corte-a-laser-na-grande-sao-paulo-conheca-as-qualidades-da-west\/#respond\"]}]},{\"@type\":\"WebPage\",\"@id\":\"https:\/\/www.westcorteedobra.com.br\/blog\/2025\/07\/04\/empresa-de-corte-a-laser-na-grande-sao-paulo-conheca-as-qualidades-da-west\/\",\"url\":\"https:\/\/www.westcorteedobra.com.br\/blog\/2025\/07\/04\/empresa-de-corte-a-laser-na-grande-sao-paulo-conheca-as-qualidades-da-west\/\",\"name\":\"Empresa de corte a laser na Grande S\u00e3o Paulo: conhe\u00e7a as qualidades da West\",\"isPartOf\":{\"@id\":\"https:\/\/www.westcorteedobra.com.br\/blog\/#website\"},\"primaryImageOfPage\":{\"@id\":\"https:\/\/www.westcorteedobra.com.br\/blog\/2025\/07\/04\/empresa-de-corte-a-laser-na-grande-sao-paulo-conheca-as-qualidades-da-west\/#primaryimage\"},\"image\":{\"@id\":\"https:\/\/www.westcorteedobra.com.br\/blog\/2025\/07\/04\/empresa-de-corte-a-laser-na-grande-sao-paulo-conheca-as-qualidades-da-west\/#primaryimage\"},\"thumbnailUrl\":\"https:\/\/www.westcorteedobra.com.br\/blog\/wp-content\/uploads\/2025\/07\/1433.jpg\",\"datePublished\":\"2025-07-04T14:03:06+00:00\",\"dateModified\":\"2025-07-04T14:03:23+00:00\",\"description\":\"Conhe\u00e7a os diferenciais da West, empresa de corte a laser na Grande S\u00e3o Paulo que alia qualidade, efici\u00eancia e inova\u00e7\u00e3o em cada projeto.\",\"breadcrumb\":{\"@id\":\"https:\/\/www.westcorteedobra.com.br\/blog\/2025\/07\/04\/empresa-de-corte-a-laser-na-grande-sao-paulo-conheca-as-qualidades-da-west\/#breadcrumb\"},\"inLanguage\":\"pt-BR\",\"potentialAction\":[{\"@type\":\"ReadAction\",\"target\":[\"https:\/\/www.westcorteedobra.com.br\/blog\/2025\/07\/04\/empresa-de-corte-a-laser-na-grande-sao-paulo-conheca-as-qualidades-da-west\/\"]}]},{\"@type\":\"ImageObject\",\"inLanguage\":\"pt-BR\",\"@id\":\"https:\/\/www.westcorteedobra.com.br\/blog\/2025\/07\/04\/empresa-de-corte-a-laser-na-grande-sao-paulo-conheca-as-qualidades-da-west\/#primaryimage\",\"url\":\"https:\/\/www.westcorteedobra.com.br\/blog\/wp-content\/uploads\/2025\/07\/1433.jpg\",\"contentUrl\":\"https:\/\/www.westcorteedobra.com.br\/blog\/wp-content\/uploads\/2025\/07\/1433.jpg\",\"width\":1000,\"height\":667,\"caption\":\"Empresa de corte a laser na Grande S\u00e3o Paulo: conhe\u00e7a as qualidades da West\"},{\"@type\":\"BreadcrumbList\",\"@id\":\"https:\/\/www.westcorteedobra.com.br\/blog\/2025\/07\/04\/empresa-de-corte-a-laser-na-grande-sao-paulo-conheca-as-qualidades-da-west\/#breadcrumb\",\"itemListElement\":[{\"@type\":\"ListItem\",\"position\":1,\"name\":\"Home\",\"item\":\"https:\/\/www.westcorteedobra.com.br\/blog\/\"},{\"@type\":\"ListItem\",\"position\":2,\"name\":\"Empresa de corte a laser na Grande S\u00e3o Paulo: conhe\u00e7a as qualidades da West\"}]},{\"@type\":\"WebSite\",\"@id\":\"https:\/\/www.westcorteedobra.com.br\/blog\/#website\",\"url\":\"https:\/\/www.westcorteedobra.com.br\/blog\/\",\"name\":\"Blog West Corte e Dobra\",\"description\":\"\",\"publisher\":{\"@id\":\"https:\/\/www.westcorteedobra.com.br\/blog\/#organization\"},\"potentialAction\":[{\"@type\":\"SearchAction\",\"target\":{\"@type\":\"EntryPoint\",\"urlTemplate\":\"https:\/\/www.westcorteedobra.com.br\/blog\/?s={search_term_string}\"},\"query-input\":{\"@type\":\"PropertyValueSpecification\",\"valueRequired\":true,\"valueName\":\"search_term_string\"}}],\"inLanguage\":\"pt-BR\"},{\"@type\":\"Organization\",\"@id\":\"https:\/\/www.westcorteedobra.com.br\/blog\/#organization\",\"name\":\"Blog West Corte e Dobra\",\"url\":\"https:\/\/www.westcorteedobra.com.br\/blog\/\",\"logo\":{\"@type\":\"ImageObject\",\"inLanguage\":\"pt-BR\",\"@id\":\"https:\/\/www.westcorteedobra.com.br\/blog\/#\/schema\/logo\/image\/\",\"url\":\"https:\/\/www.westcorteedobra.com.br\/blog\/wp-content\/uploads\/2024\/10\/logo-2.webp\",\"contentUrl\":\"https:\/\/www.westcorteedobra.com.br\/blog\/wp-content\/uploads\/2024\/10\/logo-2.webp\",\"width\":1200,\"height\":280,\"caption\":\"Blog West Corte e Dobra\"},\"image\":{\"@id\":\"https:\/\/www.westcorteedobra.com.br\/blog\/#\/schema\/logo\/image\/\"}},{\"@type\":\"Person\",\"@id\":\"https:\/\/www.westcorteedobra.com.br\/blog\/#\/schema\/person\/5c41559f9b03b4970e7a15a2bb78ca16\",\"name\":\"admin\",\"image\":{\"@type\":\"ImageObject\",\"inLanguage\":\"pt-BR\",\"@id\":\"https:\/\/www.westcorteedobra.com.br\/blog\/#\/schema\/person\/image\/\",\"url\":\"https:\/\/secure.gravatar.com\/avatar\/4f64c9f81bb0d4ee969aaf7b4a5a6f40?s=96&d=mm&r=g\",\"contentUrl\":\"https:\/\/secure.gravatar.com\/avatar\/4f64c9f81bb0d4ee969aaf7b4a5a6f40?s=96&d=mm&r=g\",\"caption\":\"admin\"},\"sameAs\":[\"https:\/\/www.westcorteedobra.com.br\/blog\"],\"url\":\"https:\/\/www.westcorteedobra.com.br\/blog\/author\/admin\/\"}]}<\/script>\n<!-- \/ Yoast SEO plugin. -->","yoast_head_json":{"title":"Empresa de corte a laser na Grande S\u00e3o Paulo: conhe\u00e7a as qualidades da West","description":"Conhe\u00e7a os diferenciais da West, empresa de corte a laser na Grande S\u00e3o Paulo que alia qualidade, efici\u00eancia e inova\u00e7\u00e3o em cada projeto.","robots":{"index":"index","follow":"follow","max-snippet":"max-snippet:-1","max-image-preview":"max-image-preview:large","max-video-preview":"max-video-preview:-1"},"canonical":"https:\/\/www.westcorteedobra.com.br\/blog\/2025\/07\/04\/empresa-de-corte-a-laser-na-grande-sao-paulo-conheca-as-qualidades-da-west\/","og_locale":"pt_BR","og_type":"article","og_title":"Empresa de corte a laser na Grande S\u00e3o Paulo: conhe\u00e7a as qualidades da West","og_description":"Conhe\u00e7a os diferenciais da West, empresa de corte a laser na Grande S\u00e3o Paulo que alia qualidade, efici\u00eancia e inova\u00e7\u00e3o em cada projeto.","og_url":"https:\/\/www.westcorteedobra.com.br\/blog\/2025\/07\/04\/empresa-de-corte-a-laser-na-grande-sao-paulo-conheca-as-qualidades-da-west\/","og_site_name":"Blog West Corte e Dobra","article_published_time":"2025-07-04T14:03:06+00:00","article_modified_time":"2025-07-04T14:03:23+00:00","og_image":[{"width":1000,"height":667,"url":"https:\/\/www.westcorteedobra.com.br\/blog\/wp-content\/uploads\/2025\/07\/1433.jpg","type":"image\/jpeg"}],"author":"admin","twitter_card":"summary_large_image","twitter_misc":{"Written by":"admin","Est. reading time":"5 minutos"},"schema":{"@context":"https:\/\/schema.org","@graph":[{"@type":"Article","@id":"https:\/\/www.westcorteedobra.com.br\/blog\/2025\/07\/04\/empresa-de-corte-a-laser-na-grande-sao-paulo-conheca-as-qualidades-da-west\/#article","isPartOf":{"@id":"https:\/\/www.westcorteedobra.com.br\/blog\/2025\/07\/04\/empresa-de-corte-a-laser-na-grande-sao-paulo-conheca-as-qualidades-da-west\/"},"author":{"name":"admin","@id":"https:\/\/www.westcorteedobra.com.br\/blog\/#\/schema\/person\/5c41559f9b03b4970e7a15a2bb78ca16"},"headline":"Empresa de corte a laser na Grande S\u00e3o Paulo: conhe\u00e7a as qualidades da West","datePublished":"2025-07-04T14:03:06+00:00","dateModified":"2025-07-04T14:03:23+00:00","mainEntityOfPage":{"@id":"https:\/\/www.westcorteedobra.com.br\/blog\/2025\/07\/04\/empresa-de-corte-a-laser-na-grande-sao-paulo-conheca-as-qualidades-da-west\/"},"wordCount":950,"commentCount":0,"publisher":{"@id":"https:\/\/www.westcorteedobra.com.br\/blog\/#organization"},"image":{"@id":"https:\/\/www.westcorteedobra.com.br\/blog\/2025\/07\/04\/empresa-de-corte-a-laser-na-grande-sao-paulo-conheca-as-qualidades-da-west\/#primaryimage"},"thumbnailUrl":"https:\/\/www.westcorteedobra.com.br\/blog\/wp-content\/uploads\/2025\/07\/1433.jpg","keywords":["acabamento em corte a laser","atendimento especializado corte a laser","confian\u00e7a em servi\u00e7os de corte","corte a laser","corte a laser a\u00e7o carbono","corte a laser alta performance","corte a laser alum\u00ednio","corte a laser com agilidade","corte a laser com precis\u00e3o","corte a laser inox","corte a laser para ind\u00fastrias","corte a laser personalizado","corte a laser profissional","corte a laser sob medida","corte a laser sob projeto","corte a laser SP","corte a laser SP capital","corte a laser t\u00e9cnico","corte de chapas eficiente","Corte de chapas met\u00e1licas","corte de metais a laser","corte de metal sob medida","corte e acabamento industrial","corte e dobra de metais","corte industrial a laser","dobra de chapas met\u00e1licas","efici\u00eancia no corte a laser","empresa de corte a laser","empresa de corte a laser confi\u00e1vel","empresa de corte a laser na Grande S\u00e3o Paulo","empresa de corte e dobra","empresas de corte met\u00e1lico SP","especialista em corte a laser","fornecedor corte a laser SP","fornecedores de corte a laser","ind\u00fastria corte a laser","inova\u00e7\u00e3o em corte de chapas","metalurgia corte a laser","parceiro em corte a laser","parceiro industrial corte a laser","precis\u00e3o no corte a laser","qualidade em corte a laser","servi\u00e7o de corte a laser","servi\u00e7o de corte em a\u00e7o","solu\u00e7\u00f5es em corte a laser","solu\u00e7\u00f5es industriais em corte","tecnologia em corte a laser","West Corte e Dobra"],"articleSection":["Corte a laser","Corte a laser chapa de a\u00e7o","Corte a laser em alum\u00ednio","Corte a laser em inox","Corte a laser para metais","Servi\u00e7o de corte a laser"],"inLanguage":"pt-BR","potentialAction":[{"@type":"CommentAction","name":"Comment","target":["https:\/\/www.westcorteedobra.com.br\/blog\/2025\/07\/04\/empresa-de-corte-a-laser-na-grande-sao-paulo-conheca-as-qualidades-da-west\/#respond"]}]},{"@type":"WebPage","@id":"https:\/\/www.westcorteedobra.com.br\/blog\/2025\/07\/04\/empresa-de-corte-a-laser-na-grande-sao-paulo-conheca-as-qualidades-da-west\/","url":"https:\/\/www.westcorteedobra.com.br\/blog\/2025\/07\/04\/empresa-de-corte-a-laser-na-grande-sao-paulo-conheca-as-qualidades-da-west\/","name":"Empresa de corte a laser na Grande S\u00e3o Paulo: conhe\u00e7a as qualidades da West","isPartOf":{"@id":"https:\/\/www.westcorteedobra.com.br\/blog\/#website"},"primaryImageOfPage":{"@id":"https:\/\/www.westcorteedobra.com.br\/blog\/2025\/07\/04\/empresa-de-corte-a-laser-na-grande-sao-paulo-conheca-as-qualidades-da-west\/#primaryimage"},"image":{"@id":"https:\/\/www.westcorteedobra.com.br\/blog\/2025\/07\/04\/empresa-de-corte-a-laser-na-grande-sao-paulo-conheca-as-qualidades-da-west\/#primaryimage"},"thumbnailUrl":"https:\/\/www.westcorteedobra.com.br\/blog\/wp-content\/uploads\/2025\/07\/1433.jpg","datePublished":"2025-07-04T14:03:06+00:00","dateModified":"2025-07-04T14:03:23+00:00","description":"Conhe\u00e7a os diferenciais da West, empresa de corte a laser na Grande S\u00e3o Paulo que alia qualidade, efici\u00eancia e inova\u00e7\u00e3o em cada projeto.","breadcrumb":{"@id":"https:\/\/www.westcorteedobra.com.br\/blog\/2025\/07\/04\/empresa-de-corte-a-laser-na-grande-sao-paulo-conheca-as-qualidades-da-west\/#breadcrumb"},"inLanguage":"pt-BR","potentialAction":[{"@type":"ReadAction","target":["https:\/\/www.westcorteedobra.com.br\/blog\/2025\/07\/04\/empresa-de-corte-a-laser-na-grande-sao-paulo-conheca-as-qualidades-da-west\/"]}]},{"@type":"ImageObject","inLanguage":"pt-BR","@id":"https:\/\/www.westcorteedobra.com.br\/blog\/2025\/07\/04\/empresa-de-corte-a-laser-na-grande-sao-paulo-conheca-as-qualidades-da-west\/#primaryimage","url":"https:\/\/www.westcorteedobra.com.br\/blog\/wp-content\/uploads\/2025\/07\/1433.jpg","contentUrl":"https:\/\/www.westcorteedobra.com.br\/blog\/wp-content\/uploads\/2025\/07\/1433.jpg","width":1000,"height":667,"caption":"Empresa de corte a laser na Grande S\u00e3o Paulo: conhe\u00e7a as qualidades da West"},{"@type":"BreadcrumbList","@id":"https:\/\/www.westcorteedobra.com.br\/blog\/2025\/07\/04\/empresa-de-corte-a-laser-na-grande-sao-paulo-conheca-as-qualidades-da-west\/#breadcrumb","itemListElement":[{"@type":"ListItem","position":1,"name":"Home","item":"https:\/\/www.westcorteedobra.com.br\/blog\/"},{"@type":"ListItem","position":2,"name":"Empresa de corte a laser na Grande S\u00e3o Paulo: conhe\u00e7a as qualidades da West"}]},{"@type":"WebSite","@id":"https:\/\/www.westcorteedobra.com.br\/blog\/#website","url":"https:\/\/www.westcorteedobra.com.br\/blog\/","name":"Blog West Corte e Dobra","description":"","publisher":{"@id":"https:\/\/www.westcorteedobra.com.br\/blog\/#organization"},"potentialAction":[{"@type":"SearchAction","target":{"@type":"EntryPoint","urlTemplate":"https:\/\/www.westcorteedobra.com.br\/blog\/?s={search_term_string}"},"query-input":{"@type":"PropertyValueSpecification","valueRequired":true,"valueName":"search_term_string"}}],"inLanguage":"pt-BR"},{"@type":"Organization","@id":"https:\/\/www.westcorteedobra.com.br\/blog\/#organization","name":"Blog West Corte e Dobra","url":"https:\/\/www.westcorteedobra.com.br\/blog\/","logo":{"@type":"ImageObject","inLanguage":"pt-BR","@id":"https:\/\/www.westcorteedobra.com.br\/blog\/#\/schema\/logo\/image\/","url":"https:\/\/www.westcorteedobra.com.br\/blog\/wp-content\/uploads\/2024\/10\/logo-2.webp","contentUrl":"https:\/\/www.westcorteedobra.com.br\/blog\/wp-content\/uploads\/2024\/10\/logo-2.webp","width":1200,"height":280,"caption":"Blog West Corte e Dobra"},"image":{"@id":"https:\/\/www.westcorteedobra.com.br\/blog\/#\/schema\/logo\/image\/"}},{"@type":"Person","@id":"https:\/\/www.westcorteedobra.com.br\/blog\/#\/schema\/person\/5c41559f9b03b4970e7a15a2bb78ca16","name":"admin","image":{"@type":"ImageObject","inLanguage":"pt-BR","@id":"https:\/\/www.westcorteedobra.com.br\/blog\/#\/schema\/person\/image\/","url":"https:\/\/secure.gravatar.com\/avatar\/4f64c9f81bb0d4ee969aaf7b4a5a6f40?s=96&d=mm&r=g","contentUrl":"https:\/\/secure.gravatar.com\/avatar\/4f64c9f81bb0d4ee969aaf7b4a5a6f40?s=96&d=mm&r=g","caption":"admin"},"sameAs":["https:\/\/www.westcorteedobra.com.br\/blog"],"url":"https:\/\/www.westcorteedobra.com.br\/blog\/author\/admin\/"}]}},"_links":{"self":[{"href":"https:\/\/www.westcorteedobra.com.br\/blog\/wp-json\/wp\/v2\/posts\/334"}],"collection":[{"href":"https:\/\/www.westcorteedobra.com.br\/blog\/wp-json\/wp\/v2\/posts"}],"about":[{"href":"https:\/\/www.westcorteedobra.com.br\/blog\/wp-json\/wp\/v2\/types\/post"}],"author":[{"embeddable":true,"href":"https:\/\/www.westcorteedobra.com.br\/blog\/wp-json\/wp\/v2\/users\/1"}],"replies":[{"embeddable":true,"href":"https:\/\/www.westcorteedobra.com.br\/blog\/wp-json\/wp\/v2\/comments?post=334"}],"version-history":[{"count":1,"href":"https:\/\/www.westcorteedobra.com.br\/blog\/wp-json\/wp\/v2\/posts\/334\/revisions"}],"predecessor-version":[{"id":336,"href":"https:\/\/www.westcorteedobra.com.br\/blog\/wp-json\/wp\/v2\/posts\/334\/revisions\/336"}],"wp:featuredmedia":[{"embeddable":true,"href":"https:\/\/www.westcorteedobra.com.br\/blog\/wp-json\/wp\/v2\/media\/335"}],"wp:attachment":[{"href":"https:\/\/www.westcorteedobra.com.br\/blog\/wp-json\/wp\/v2\/media?parent=334"}],"wp:term":[{"taxonomy":"category","embeddable":true,"href":"https:\/\/www.westcorteedobra.com.br\/blog\/wp-json\/wp\/v2\/categories?post=334"},{"taxonomy":"post_tag","embeddable":true,"href":"https:\/\/www.westcorteedobra.com.br\/blog\/wp-json\/wp\/v2\/tags?post=334"}],"curies":[{"name":"wp","href":"https:\/\/api.w.org\/{rel}","templated":true}]}}