{"id":331,"date":"2025-07-02T08:50:03","date_gmt":"2025-07-02T11:50:03","guid":{"rendered":"https:\/\/www.westcorteedobra.com.br\/blog\/?p=331"},"modified":"2025-07-02T08:50:35","modified_gmt":"2025-07-02T11:50:35","slug":"servico-de-corte-em-guilhotina-em-sao-paulo-conte-com-a-west","status":"publish","type":"post","link":"https:\/\/www.westcorteedobra.com.br\/blog\/2025\/07\/02\/servico-de-corte-em-guilhotina-em-sao-paulo-conte-com-a-west\/","title":{"rendered":"Servi\u00e7o de corte em guilhotina em S\u00e3o Paulo? Conte com a West"},"content":{"rendered":"\n<p class=\"has-medium-font-size\"><strong><em>Precis\u00e3o, agilidade e confian\u00e7a no corte de chapas met\u00e1licas. Conhe\u00e7a a West e conte com um parceiro completo para corte em guilhotina em S\u00e3o Paulo.<\/em><\/strong><\/p>\n\n\n\n<p>O servi\u00e7o de corte em guilhotina \u00e9 um dos processos mais eficientes quando se trata de moldar chapas met\u00e1licas com rapidez e precis\u00e3o. Utilizado amplamente na ind\u00fastria, ele permite cortes retos em diversos materiais, como a\u00e7o carbono, inox e alum\u00ednio. Essa versatilidade torna o processo ideal para quem busca qualidade e produtividade em larga escala.<\/p>\n\n\n\n<p>Em grandes centros industriais como S\u00e3o Paulo, a demanda por corte t\u00e9cnico, \u00e1gil e padronizado \u00e9 constante. Empresas que atuam na fabrica\u00e7\u00e3o de estruturas met\u00e1licas, componentes e pe\u00e7as customizadas dependem de fornecedores confi\u00e1veis para manter o ritmo da produ\u00e7\u00e3o. Um corte mal-executado compromete toda a cadeia produtiva.<\/p>\n\n\n\n<p>Por isso, contar com um parceiro especializado faz toda a diferen\u00e7a. \u00c9 nesse contexto que a <em>West Corte e Dobra<\/em> se destaca, combinando tecnologia, m\u00e3o de obra especializada e atendimento estrat\u00e9gico para entregar solu\u00e7\u00f5es de alto padr\u00e3o em corte e dobra de metais.<\/p>\n\n\n\n<ul class=\"wp-block-list\">\n<li><a href=\"https:\/\/www.westcorteedobra.com.br\/blog\/2025\/06\/30\/servico-de-corte-a-laser-com-99-de-precisao-encontre-o-que-precisa-na-west\/\" target=\"_blank\" rel=\"noreferrer noopener\">Servi\u00e7o de corte a laser com 99% de precis\u00e3o: encontre o que precisa na West<\/a><\/li>\n<\/ul>\n\n\n\n<h2 class=\"wp-block-heading\">Por que o corte em guilhotina \u00e9 a solu\u00e7\u00e3o ideal para chapas met\u00e1licas<\/h2>\n\n\n\n<p><strong>O corte em guilhotina \u00e9 amplamente adotado por garantir precis\u00e3o milim\u00e9trica e alta repetibilidade, o que \u00e9 crucial em produ\u00e7\u00f5es que exigem consist\u00eancia e padroniza\u00e7\u00e3o<\/strong>. A t\u00e9cnica utiliza uma l\u00e2mina potente que aplica for\u00e7a linear sobre a chapa met\u00e1lica, promovendo um corte reto, limpo e sem rebarbas significativas.<\/p>\n\n\n\n<p><strong>Al\u00e9m da precis\u00e3o, o m\u00e9todo \u00e9 extremamente \u00e1gil, permitindo cortar grandes volumes de chapas em pouco tempo<\/strong>. Isso torna o processo mais produtivo, especialmente em linhas de produ\u00e7\u00e3o que n\u00e3o podem parar. Empresas que atuam com prazos apertados ou cronogramas industriais enxutos se beneficiam diretamente dessa agilidade.<\/p>\n\n\n\n<p><strong>Outro diferencial do corte em guilhotina est\u00e1 no custo-benef\u00edcio<\/strong>. Como o processo n\u00e3o gera perdas significativas de material e exige pouca manuten\u00e7\u00e3o, ele se torna financeiramente vantajoso. \u00c9 a escolha certa para quem precisa unir efici\u00eancia t\u00e9cnica e economia operacional em seus projetos.<\/p>\n\n\n\n<ul class=\"wp-block-list\">\n<li><a href=\"https:\/\/www.westcorteedobra.com.br\/blog\/2025\/06\/27\/entenda-as-aplicacoes-da-dobra-de-aco-na-industria\/\" target=\"_blank\" rel=\"noreferrer noopener\">Entenda as aplica\u00e7\u00f5es da dobra de a\u00e7o na ind\u00fastria<\/a><\/li>\n<\/ul>\n\n\n\n<h2 class=\"wp-block-heading\">Quando contratar o servi\u00e7o de corte em guilhotina?<\/h2>\n\n\n\n<p>O momento ideal para contratar o servi\u00e7o de corte em guilhotina \u00e9 quando a sua opera\u00e7\u00e3o exige cortes lineares com alta precis\u00e3o e velocidade. <strong>Se o seu projeto envolve chapas met\u00e1licas que precisam ser moldadas com padroniza\u00e7\u00e3o e baixo \u00edndice de retrabalho, o corte em guilhotina \u00e9 a solu\u00e7\u00e3o<\/strong>.<\/p>\n\n\n\n<p><strong>Empresas que trabalham com estruturas met\u00e1licas, pe\u00e7as automotivas, eletrodom\u00e9sticos ou at\u00e9 mesmo mobili\u00e1rio met\u00e1lico precisam de cortes r\u00e1pidos e sem varia\u00e7\u00f5es de medidas<\/strong>. Esse tipo de demanda \u00e9 constante em S\u00e3o Paulo, onde o ritmo industrial exige processos confi\u00e1veis e escal\u00e1veis.<\/p>\n\n\n\n<p><strong>Tamb\u00e9m vale considerar o servi\u00e7o sempre que houver uma demanda pontual que exija maior capacidade produtiva do que a sua empresa possui internamente<\/strong>. Nesses casos, terceirizar o corte com uma empresa especializada como a West permite manter a qualidade sem comprometer os prazos.<\/p>\n\n\n\n<h2 class=\"wp-block-heading\">Como garantir qualidade no servi\u00e7o de corte em guilhotina?<\/h2>\n\n\n<div class=\"wp-block-image\">\n<figure class=\"alignleft size-full is-resized\"><img loading=\"lazy\" decoding=\"async\" width=\"500\" height=\"400\" src=\"https:\/\/www.westcorteedobra.com.br\/blog\/wp-content\/uploads\/2025\/07\/corte-guilhotina.webp\" alt=\"Servi\u00e7o de corte em guilhotina em S\u00e3o Paulo? Conte com a West\" class=\"wp-image-332\" style=\"width:250px;height:auto\" srcset=\"https:\/\/www.westcorteedobra.com.br\/blog\/wp-content\/uploads\/2025\/07\/corte-guilhotina.webp 500w, https:\/\/www.westcorteedobra.com.br\/blog\/wp-content\/uploads\/2025\/07\/corte-guilhotina-300x240.webp 300w, https:\/\/www.westcorteedobra.com.br\/blog\/wp-content\/uploads\/2025\/07\/corte-guilhotina-75x60.webp 75w\" sizes=\"(max-width: 500px) 100vw, 500px\" \/><\/figure><\/div>\n\n\n<p>Garantir qualidade nesse tipo de servi\u00e7o come\u00e7a pela escolha do fornecedor. Uma empresa experiente, com equipamentos modernos e profissionais qualificados, \u00e9 essencial para assegurar cortes com exatid\u00e3o e dentro das especifica\u00e7\u00f5es t\u00e9cnicas exigidas. <strong>Verificar se o fornecedor realiza manuten\u00e7\u00e3o preventiva em suas m\u00e1quinas tamb\u00e9m \u00e9 fundamental<\/strong>.<\/p>\n\n\n\n<p><strong>Outro fator importante \u00e9 a capacidade de atendimento<\/strong>. Uma empresa que entende o ritmo da ind\u00fastria oferece mais do que o corte em si, ela entrega suporte t\u00e9cnico, escuta ativa e prazos cumpridos. <strong>A comunica\u00e7\u00e3o clara entre as partes evita falhas na execu\u00e7\u00e3o e assegura que o material ser\u00e1 tratado com o cuidado necess\u00e1rio<\/strong>.<\/p>\n\n\n\n<p>Avalia\u00e7\u00f5es de clientes, cases de sucesso e hist\u00f3rico de mercado s\u00e3o bons indicativos de confiabilidade. Procure tamb\u00e9m empresas que ofere\u00e7am servi\u00e7os complementares, como dobra e usinagem. Isso ajuda a manter todo o processo integrado, reduzindo custos log\u00edsticos e melhorando a performance do projeto como um todo.<\/p>\n\n\n\n<h2 class=\"wp-block-heading\">A escolha certa para quem busca efici\u00eancia e precis\u00e3o no corte em guilhotina<\/h2>\n\n\n\n<p>Efici\u00eancia e precis\u00e3o s\u00e3o dois pilares que sustentam a produtividade industrial. Quando se trata de corte de chapas met\u00e1licas, esses dois fatores se tornam ainda mais cr\u00edticos, pois impactam diretamente na qualidade final do produto e no tempo de entrega. O corte em guilhotina, quando bem executado, garante ambos.<\/p>\n\n\n\n<p>No entanto, nem todo fornecedor est\u00e1 preparado para entregar esse n\u00edvel de desempenho. \u00c9 comum encontrar empresas que pecam pela falta de aten\u00e7\u00e3o aos detalhes, o que gera erros dimensionais e retrabalho. Por isso, \u00e9 essencial escolher uma parceira que tenha experi\u00eancia, estrutura e compromisso com a excel\u00eancia t\u00e9cnica.<\/p>\n\n\n\n<p>Ao investir em um servi\u00e7o de corte em guilhotina de alto n\u00edvel, a sua empresa ganha n\u00e3o apenas em qualidade, mas tamb\u00e9m em competitividade. Com pe\u00e7as prontas e sob medida, sua produ\u00e7\u00e3o avan\u00e7a mais r\u00e1pido e com menos desperd\u00edcio. Isso se traduz em mais resultados e menos dores de cabe\u00e7a ao longo do projeto.<\/p>\n\n\n\n<h1 class=\"wp-block-heading\">Para sua produ\u00e7\u00e3o avan\u00e7ar com seguran\u00e7a, conte com a West Corte e Dobra<\/h1>\n\n\n\n<p>A <strong><em><a href=\"https:\/\/www.westcorteedobra.com.br\/\" target=\"_blank\" rel=\"noreferrer noopener\">West Corte e Dobra<\/a><\/em><\/strong> \u00e9 refer\u00eancia em servi\u00e7o de corte em guilhotina em S\u00e3o Paulo, com solu\u00e7\u00f5es desenvolvidas sob medida para atender as mais diversas demandas da ind\u00fastria. Com atua\u00e7\u00e3o especializada em a\u00e7o carbono, inox e alum\u00ednio, a empresa une estrutura robusta, tecnologia e m\u00e3o de obra qualificada para entregar cortes de alto desempenho.<\/p>\n\n\n\n<p>A miss\u00e3o da<em> West <\/em>\u00e9 otimizar o processo de seus clientes, reduzindo custos e prazos com precis\u00e3o e seguran\u00e7a. Muito al\u00e9m de um prestador de servi\u00e7o, a<em> West <\/em>atua como parceira estrat\u00e9gica, acompanhando cada etapa do projeto para garantir que tudo seja executado com o mais alto padr\u00e3o de qualidade.<\/p>\n\n\n\n<p>Se voc\u00ea busca um fornecedor de confian\u00e7a, que alia inova\u00e7\u00e3o, excel\u00eancia e compromisso com o resultado, a<em> West <\/em>\u00e9 a escolha certa. Em S\u00e3o Paulo e regi\u00e3o, somos reconhecidos por transformar chapas em solu\u00e7\u00f5es prontas para gerar valor.<\/p>\n\n\n\n<h2 class=\"wp-block-heading\">Invista em precis\u00e3o e agilidade: solicite um or\u00e7amento com a West<\/h2>\n\n\n\n<p>O servi\u00e7o de corte em guilhotina \u00e9 indispens\u00e1vel para empresas que n\u00e3o podem abrir m\u00e3o de qualidade, produtividade e confiabilidade. Ele representa uma etapa crucial para garantir que todas as outras fases do projeto ocorram de forma fluida e sem atrasos.<\/p>\n\n\n\n<p>Se voc\u00ea est\u00e1 em busca de um parceiro estrat\u00e9gico para servi\u00e7o de corte em guilhotina em S\u00e3o Paulo, a <em>West Corte e Dobra<\/em> est\u00e1 pronta para entregar solu\u00e7\u00f5es eficientes e sob medida para sua demanda.<\/p>\n\n\n\n<p><strong><a href=\"https:\/\/www.westcorteedobra.com.br\/fale-conosco\" target=\"_blank\" rel=\"noreferrer noopener\">Entre em contato<\/a> agora mesmo<\/strong> <strong>e leve mais precis\u00e3o, agilidade e seguran\u00e7a para o seu processo produtivo<\/strong>.<\/p>\n","protected":false},"excerpt":{"rendered":"<p>Precis\u00e3o, agilidade e confian\u00e7a no corte de chapas met\u00e1licas. Conhe\u00e7a a West e conte com um parceiro completo para corte em guilhotina em S\u00e3o Paulo. O servi\u00e7o de corte em guilhotina \u00e9 um dos processos mais eficientes quando se trata de moldar chapas met\u00e1licas com rapidez e precis\u00e3o. Utilizado amplamente na ind\u00fastria, ele permite cortes &hellip; <\/p>\n","protected":false},"author":1,"featured_media":332,"comment_status":"open","ping_status":"open","sticky":false,"template":"","format":"standard","meta":{"footnotes":""},"categories":[82],"tags":[2440,2432,2423,2437,9,2421,2426,223,2428,171,172,2326,2327,2446,83,2436,2419,168,2431,1674,2418,2422,2148,1899,2444,2443,2439,1925,2430,15,1987,1946,2429,2420,2438,2445,2425,2442,87,2427,98,2433,2435,2441,1514,2424,2434,1977,110],"class_list":["post-331","post","type-post","status-publish","format-standard","has-post-thumbnail","hentry","category-corte-em-guilhotina","tag-corte-com-acabamento-limpo","tag-corte-com-exatidao","tag-corte-de-aco-inox-sao-paulo","tag-corte-de-aluminio-sp","tag-corte-de-chapas-metalicas","tag-corte-de-precisao-em-chapas","tag-corte-e-dobra-de-chapas-sp","tag-corte-e-dobra-de-metais","tag-corte-eficiente","tag-corte-em-aco-carbono","tag-corte-em-aluminio","tag-corte-em-chapas-finas","tag-corte-em-chapas-grossas","tag-corte-em-grandes-volumes","tag-corte-em-guilhotina","tag-corte-em-guilhotina-sp","tag-corte-em-inox","tag-corte-industrial","tag-corte-linear-para-metal","tag-corte-metalico-de-alta-qualidade","tag-corte-metalico-profissional","tag-corte-metalico-sp","tag-corte-para-estruturas-metalicas","tag-corte-para-industrias","tag-corte-para-serralheria","tag-corte-personalizado","tag-corte-rapido-em-chapas","tag-corte-sob-medida","tag-corte-tecnico-em-chapas","tag-empresa-de-corte-de-metais","tag-empresa-de-metalurgia-sp","tag-especialista-em-corte-metalico","tag-fornecedor-de-confianca-em-corte","tag-fornecedor-de-corte-metalico","tag-fornecedor-de-metais-sao-paulo","tag-fornecedor-industrial-sp","tag-fornecedor-para-industria-metalica","tag-fornecedor-west-corte","tag-guilhotina-industrial","tag-guilhotina-metalica","tag-guilhotina-para-aco","tag-guilhotina-profissional","tag-parceiro-de-corte-em-chapas","tag-parceiro-tecnico-em-corte","tag-servico-de-corte-em-guilhotina","tag-servicos-de-corte-tecnico","tag-servicos-em-aco-inox","tag-servicos-metalurgicos-sp","tag-west-corte-e-dobra","latest_post"],"yoast_head":"<!-- This site is optimized with the Yoast SEO plugin v25.2 - https:\/\/yoast.com\/wordpress\/plugins\/seo\/ -->\n<title>Servi\u00e7o de corte em guilhotina em S\u00e3o Paulo? Conte com a West<\/title>\n<meta name=\"description\" content=\"Precis\u00e3o, agilidade e confian\u00e7a no corte de chapas met\u00e1licas. Conhe\u00e7a a West e conte com um parceiro completo para corte em guilhotina em S\u00e3o Paulo.\" \/>\n<meta name=\"robots\" content=\"index, follow, max-snippet:-1, max-image-preview:large, max-video-preview:-1\" \/>\n<link rel=\"canonical\" href=\"https:\/\/www.westcorteedobra.com.br\/blog\/2025\/07\/02\/servico-de-corte-em-guilhotina-em-sao-paulo-conte-com-a-west\/\" \/>\n<meta property=\"og:locale\" content=\"pt_BR\" \/>\n<meta property=\"og:type\" content=\"article\" \/>\n<meta property=\"og:title\" content=\"Servi\u00e7o de corte em guilhotina em S\u00e3o Paulo? Conte com a West\" \/>\n<meta property=\"og:description\" content=\"Precis\u00e3o, agilidade e confian\u00e7a no corte de chapas met\u00e1licas. Conhe\u00e7a a West e conte com um parceiro completo para corte em guilhotina em S\u00e3o Paulo.\" \/>\n<meta property=\"og:url\" content=\"https:\/\/www.westcorteedobra.com.br\/blog\/2025\/07\/02\/servico-de-corte-em-guilhotina-em-sao-paulo-conte-com-a-west\/\" \/>\n<meta property=\"og:site_name\" content=\"Blog West Corte e Dobra\" \/>\n<meta property=\"article:published_time\" content=\"2025-07-02T11:50:03+00:00\" \/>\n<meta property=\"article:modified_time\" content=\"2025-07-02T11:50:35+00:00\" \/>\n<meta property=\"og:image\" content=\"https:\/\/www.westcorteedobra.com.br\/blog\/wp-content\/uploads\/2025\/07\/corte-guilhotina.webp\" \/>\n\t<meta property=\"og:image:width\" content=\"500\" \/>\n\t<meta property=\"og:image:height\" content=\"400\" \/>\n\t<meta property=\"og:image:type\" content=\"image\/webp\" \/>\n<meta name=\"author\" content=\"admin\" \/>\n<meta name=\"twitter:card\" content=\"summary_large_image\" \/>\n<meta name=\"twitter:label1\" content=\"Written by\" \/>\n\t<meta name=\"twitter:data1\" content=\"admin\" \/>\n\t<meta name=\"twitter:label2\" content=\"Est. reading time\" \/>\n\t<meta name=\"twitter:data2\" content=\"7 minutos\" \/>\n<script type=\"application\/ld+json\" class=\"yoast-schema-graph\">{\"@context\":\"https:\/\/schema.org\",\"@graph\":[{\"@type\":\"Article\",\"@id\":\"https:\/\/www.westcorteedobra.com.br\/blog\/2025\/07\/02\/servico-de-corte-em-guilhotina-em-sao-paulo-conte-com-a-west\/#article\",\"isPartOf\":{\"@id\":\"https:\/\/www.westcorteedobra.com.br\/blog\/2025\/07\/02\/servico-de-corte-em-guilhotina-em-sao-paulo-conte-com-a-west\/\"},\"author\":{\"name\":\"admin\",\"@id\":\"https:\/\/www.westcorteedobra.com.br\/blog\/#\/schema\/person\/5c41559f9b03b4970e7a15a2bb78ca16\"},\"headline\":\"Servi\u00e7o de corte em guilhotina em S\u00e3o Paulo? Conte com a West\",\"datePublished\":\"2025-07-02T11:50:03+00:00\",\"dateModified\":\"2025-07-02T11:50:35+00:00\",\"mainEntityOfPage\":{\"@id\":\"https:\/\/www.westcorteedobra.com.br\/blog\/2025\/07\/02\/servico-de-corte-em-guilhotina-em-sao-paulo-conte-com-a-west\/\"},\"wordCount\":1207,\"commentCount\":0,\"publisher\":{\"@id\":\"https:\/\/www.westcorteedobra.com.br\/blog\/#organization\"},\"image\":{\"@id\":\"https:\/\/www.westcorteedobra.com.br\/blog\/2025\/07\/02\/servico-de-corte-em-guilhotina-em-sao-paulo-conte-com-a-west\/#primaryimage\"},\"thumbnailUrl\":\"https:\/\/www.westcorteedobra.com.br\/blog\/wp-content\/uploads\/2025\/07\/corte-guilhotina.webp\",\"keywords\":[\"corte com acabamento limpo\",\"corte com exatid\u00e3o\",\"corte de a\u00e7o inox S\u00e3o Paulo\",\"corte de alum\u00ednio SP\",\"Corte de chapas met\u00e1licas\",\"corte de precis\u00e3o em chapas\",\"corte e dobra de chapas SP\",\"corte e dobra de metais\",\"corte eficiente\",\"corte em a\u00e7o carbono\",\"corte em alum\u00ednio\",\"corte em chapas finas\",\"corte em chapas grossas\",\"corte em grandes volumes\",\"corte em guilhotina\",\"corte em guilhotina SP\",\"corte em inox\",\"corte industrial\",\"corte linear para metal\",\"corte met\u00e1lico de alta qualidade\",\"corte met\u00e1lico profissional\",\"corte met\u00e1lico SP\",\"corte para estruturas met\u00e1licas\",\"corte para ind\u00fastrias\",\"corte para serralheria\",\"corte personalizado\",\"corte r\u00e1pido em chapas\",\"corte sob medida\",\"corte t\u00e9cnico em chapas\",\"Empresa de corte de metais\",\"empresa de metalurgia SP\",\"especialista em corte met\u00e1lico\",\"fornecedor de confian\u00e7a em corte\",\"fornecedor de corte met\u00e1lico\",\"fornecedor de metais S\u00e3o Paulo\",\"fornecedor industrial SP\",\"fornecedor para ind\u00fastria met\u00e1lica\",\"fornecedor West Corte\",\"guilhotina industrial\",\"guilhotina met\u00e1lica\",\"guilhotina para a\u00e7o\",\"guilhotina profissional\",\"parceiro de corte em chapas\",\"parceiro t\u00e9cnico em corte\",\"servi\u00e7o de corte em guilhotina\",\"servi\u00e7os de corte t\u00e9cnico\",\"servi\u00e7os em a\u00e7o inox\",\"servi\u00e7os metal\u00fargicos SP\",\"West Corte e Dobra\"],\"articleSection\":[\"Corte em guilhotina\"],\"inLanguage\":\"pt-BR\",\"potentialAction\":[{\"@type\":\"CommentAction\",\"name\":\"Comment\",\"target\":[\"https:\/\/www.westcorteedobra.com.br\/blog\/2025\/07\/02\/servico-de-corte-em-guilhotina-em-sao-paulo-conte-com-a-west\/#respond\"]}]},{\"@type\":\"WebPage\",\"@id\":\"https:\/\/www.westcorteedobra.com.br\/blog\/2025\/07\/02\/servico-de-corte-em-guilhotina-em-sao-paulo-conte-com-a-west\/\",\"url\":\"https:\/\/www.westcorteedobra.com.br\/blog\/2025\/07\/02\/servico-de-corte-em-guilhotina-em-sao-paulo-conte-com-a-west\/\",\"name\":\"Servi\u00e7o de corte em guilhotina em S\u00e3o Paulo? Conte com a West\",\"isPartOf\":{\"@id\":\"https:\/\/www.westcorteedobra.com.br\/blog\/#website\"},\"primaryImageOfPage\":{\"@id\":\"https:\/\/www.westcorteedobra.com.br\/blog\/2025\/07\/02\/servico-de-corte-em-guilhotina-em-sao-paulo-conte-com-a-west\/#primaryimage\"},\"image\":{\"@id\":\"https:\/\/www.westcorteedobra.com.br\/blog\/2025\/07\/02\/servico-de-corte-em-guilhotina-em-sao-paulo-conte-com-a-west\/#primaryimage\"},\"thumbnailUrl\":\"https:\/\/www.westcorteedobra.com.br\/blog\/wp-content\/uploads\/2025\/07\/corte-guilhotina.webp\",\"datePublished\":\"2025-07-02T11:50:03+00:00\",\"dateModified\":\"2025-07-02T11:50:35+00:00\",\"description\":\"Precis\u00e3o, agilidade e confian\u00e7a no corte de chapas met\u00e1licas. Conhe\u00e7a a West e conte com um parceiro completo para corte em guilhotina em S\u00e3o Paulo.\",\"breadcrumb\":{\"@id\":\"https:\/\/www.westcorteedobra.com.br\/blog\/2025\/07\/02\/servico-de-corte-em-guilhotina-em-sao-paulo-conte-com-a-west\/#breadcrumb\"},\"inLanguage\":\"pt-BR\",\"potentialAction\":[{\"@type\":\"ReadAction\",\"target\":[\"https:\/\/www.westcorteedobra.com.br\/blog\/2025\/07\/02\/servico-de-corte-em-guilhotina-em-sao-paulo-conte-com-a-west\/\"]}]},{\"@type\":\"ImageObject\",\"inLanguage\":\"pt-BR\",\"@id\":\"https:\/\/www.westcorteedobra.com.br\/blog\/2025\/07\/02\/servico-de-corte-em-guilhotina-em-sao-paulo-conte-com-a-west\/#primaryimage\",\"url\":\"https:\/\/www.westcorteedobra.com.br\/blog\/wp-content\/uploads\/2025\/07\/corte-guilhotina.webp\",\"contentUrl\":\"https:\/\/www.westcorteedobra.com.br\/blog\/wp-content\/uploads\/2025\/07\/corte-guilhotina.webp\",\"width\":500,\"height\":400,\"caption\":\"Servi\u00e7o de corte em guilhotina em S\u00e3o Paulo? Conte com a West\"},{\"@type\":\"BreadcrumbList\",\"@id\":\"https:\/\/www.westcorteedobra.com.br\/blog\/2025\/07\/02\/servico-de-corte-em-guilhotina-em-sao-paulo-conte-com-a-west\/#breadcrumb\",\"itemListElement\":[{\"@type\":\"ListItem\",\"position\":1,\"name\":\"Home\",\"item\":\"https:\/\/www.westcorteedobra.com.br\/blog\/\"},{\"@type\":\"ListItem\",\"position\":2,\"name\":\"Servi\u00e7o de corte em guilhotina em S\u00e3o Paulo? Conte com a West\"}]},{\"@type\":\"WebSite\",\"@id\":\"https:\/\/www.westcorteedobra.com.br\/blog\/#website\",\"url\":\"https:\/\/www.westcorteedobra.com.br\/blog\/\",\"name\":\"Blog West Corte e Dobra\",\"description\":\"\",\"publisher\":{\"@id\":\"https:\/\/www.westcorteedobra.com.br\/blog\/#organization\"},\"potentialAction\":[{\"@type\":\"SearchAction\",\"target\":{\"@type\":\"EntryPoint\",\"urlTemplate\":\"https:\/\/www.westcorteedobra.com.br\/blog\/?s={search_term_string}\"},\"query-input\":{\"@type\":\"PropertyValueSpecification\",\"valueRequired\":true,\"valueName\":\"search_term_string\"}}],\"inLanguage\":\"pt-BR\"},{\"@type\":\"Organization\",\"@id\":\"https:\/\/www.westcorteedobra.com.br\/blog\/#organization\",\"name\":\"Blog West Corte e Dobra\",\"url\":\"https:\/\/www.westcorteedobra.com.br\/blog\/\",\"logo\":{\"@type\":\"ImageObject\",\"inLanguage\":\"pt-BR\",\"@id\":\"https:\/\/www.westcorteedobra.com.br\/blog\/#\/schema\/logo\/image\/\",\"url\":\"https:\/\/www.westcorteedobra.com.br\/blog\/wp-content\/uploads\/2024\/10\/logo-2.webp\",\"contentUrl\":\"https:\/\/www.westcorteedobra.com.br\/blog\/wp-content\/uploads\/2024\/10\/logo-2.webp\",\"width\":1200,\"height\":280,\"caption\":\"Blog West Corte e Dobra\"},\"image\":{\"@id\":\"https:\/\/www.westcorteedobra.com.br\/blog\/#\/schema\/logo\/image\/\"}},{\"@type\":\"Person\",\"@id\":\"https:\/\/www.westcorteedobra.com.br\/blog\/#\/schema\/person\/5c41559f9b03b4970e7a15a2bb78ca16\",\"name\":\"admin\",\"image\":{\"@type\":\"ImageObject\",\"inLanguage\":\"pt-BR\",\"@id\":\"https:\/\/www.westcorteedobra.com.br\/blog\/#\/schema\/person\/image\/\",\"url\":\"https:\/\/secure.gravatar.com\/avatar\/4f64c9f81bb0d4ee969aaf7b4a5a6f40?s=96&d=mm&r=g\",\"contentUrl\":\"https:\/\/secure.gravatar.com\/avatar\/4f64c9f81bb0d4ee969aaf7b4a5a6f40?s=96&d=mm&r=g\",\"caption\":\"admin\"},\"sameAs\":[\"https:\/\/www.westcorteedobra.com.br\/blog\"],\"url\":\"https:\/\/www.westcorteedobra.com.br\/blog\/author\/admin\/\"}]}<\/script>\n<!-- \/ Yoast SEO plugin. -->","yoast_head_json":{"title":"Servi\u00e7o de corte em guilhotina em S\u00e3o Paulo? Conte com a West","description":"Precis\u00e3o, agilidade e confian\u00e7a no corte de chapas met\u00e1licas. Conhe\u00e7a a West e conte com um parceiro completo para corte em guilhotina em S\u00e3o Paulo.","robots":{"index":"index","follow":"follow","max-snippet":"max-snippet:-1","max-image-preview":"max-image-preview:large","max-video-preview":"max-video-preview:-1"},"canonical":"https:\/\/www.westcorteedobra.com.br\/blog\/2025\/07\/02\/servico-de-corte-em-guilhotina-em-sao-paulo-conte-com-a-west\/","og_locale":"pt_BR","og_type":"article","og_title":"Servi\u00e7o de corte em guilhotina em S\u00e3o Paulo? Conte com a West","og_description":"Precis\u00e3o, agilidade e confian\u00e7a no corte de chapas met\u00e1licas. Conhe\u00e7a a West e conte com um parceiro completo para corte em guilhotina em S\u00e3o Paulo.","og_url":"https:\/\/www.westcorteedobra.com.br\/blog\/2025\/07\/02\/servico-de-corte-em-guilhotina-em-sao-paulo-conte-com-a-west\/","og_site_name":"Blog West Corte e Dobra","article_published_time":"2025-07-02T11:50:03+00:00","article_modified_time":"2025-07-02T11:50:35+00:00","og_image":[{"width":500,"height":400,"url":"https:\/\/www.westcorteedobra.com.br\/blog\/wp-content\/uploads\/2025\/07\/corte-guilhotina.webp","type":"image\/webp"}],"author":"admin","twitter_card":"summary_large_image","twitter_misc":{"Written by":"admin","Est. reading time":"7 minutos"},"schema":{"@context":"https:\/\/schema.org","@graph":[{"@type":"Article","@id":"https:\/\/www.westcorteedobra.com.br\/blog\/2025\/07\/02\/servico-de-corte-em-guilhotina-em-sao-paulo-conte-com-a-west\/#article","isPartOf":{"@id":"https:\/\/www.westcorteedobra.com.br\/blog\/2025\/07\/02\/servico-de-corte-em-guilhotina-em-sao-paulo-conte-com-a-west\/"},"author":{"name":"admin","@id":"https:\/\/www.westcorteedobra.com.br\/blog\/#\/schema\/person\/5c41559f9b03b4970e7a15a2bb78ca16"},"headline":"Servi\u00e7o de corte em guilhotina em S\u00e3o Paulo? Conte com a West","datePublished":"2025-07-02T11:50:03+00:00","dateModified":"2025-07-02T11:50:35+00:00","mainEntityOfPage":{"@id":"https:\/\/www.westcorteedobra.com.br\/blog\/2025\/07\/02\/servico-de-corte-em-guilhotina-em-sao-paulo-conte-com-a-west\/"},"wordCount":1207,"commentCount":0,"publisher":{"@id":"https:\/\/www.westcorteedobra.com.br\/blog\/#organization"},"image":{"@id":"https:\/\/www.westcorteedobra.com.br\/blog\/2025\/07\/02\/servico-de-corte-em-guilhotina-em-sao-paulo-conte-com-a-west\/#primaryimage"},"thumbnailUrl":"https:\/\/www.westcorteedobra.com.br\/blog\/wp-content\/uploads\/2025\/07\/corte-guilhotina.webp","keywords":["corte com acabamento limpo","corte com exatid\u00e3o","corte de a\u00e7o inox S\u00e3o Paulo","corte de alum\u00ednio SP","Corte de chapas met\u00e1licas","corte de precis\u00e3o em chapas","corte e dobra de chapas SP","corte e dobra de metais","corte eficiente","corte em a\u00e7o carbono","corte em alum\u00ednio","corte em chapas finas","corte em chapas grossas","corte em grandes volumes","corte em guilhotina","corte em guilhotina SP","corte em inox","corte industrial","corte linear para metal","corte met\u00e1lico de alta qualidade","corte met\u00e1lico profissional","corte met\u00e1lico SP","corte para estruturas met\u00e1licas","corte para ind\u00fastrias","corte para serralheria","corte personalizado","corte r\u00e1pido em chapas","corte sob medida","corte t\u00e9cnico em chapas","Empresa de corte de metais","empresa de metalurgia SP","especialista em corte met\u00e1lico","fornecedor de confian\u00e7a em corte","fornecedor de corte met\u00e1lico","fornecedor de metais S\u00e3o Paulo","fornecedor industrial SP","fornecedor para ind\u00fastria met\u00e1lica","fornecedor West Corte","guilhotina industrial","guilhotina met\u00e1lica","guilhotina para a\u00e7o","guilhotina profissional","parceiro de corte em chapas","parceiro t\u00e9cnico em corte","servi\u00e7o de corte em guilhotina","servi\u00e7os de corte t\u00e9cnico","servi\u00e7os em a\u00e7o inox","servi\u00e7os metal\u00fargicos SP","West Corte e Dobra"],"articleSection":["Corte em guilhotina"],"inLanguage":"pt-BR","potentialAction":[{"@type":"CommentAction","name":"Comment","target":["https:\/\/www.westcorteedobra.com.br\/blog\/2025\/07\/02\/servico-de-corte-em-guilhotina-em-sao-paulo-conte-com-a-west\/#respond"]}]},{"@type":"WebPage","@id":"https:\/\/www.westcorteedobra.com.br\/blog\/2025\/07\/02\/servico-de-corte-em-guilhotina-em-sao-paulo-conte-com-a-west\/","url":"https:\/\/www.westcorteedobra.com.br\/blog\/2025\/07\/02\/servico-de-corte-em-guilhotina-em-sao-paulo-conte-com-a-west\/","name":"Servi\u00e7o de corte em guilhotina em S\u00e3o Paulo? Conte com a West","isPartOf":{"@id":"https:\/\/www.westcorteedobra.com.br\/blog\/#website"},"primaryImageOfPage":{"@id":"https:\/\/www.westcorteedobra.com.br\/blog\/2025\/07\/02\/servico-de-corte-em-guilhotina-em-sao-paulo-conte-com-a-west\/#primaryimage"},"image":{"@id":"https:\/\/www.westcorteedobra.com.br\/blog\/2025\/07\/02\/servico-de-corte-em-guilhotina-em-sao-paulo-conte-com-a-west\/#primaryimage"},"thumbnailUrl":"https:\/\/www.westcorteedobra.com.br\/blog\/wp-content\/uploads\/2025\/07\/corte-guilhotina.webp","datePublished":"2025-07-02T11:50:03+00:00","dateModified":"2025-07-02T11:50:35+00:00","description":"Precis\u00e3o, agilidade e confian\u00e7a no corte de chapas met\u00e1licas. Conhe\u00e7a a West e conte com um parceiro completo para corte em guilhotina em S\u00e3o Paulo.","breadcrumb":{"@id":"https:\/\/www.westcorteedobra.com.br\/blog\/2025\/07\/02\/servico-de-corte-em-guilhotina-em-sao-paulo-conte-com-a-west\/#breadcrumb"},"inLanguage":"pt-BR","potentialAction":[{"@type":"ReadAction","target":["https:\/\/www.westcorteedobra.com.br\/blog\/2025\/07\/02\/servico-de-corte-em-guilhotina-em-sao-paulo-conte-com-a-west\/"]}]},{"@type":"ImageObject","inLanguage":"pt-BR","@id":"https:\/\/www.westcorteedobra.com.br\/blog\/2025\/07\/02\/servico-de-corte-em-guilhotina-em-sao-paulo-conte-com-a-west\/#primaryimage","url":"https:\/\/www.westcorteedobra.com.br\/blog\/wp-content\/uploads\/2025\/07\/corte-guilhotina.webp","contentUrl":"https:\/\/www.westcorteedobra.com.br\/blog\/wp-content\/uploads\/2025\/07\/corte-guilhotina.webp","width":500,"height":400,"caption":"Servi\u00e7o de corte em guilhotina em S\u00e3o Paulo? Conte com a West"},{"@type":"BreadcrumbList","@id":"https:\/\/www.westcorteedobra.com.br\/blog\/2025\/07\/02\/servico-de-corte-em-guilhotina-em-sao-paulo-conte-com-a-west\/#breadcrumb","itemListElement":[{"@type":"ListItem","position":1,"name":"Home","item":"https:\/\/www.westcorteedobra.com.br\/blog\/"},{"@type":"ListItem","position":2,"name":"Servi\u00e7o de corte em guilhotina em S\u00e3o Paulo? Conte com a West"}]},{"@type":"WebSite","@id":"https:\/\/www.westcorteedobra.com.br\/blog\/#website","url":"https:\/\/www.westcorteedobra.com.br\/blog\/","name":"Blog West Corte e Dobra","description":"","publisher":{"@id":"https:\/\/www.westcorteedobra.com.br\/blog\/#organization"},"potentialAction":[{"@type":"SearchAction","target":{"@type":"EntryPoint","urlTemplate":"https:\/\/www.westcorteedobra.com.br\/blog\/?s={search_term_string}"},"query-input":{"@type":"PropertyValueSpecification","valueRequired":true,"valueName":"search_term_string"}}],"inLanguage":"pt-BR"},{"@type":"Organization","@id":"https:\/\/www.westcorteedobra.com.br\/blog\/#organization","name":"Blog West Corte e Dobra","url":"https:\/\/www.westcorteedobra.com.br\/blog\/","logo":{"@type":"ImageObject","inLanguage":"pt-BR","@id":"https:\/\/www.westcorteedobra.com.br\/blog\/#\/schema\/logo\/image\/","url":"https:\/\/www.westcorteedobra.com.br\/blog\/wp-content\/uploads\/2024\/10\/logo-2.webp","contentUrl":"https:\/\/www.westcorteedobra.com.br\/blog\/wp-content\/uploads\/2024\/10\/logo-2.webp","width":1200,"height":280,"caption":"Blog West Corte e Dobra"},"image":{"@id":"https:\/\/www.westcorteedobra.com.br\/blog\/#\/schema\/logo\/image\/"}},{"@type":"Person","@id":"https:\/\/www.westcorteedobra.com.br\/blog\/#\/schema\/person\/5c41559f9b03b4970e7a15a2bb78ca16","name":"admin","image":{"@type":"ImageObject","inLanguage":"pt-BR","@id":"https:\/\/www.westcorteedobra.com.br\/blog\/#\/schema\/person\/image\/","url":"https:\/\/secure.gravatar.com\/avatar\/4f64c9f81bb0d4ee969aaf7b4a5a6f40?s=96&d=mm&r=g","contentUrl":"https:\/\/secure.gravatar.com\/avatar\/4f64c9f81bb0d4ee969aaf7b4a5a6f40?s=96&d=mm&r=g","caption":"admin"},"sameAs":["https:\/\/www.westcorteedobra.com.br\/blog"],"url":"https:\/\/www.westcorteedobra.com.br\/blog\/author\/admin\/"}]}},"_links":{"self":[{"href":"https:\/\/www.westcorteedobra.com.br\/blog\/wp-json\/wp\/v2\/posts\/331"}],"collection":[{"href":"https:\/\/www.westcorteedobra.com.br\/blog\/wp-json\/wp\/v2\/posts"}],"about":[{"href":"https:\/\/www.westcorteedobra.com.br\/blog\/wp-json\/wp\/v2\/types\/post"}],"author":[{"embeddable":true,"href":"https:\/\/www.westcorteedobra.com.br\/blog\/wp-json\/wp\/v2\/users\/1"}],"replies":[{"embeddable":true,"href":"https:\/\/www.westcorteedobra.com.br\/blog\/wp-json\/wp\/v2\/comments?post=331"}],"version-history":[{"count":1,"href":"https:\/\/www.westcorteedobra.com.br\/blog\/wp-json\/wp\/v2\/posts\/331\/revisions"}],"predecessor-version":[{"id":333,"href":"https:\/\/www.westcorteedobra.com.br\/blog\/wp-json\/wp\/v2\/posts\/331\/revisions\/333"}],"wp:featuredmedia":[{"embeddable":true,"href":"https:\/\/www.westcorteedobra.com.br\/blog\/wp-json\/wp\/v2\/media\/332"}],"wp:attachment":[{"href":"https:\/\/www.westcorteedobra.com.br\/blog\/wp-json\/wp\/v2\/media?parent=331"}],"wp:term":[{"taxonomy":"category","embeddable":true,"href":"https:\/\/www.westcorteedobra.com.br\/blog\/wp-json\/wp\/v2\/categories?post=331"},{"taxonomy":"post_tag","embeddable":true,"href":"https:\/\/www.westcorteedobra.com.br\/blog\/wp-json\/wp\/v2\/tags?post=331"}],"curies":[{"name":"wp","href":"https:\/\/api.w.org\/{rel}","templated":true}]}}