{"id":301,"date":"2025-06-02T10:35:16","date_gmt":"2025-06-02T13:35:16","guid":{"rendered":"https:\/\/www.westcorteedobra.com.br\/blog\/?p=301"},"modified":"2025-06-02T10:35:45","modified_gmt":"2025-06-02T13:35:45","slug":"corte-a-laser-a-tecnologia-que-voce-precisa-hoje","status":"publish","type":"post","link":"https:\/\/www.westcorteedobra.com.br\/blog\/2025\/06\/02\/corte-a-laser-a-tecnologia-que-voce-precisa-hoje\/","title":{"rendered":"Corte a laser: a tecnologia que voc\u00ea precisa hoje"},"content":{"rendered":"\n<p class=\"has-medium-font-size\"><strong><em>Veja como o corte a laser transforma processos industriais com precis\u00e3o, agilidade e efici\u00eancia. Saiba por que essa tecnologia \u00e9 essencial.<\/em><\/strong><\/p>\n\n\n\n<p>O corte a laser \u00e9 uma das inova\u00e7\u00f5es mais transformadoras da ind\u00fastria moderna. Ele substitui m\u00e9todos convencionais de corte com efici\u00eancia superior, resultando em processos mais r\u00e1pidos, precisos e com melhor acabamento.<\/p>\n\n\n\n<p>Cada vez mais adotado em setores como metalurgia, automotivo, arquitetura e engenharia, o corte a laser se consolidou como a escolha t\u00e9cnica ideal para projetos que exigem qualidade, versatilidade e produtividade.<\/p>\n\n\n\n<ul class=\"wp-block-list\">\n<li><a href=\"https:\/\/www.westcorteedobra.com.br\/blog\/2025\/05\/16\/por-que-dominar-a-dobra-de-chapa-grossa-e-essencial-na-industria-metalurgica\/\" target=\"_blank\" rel=\"noreferrer noopener\">Por que dominar a dobra de chapa grossa \u00e9 essencial na ind\u00fastria metal\u00fargica?<\/a><\/li>\n<\/ul>\n\n\n\n<h2 class=\"wp-block-heading\">O que \u00e9 corte a laser e por que ele \u00e9 indispens\u00e1vel?<\/h2>\n\n\n\n<p><strong>O corte a laser \u00e9 uma tecnologia que utiliza um feixe de luz altamente concentrado para aquecer e cortar materiais, especialmente metais<\/strong>. Esse feixe \u00e9 gerado por fontes como o CO\u2082 ou fibra \u00f3ptica, e direcionado por sistemas CNC (Comando Num\u00e9rico Computadorizado), permitindo cortes detalhados com precis\u00e3o milim\u00e9trica.<\/p>\n\n\n\n<p><strong>A principal raz\u00e3o pela qual o corte a laser se tornou indispens\u00e1vel na ind\u00fastria \u00e9 sua capacidade de entregar pe\u00e7as com exatid\u00e3o e acabamento impec\u00e1vel, mesmo em grande escala.<\/strong> Essa precis\u00e3o \u00e9 essencial em setores que lidam com projetos de engenharia complexos, que n\u00e3o toleram margens de erro, como o automotivo e o aeron\u00e1utico.<\/p>\n\n\n\n<p><strong>Al\u00e9m disso, a automa\u00e7\u00e3o do processo reduz a interfer\u00eancia humana, diminuindo falhas, retrabalhos e aumentando a produtividade.<\/strong> Em tempos em que competitividade e otimiza\u00e7\u00e3o de recursos s\u00e3o prioridades, o corte a laser se destaca por reunir inova\u00e7\u00e3o tecnol\u00f3gica, performance e custo-benef\u00edcio.<\/p>\n\n\n\n<ul class=\"wp-block-list\">\n<li><a href=\"https:\/\/www.westcorteedobra.com.br\/blog\/2025\/05\/14\/corte-de-chapas-de-aco-em-tamanhos-variados-a-solucao-que-voce-procurava-sem-saber\/\" target=\"_blank\" rel=\"noreferrer noopener\">Corte de chapas de a\u00e7o em tamanhos variados: a solu\u00e7\u00e3o que voc\u00ea procurava sem saber<\/a><\/li>\n<\/ul>\n\n\n\n<h2 class=\"wp-block-heading\">Vantagens pr\u00e1ticas do corte a laser no dia a dia<\/h2>\n\n\n\n<p>Incorporar o corte a laser na produ\u00e7\u00e3o industrial n\u00e3o \u00e9 apenas uma escolha t\u00e9cnica \u2014 \u00e9 uma decis\u00e3o estrat\u00e9gica. A seguir, apresentamos as vantagens pr\u00e1ticas mais observadas pelas empresas que utilizam essa tecnologia:<\/p>\n\n\n\n<ul class=\"wp-block-list\">\n<li><strong>Precis\u00e3o extrema nos cortes:<\/strong> mesmo em projetos com tra\u00e7os detalhados, o corte a laser garante linhas limpas e margens m\u00ednimas de erro.<br><\/li>\n\n\n\n<li><strong>Acabamento superior:<\/strong> o feixe de laser sela as bordas do material durante o corte, evitando rebarbas e dispensando processos adicionais de polimento.<br><\/li>\n\n\n\n<li><strong>Menor desperd\u00edcio de material:<\/strong> o corte \u00e9 feito com m\u00e1xima efici\u00eancia, aproveitando ao m\u00e1ximo cada chapa met\u00e1lica e reduzindo significativamente o volume de res\u00edduos.<br><\/li>\n\n\n\n<li><strong>Alta velocidade de execu\u00e7\u00e3o:<\/strong> comparado a m\u00e9todos convencionais, o corte a laser acelera o ciclo de produ\u00e7\u00e3o, o que \u00e9 ideal para entregas em prazos apertados.<br><\/li>\n\n\n\n<li><strong>Flexibilidade no tipo de material:<\/strong> pode ser usado em a\u00e7o carbono, inox, alum\u00ednio e outros metais, al\u00e9m de pl\u00e1sticos e pol\u00edmeros em alguns casos.<br><\/li>\n\n\n\n<li><strong>Automa\u00e7\u00e3o e repetibilidade:<\/strong> m\u00e1quinas CNC garantem que cada pe\u00e7a seja cortada exatamente como a anterior, mantendo o padr\u00e3o e otimizando a linha de produ\u00e7\u00e3o.<br><\/li>\n\n\n\n<li><strong>Redu\u00e7\u00e3o de custos operacionais:<\/strong> menos retrabalho, menor consumo de energia e uso otimizado da mat\u00e9ria-prima resultam em economia direta para a empresa.<\/li>\n<\/ul>\n\n\n\n<p>Essas vantagens tornam o corte a laser uma escolha inteligente para empresas que buscam efici\u00eancia operacional e diferencial competitivo.<\/p>\n\n\n\n<h2 class=\"wp-block-heading\">Corte a laser \u00e9 sin\u00f4nimo de versatilidade na ind\u00fastria<\/h2>\n\n\n\n<p>Um dos maiores diferenciais do corte a laser \u00e9 sua capacidade de adapta\u00e7\u00e3o a diferentes demandas e perfis de produ\u00e7\u00e3o. Desde grandes ind\u00fastrias at\u00e9 pequenos ateli\u00eas de design, essa tecnologia atende com a mesma efici\u00eancia.<\/p>\n\n\n\n<p><strong>Na ind\u00fastria metal\u00fargica<\/strong>, por exemplo, o corte a laser \u00e9 utilizado para fabricar desde estruturas pesadas at\u00e9 componentes de precis\u00e3o. <strong>J\u00e1 no setor automotivo<\/strong>, ele \u00e9 fundamental para a produ\u00e7\u00e3o de pe\u00e7as com encaixes perfeitos, essenciais para a seguran\u00e7a e funcionalidade dos ve\u00edculos.<\/p>\n\n\n\n<p><strong>Empresas de arquitetura e design<\/strong> tamb\u00e9m exploram o corte a laser para criar projetos personalizados com cortes art\u00edsticos, que seriam invi\u00e1veis com m\u00e9todos tradicionais. Al\u00e9m disso, <strong>o laser \u00e9 ideal para trabalhos sob medida e s\u00e9ries curtas<\/strong>, pois n\u00e3o exige moldes f\u00edsicos nem ferramentas caras.<\/p>\n\n\n\n<p>Essa flexibilidade t\u00e9cnica torna o corte a laser uma solu\u00e7\u00e3o universal, pronta para se adaptar a diferentes materiais, espessuras, formatos e n\u00edveis de complexidade, o que o posiciona como uma ferramenta estrat\u00e9gica para inova\u00e7\u00e3o industrial.<\/p>\n\n\n\n<h1 class=\"wp-block-heading\">Corte a laser sob medida? Fale com a West Corte e Dobra<\/h1>\n\n\n\n<p>Se voc\u00ea busca qualidade, agilidade e confiabilidade em corte a laser metal, a <strong><em><a href=\"https:\/\/www.westcorteedobra.com.br\/\" target=\"_blank\" rel=\"noreferrer noopener\">West Corte e Dobra<\/a><\/em><\/strong> \u00e9 a empresa ideal para seu projeto. Com ampla experi\u00eancia no setor e foco total em solu\u00e7\u00f5es sob medida, a <em>West<\/em> atua com excel\u00eancia no servi\u00e7o de corte a laser em Osasco, atendendo empresas de pequeno, m\u00e9dio e grande porte.<\/p>\n\n\n\n<p>A empresa oferece corte e dobra de chapas met\u00e1licas com alto padr\u00e3o t\u00e9cnico, trabalhando com materiais como a\u00e7o carbono, inox e alum\u00ednio. O diferencial est\u00e1 na combina\u00e7\u00e3o de tecnologia de ponta com atendimento personalizado, garantindo que cada cliente receba solu\u00e7\u00f5es alinhadas \u00e0s suas necessidades espec\u00edficas.<\/p>\n\n\n\n<p>Al\u00e9m de m\u00e1quinas modernas, a <em>West<\/em> aposta em processos otimizados e prazos competitivos, reduzindo custos e aumentando a produtividade de seus parceiros.<\/p>\n\n\n\n<h2 class=\"wp-block-heading\">Produza mais e melhor com corte a laser<\/h2>\n\n\n\n<p>N\u00e3o h\u00e1 mais espa\u00e7o para m\u00e9todos obsoletos em ambientes industriais que exigem agilidade e qualidade. O corte a laser oferece efici\u00eancia, acabamento superior e adaptabilidade, al\u00e9m de reduzir custos operacionais com mais produtividade.<\/p>\n\n\n\n<p><strong>Se voc\u00ea deseja alavancar seus resultados, <a href=\"https:\/\/www.westcorteedobra.com.br\/fale-conosco\" target=\"_blank\" rel=\"noreferrer noopener\">fale agora mesmo<\/a> com a West Corte e Dobra e conhe\u00e7a o melhor servi\u00e7o de corte a laser em Osasco<\/strong>. Chegou a hora de transformar seus processos com tecnologia de ponta e atendimento especializado.<\/p>\n","protected":false},"excerpt":{"rendered":"<p>Veja como o corte a laser transforma processos industriais com precis\u00e3o, agilidade e efici\u00eancia. Saiba por que essa tecnologia \u00e9 essencial. O corte a laser \u00e9 uma das inova\u00e7\u00f5es mais transformadoras da ind\u00fastria moderna. Ele substitui m\u00e9todos convencionais de corte com efici\u00eancia superior, resultando em processos mais r\u00e1pidos, precisos e com melhor acabamento. Cada vez &hellip; <\/p>\n","protected":false},"author":1,"featured_media":302,"comment_status":"open","ping_status":"open","sticky":false,"template":"","format":"standard","meta":{"footnotes":""},"categories":[102],"tags":[2249,730,2245,2256,2251,2253,2262,103,2264,2258,2270,2272,2263,2273,537,121,112,2267,2244,2243,2254,2274,1534,2266,2271,113,2248,2260,2275,2257,2276,2255,2259,2246,2268,2247,2261,2265,169,2252,2269,299,716,2250,304,2241,1545,2242,110],"class_list":["post-301","post","type-post","status-publish","format-standard","has-post-thumbnail","hentry","category-corte-a-laser","tag-acabamento-corte-a-laser","tag-aco-carbono-corte-a-laser","tag-aluminio-corte-a-laser","tag-aplicacoes-corte-a-laser","tag-automacao-corte-a-laser","tag-chapas-metalicas-corte-a-laser","tag-como-funciona-corte-a-laser","tag-corte-a-laser","tag-corte-a-laser-aco-carbono","tag-corte-a-laser-alta-precisao","tag-corte-a-laser-confiavel","tag-corte-a-laser-customizado","tag-corte-a-laser-detalhado","tag-corte-a-laser-e-economia","tag-corte-a-laser-eficiente","tag-corte-a-laser-em-osasco","tag-corte-a-laser-industrial","tag-corte-a-laser-inovacao","tag-corte-a-laser-inox","tag-corte-a-laser-metal","tag-corte-a-laser-moderno","tag-corte-a-laser-no-brasil","tag-corte-a-laser-osasco","tag-corte-a-laser-para-industria","tag-corte-a-laser-para-projetos","tag-corte-a-laser-personalizado","tag-corte-a-laser-preciso","tag-corte-a-laser-profissional","tag-corte-a-laser-qualidade","tag-corte-a-laser-rapido","tag-corte-a-laser-resultados","tag-corte-a-laser-seguro","tag-corte-a-laser-sob-demanda","tag-corte-a-laser-sob-medida","tag-corte-a-laser-solucoes-industriais","tag-corte-a-laser-sp","tag-corte-a-laser-vantagens-praticas","tag-corte-a-laser-versatil","tag-corte-e-dobra-de-chapas","tag-economia-corte-a-laser","tag-eficiencia-corte-a-laser","tag-empresa-de-corte-a-laser","tag-industria-metalurgica","tag-producao-com-corte-a-laser","tag-servico-de-corte-a-laser-em-osasco","tag-tecnologia-corte-a-laser","tag-tecnologia-de-corte","tag-vantagens-corte-a-laser","tag-west-corte-e-dobra","latest_post"],"yoast_head":"<!-- This site is optimized with the Yoast SEO plugin v25.2 - https:\/\/yoast.com\/wordpress\/plugins\/seo\/ -->\n<title>Corte a laser: a tecnologia que voc\u00ea precisa hoje | West Corte<\/title>\n<meta name=\"description\" content=\"Veja como o corte a laser transforma processos industriais com precis\u00e3o, agilidade e efici\u00eancia. Saiba por que essa tecnologia \u00e9 essencial.\" \/>\n<meta name=\"robots\" content=\"index, follow, max-snippet:-1, max-image-preview:large, max-video-preview:-1\" \/>\n<link rel=\"canonical\" href=\"https:\/\/www.westcorteedobra.com.br\/blog\/2025\/06\/02\/corte-a-laser-a-tecnologia-que-voce-precisa-hoje\/\" \/>\n<meta property=\"og:locale\" content=\"pt_BR\" \/>\n<meta property=\"og:type\" content=\"article\" \/>\n<meta property=\"og:title\" content=\"Corte a laser: a tecnologia que voc\u00ea precisa hoje | West Corte\" \/>\n<meta property=\"og:description\" content=\"Veja como o corte a laser transforma processos industriais com precis\u00e3o, agilidade e efici\u00eancia. Saiba por que essa tecnologia \u00e9 essencial.\" \/>\n<meta property=\"og:url\" content=\"https:\/\/www.westcorteedobra.com.br\/blog\/2025\/06\/02\/corte-a-laser-a-tecnologia-que-voce-precisa-hoje\/\" \/>\n<meta property=\"og:site_name\" content=\"Blog West Corte e Dobra\" \/>\n<meta property=\"article:published_time\" content=\"2025-06-02T13:35:16+00:00\" \/>\n<meta property=\"article:modified_time\" content=\"2025-06-02T13:35:45+00:00\" \/>\n<meta property=\"og:image\" content=\"https:\/\/www.westcorteedobra.com.br\/blog\/wp-content\/uploads\/2025\/06\/4472.jpg\" \/>\n\t<meta property=\"og:image:width\" content=\"1000\" \/>\n\t<meta property=\"og:image:height\" content=\"647\" \/>\n\t<meta property=\"og:image:type\" content=\"image\/jpeg\" \/>\n<meta name=\"author\" content=\"admin\" \/>\n<meta name=\"twitter:card\" content=\"summary_large_image\" \/>\n<meta name=\"twitter:label1\" content=\"Written by\" \/>\n\t<meta name=\"twitter:data1\" content=\"admin\" \/>\n\t<meta name=\"twitter:label2\" content=\"Est. reading time\" \/>\n\t<meta name=\"twitter:data2\" content=\"6 minutos\" \/>\n<script type=\"application\/ld+json\" class=\"yoast-schema-graph\">{\"@context\":\"https:\/\/schema.org\",\"@graph\":[{\"@type\":\"Article\",\"@id\":\"https:\/\/www.westcorteedobra.com.br\/blog\/2025\/06\/02\/corte-a-laser-a-tecnologia-que-voce-precisa-hoje\/#article\",\"isPartOf\":{\"@id\":\"https:\/\/www.westcorteedobra.com.br\/blog\/2025\/06\/02\/corte-a-laser-a-tecnologia-que-voce-precisa-hoje\/\"},\"author\":{\"name\":\"admin\",\"@id\":\"https:\/\/www.westcorteedobra.com.br\/blog\/#\/schema\/person\/5c41559f9b03b4970e7a15a2bb78ca16\"},\"headline\":\"Corte a laser: a tecnologia que voc\u00ea precisa hoje\",\"datePublished\":\"2025-06-02T13:35:16+00:00\",\"dateModified\":\"2025-06-02T13:35:45+00:00\",\"mainEntityOfPage\":{\"@id\":\"https:\/\/www.westcorteedobra.com.br\/blog\/2025\/06\/02\/corte-a-laser-a-tecnologia-que-voce-precisa-hoje\/\"},\"wordCount\":980,\"commentCount\":0,\"publisher\":{\"@id\":\"https:\/\/www.westcorteedobra.com.br\/blog\/#organization\"},\"image\":{\"@id\":\"https:\/\/www.westcorteedobra.com.br\/blog\/2025\/06\/02\/corte-a-laser-a-tecnologia-que-voce-precisa-hoje\/#primaryimage\"},\"thumbnailUrl\":\"https:\/\/www.westcorteedobra.com.br\/blog\/wp-content\/uploads\/2025\/06\/4472.jpg\",\"keywords\":[\"acabamento corte a laser\",\"a\u00e7o carbono corte a laser\",\"alum\u00ednio corte a laser\",\"aplica\u00e7\u00f5es corte a laser\",\"automa\u00e7\u00e3o corte a laser\",\"chapas met\u00e1licas corte a laser\",\"como funciona corte a laser\",\"corte a laser\",\"corte a laser a\u00e7o carbono\",\"corte a laser alta precis\u00e3o\",\"corte a laser confi\u00e1vel\",\"corte a laser customizado\",\"corte a laser detalhado\",\"corte a laser e economia\",\"corte a laser eficiente\",\"corte a laser em osasco\",\"corte a laser industrial\",\"corte a laser inova\u00e7\u00e3o\",\"corte a laser inox\",\"corte a laser metal\",\"corte a laser moderno\",\"corte a laser no Brasil\",\"corte a laser Osasco\",\"corte a laser para ind\u00fastria\",\"corte a laser para projetos\",\"corte a laser personalizado\",\"corte a laser preciso\",\"corte a laser profissional\",\"corte a laser qualidade\",\"corte a laser r\u00e1pido\",\"corte a laser resultados\",\"corte a laser seguro\",\"corte a laser sob demanda\",\"corte a laser sob medida\",\"corte a laser solu\u00e7\u00f5es industriais\",\"corte a laser SP\",\"corte a laser vantagens pr\u00e1ticas\",\"corte a laser vers\u00e1til\",\"corte e dobra de chapas\",\"economia corte a laser\",\"efici\u00eancia corte a laser\",\"empresa de corte a laser\",\"ind\u00fastria metal\u00fargica\",\"produ\u00e7\u00e3o com corte a laser\",\"servi\u00e7o de corte a laser em osasco\",\"tecnologia corte a laser\",\"Tecnologia de corte\",\"vantagens corte a laser\",\"West Corte e Dobra\"],\"articleSection\":[\"Corte a laser\"],\"inLanguage\":\"pt-BR\",\"potentialAction\":[{\"@type\":\"CommentAction\",\"name\":\"Comment\",\"target\":[\"https:\/\/www.westcorteedobra.com.br\/blog\/2025\/06\/02\/corte-a-laser-a-tecnologia-que-voce-precisa-hoje\/#respond\"]}]},{\"@type\":\"WebPage\",\"@id\":\"https:\/\/www.westcorteedobra.com.br\/blog\/2025\/06\/02\/corte-a-laser-a-tecnologia-que-voce-precisa-hoje\/\",\"url\":\"https:\/\/www.westcorteedobra.com.br\/blog\/2025\/06\/02\/corte-a-laser-a-tecnologia-que-voce-precisa-hoje\/\",\"name\":\"Corte a laser: a tecnologia que voc\u00ea precisa hoje | West Corte\",\"isPartOf\":{\"@id\":\"https:\/\/www.westcorteedobra.com.br\/blog\/#website\"},\"primaryImageOfPage\":{\"@id\":\"https:\/\/www.westcorteedobra.com.br\/blog\/2025\/06\/02\/corte-a-laser-a-tecnologia-que-voce-precisa-hoje\/#primaryimage\"},\"image\":{\"@id\":\"https:\/\/www.westcorteedobra.com.br\/blog\/2025\/06\/02\/corte-a-laser-a-tecnologia-que-voce-precisa-hoje\/#primaryimage\"},\"thumbnailUrl\":\"https:\/\/www.westcorteedobra.com.br\/blog\/wp-content\/uploads\/2025\/06\/4472.jpg\",\"datePublished\":\"2025-06-02T13:35:16+00:00\",\"dateModified\":\"2025-06-02T13:35:45+00:00\",\"description\":\"Veja como o corte a laser transforma processos industriais com precis\u00e3o, agilidade e efici\u00eancia. Saiba por que essa tecnologia \u00e9 essencial.\",\"breadcrumb\":{\"@id\":\"https:\/\/www.westcorteedobra.com.br\/blog\/2025\/06\/02\/corte-a-laser-a-tecnologia-que-voce-precisa-hoje\/#breadcrumb\"},\"inLanguage\":\"pt-BR\",\"potentialAction\":[{\"@type\":\"ReadAction\",\"target\":[\"https:\/\/www.westcorteedobra.com.br\/blog\/2025\/06\/02\/corte-a-laser-a-tecnologia-que-voce-precisa-hoje\/\"]}]},{\"@type\":\"ImageObject\",\"inLanguage\":\"pt-BR\",\"@id\":\"https:\/\/www.westcorteedobra.com.br\/blog\/2025\/06\/02\/corte-a-laser-a-tecnologia-que-voce-precisa-hoje\/#primaryimage\",\"url\":\"https:\/\/www.westcorteedobra.com.br\/blog\/wp-content\/uploads\/2025\/06\/4472.jpg\",\"contentUrl\":\"https:\/\/www.westcorteedobra.com.br\/blog\/wp-content\/uploads\/2025\/06\/4472.jpg\",\"width\":1000,\"height\":647,\"caption\":\"Corte a laser: a tecnologia que voc\u00ea precisa hoje\"},{\"@type\":\"BreadcrumbList\",\"@id\":\"https:\/\/www.westcorteedobra.com.br\/blog\/2025\/06\/02\/corte-a-laser-a-tecnologia-que-voce-precisa-hoje\/#breadcrumb\",\"itemListElement\":[{\"@type\":\"ListItem\",\"position\":1,\"name\":\"Home\",\"item\":\"https:\/\/www.westcorteedobra.com.br\/blog\/\"},{\"@type\":\"ListItem\",\"position\":2,\"name\":\"Corte a laser: a tecnologia que voc\u00ea precisa hoje\"}]},{\"@type\":\"WebSite\",\"@id\":\"https:\/\/www.westcorteedobra.com.br\/blog\/#website\",\"url\":\"https:\/\/www.westcorteedobra.com.br\/blog\/\",\"name\":\"Blog West Corte e Dobra\",\"description\":\"\",\"publisher\":{\"@id\":\"https:\/\/www.westcorteedobra.com.br\/blog\/#organization\"},\"potentialAction\":[{\"@type\":\"SearchAction\",\"target\":{\"@type\":\"EntryPoint\",\"urlTemplate\":\"https:\/\/www.westcorteedobra.com.br\/blog\/?s={search_term_string}\"},\"query-input\":{\"@type\":\"PropertyValueSpecification\",\"valueRequired\":true,\"valueName\":\"search_term_string\"}}],\"inLanguage\":\"pt-BR\"},{\"@type\":\"Organization\",\"@id\":\"https:\/\/www.westcorteedobra.com.br\/blog\/#organization\",\"name\":\"Blog West Corte e Dobra\",\"url\":\"https:\/\/www.westcorteedobra.com.br\/blog\/\",\"logo\":{\"@type\":\"ImageObject\",\"inLanguage\":\"pt-BR\",\"@id\":\"https:\/\/www.westcorteedobra.com.br\/blog\/#\/schema\/logo\/image\/\",\"url\":\"https:\/\/www.westcorteedobra.com.br\/blog\/wp-content\/uploads\/2024\/10\/logo-2.webp\",\"contentUrl\":\"https:\/\/www.westcorteedobra.com.br\/blog\/wp-content\/uploads\/2024\/10\/logo-2.webp\",\"width\":1200,\"height\":280,\"caption\":\"Blog West Corte e Dobra\"},\"image\":{\"@id\":\"https:\/\/www.westcorteedobra.com.br\/blog\/#\/schema\/logo\/image\/\"}},{\"@type\":\"Person\",\"@id\":\"https:\/\/www.westcorteedobra.com.br\/blog\/#\/schema\/person\/5c41559f9b03b4970e7a15a2bb78ca16\",\"name\":\"admin\",\"image\":{\"@type\":\"ImageObject\",\"inLanguage\":\"pt-BR\",\"@id\":\"https:\/\/www.westcorteedobra.com.br\/blog\/#\/schema\/person\/image\/\",\"url\":\"https:\/\/secure.gravatar.com\/avatar\/4f64c9f81bb0d4ee969aaf7b4a5a6f40?s=96&d=mm&r=g\",\"contentUrl\":\"https:\/\/secure.gravatar.com\/avatar\/4f64c9f81bb0d4ee969aaf7b4a5a6f40?s=96&d=mm&r=g\",\"caption\":\"admin\"},\"sameAs\":[\"https:\/\/www.westcorteedobra.com.br\/blog\"],\"url\":\"https:\/\/www.westcorteedobra.com.br\/blog\/author\/admin\/\"}]}<\/script>\n<!-- \/ Yoast SEO plugin. -->","yoast_head_json":{"title":"Corte a laser: a tecnologia que voc\u00ea precisa hoje | West Corte","description":"Veja como o corte a laser transforma processos industriais com precis\u00e3o, agilidade e efici\u00eancia. Saiba por que essa tecnologia \u00e9 essencial.","robots":{"index":"index","follow":"follow","max-snippet":"max-snippet:-1","max-image-preview":"max-image-preview:large","max-video-preview":"max-video-preview:-1"},"canonical":"https:\/\/www.westcorteedobra.com.br\/blog\/2025\/06\/02\/corte-a-laser-a-tecnologia-que-voce-precisa-hoje\/","og_locale":"pt_BR","og_type":"article","og_title":"Corte a laser: a tecnologia que voc\u00ea precisa hoje | West Corte","og_description":"Veja como o corte a laser transforma processos industriais com precis\u00e3o, agilidade e efici\u00eancia. Saiba por que essa tecnologia \u00e9 essencial.","og_url":"https:\/\/www.westcorteedobra.com.br\/blog\/2025\/06\/02\/corte-a-laser-a-tecnologia-que-voce-precisa-hoje\/","og_site_name":"Blog West Corte e Dobra","article_published_time":"2025-06-02T13:35:16+00:00","article_modified_time":"2025-06-02T13:35:45+00:00","og_image":[{"width":1000,"height":647,"url":"https:\/\/www.westcorteedobra.com.br\/blog\/wp-content\/uploads\/2025\/06\/4472.jpg","type":"image\/jpeg"}],"author":"admin","twitter_card":"summary_large_image","twitter_misc":{"Written by":"admin","Est. reading time":"6 minutos"},"schema":{"@context":"https:\/\/schema.org","@graph":[{"@type":"Article","@id":"https:\/\/www.westcorteedobra.com.br\/blog\/2025\/06\/02\/corte-a-laser-a-tecnologia-que-voce-precisa-hoje\/#article","isPartOf":{"@id":"https:\/\/www.westcorteedobra.com.br\/blog\/2025\/06\/02\/corte-a-laser-a-tecnologia-que-voce-precisa-hoje\/"},"author":{"name":"admin","@id":"https:\/\/www.westcorteedobra.com.br\/blog\/#\/schema\/person\/5c41559f9b03b4970e7a15a2bb78ca16"},"headline":"Corte a laser: a tecnologia que voc\u00ea precisa hoje","datePublished":"2025-06-02T13:35:16+00:00","dateModified":"2025-06-02T13:35:45+00:00","mainEntityOfPage":{"@id":"https:\/\/www.westcorteedobra.com.br\/blog\/2025\/06\/02\/corte-a-laser-a-tecnologia-que-voce-precisa-hoje\/"},"wordCount":980,"commentCount":0,"publisher":{"@id":"https:\/\/www.westcorteedobra.com.br\/blog\/#organization"},"image":{"@id":"https:\/\/www.westcorteedobra.com.br\/blog\/2025\/06\/02\/corte-a-laser-a-tecnologia-que-voce-precisa-hoje\/#primaryimage"},"thumbnailUrl":"https:\/\/www.westcorteedobra.com.br\/blog\/wp-content\/uploads\/2025\/06\/4472.jpg","keywords":["acabamento corte a laser","a\u00e7o carbono corte a laser","alum\u00ednio corte a laser","aplica\u00e7\u00f5es corte a laser","automa\u00e7\u00e3o corte a laser","chapas met\u00e1licas corte a laser","como funciona corte a laser","corte a laser","corte a laser a\u00e7o carbono","corte a laser alta precis\u00e3o","corte a laser confi\u00e1vel","corte a laser customizado","corte a laser detalhado","corte a laser e economia","corte a laser eficiente","corte a laser em osasco","corte a laser industrial","corte a laser inova\u00e7\u00e3o","corte a laser inox","corte a laser metal","corte a laser moderno","corte a laser no Brasil","corte a laser Osasco","corte a laser para ind\u00fastria","corte a laser para projetos","corte a laser personalizado","corte a laser preciso","corte a laser profissional","corte a laser qualidade","corte a laser r\u00e1pido","corte a laser resultados","corte a laser seguro","corte a laser sob demanda","corte a laser sob medida","corte a laser solu\u00e7\u00f5es industriais","corte a laser SP","corte a laser vantagens pr\u00e1ticas","corte a laser vers\u00e1til","corte e dobra de chapas","economia corte a laser","efici\u00eancia corte a laser","empresa de corte a laser","ind\u00fastria metal\u00fargica","produ\u00e7\u00e3o com corte a laser","servi\u00e7o de corte a laser em osasco","tecnologia corte a laser","Tecnologia de corte","vantagens corte a laser","West Corte e Dobra"],"articleSection":["Corte a laser"],"inLanguage":"pt-BR","potentialAction":[{"@type":"CommentAction","name":"Comment","target":["https:\/\/www.westcorteedobra.com.br\/blog\/2025\/06\/02\/corte-a-laser-a-tecnologia-que-voce-precisa-hoje\/#respond"]}]},{"@type":"WebPage","@id":"https:\/\/www.westcorteedobra.com.br\/blog\/2025\/06\/02\/corte-a-laser-a-tecnologia-que-voce-precisa-hoje\/","url":"https:\/\/www.westcorteedobra.com.br\/blog\/2025\/06\/02\/corte-a-laser-a-tecnologia-que-voce-precisa-hoje\/","name":"Corte a laser: a tecnologia que voc\u00ea precisa hoje | West Corte","isPartOf":{"@id":"https:\/\/www.westcorteedobra.com.br\/blog\/#website"},"primaryImageOfPage":{"@id":"https:\/\/www.westcorteedobra.com.br\/blog\/2025\/06\/02\/corte-a-laser-a-tecnologia-que-voce-precisa-hoje\/#primaryimage"},"image":{"@id":"https:\/\/www.westcorteedobra.com.br\/blog\/2025\/06\/02\/corte-a-laser-a-tecnologia-que-voce-precisa-hoje\/#primaryimage"},"thumbnailUrl":"https:\/\/www.westcorteedobra.com.br\/blog\/wp-content\/uploads\/2025\/06\/4472.jpg","datePublished":"2025-06-02T13:35:16+00:00","dateModified":"2025-06-02T13:35:45+00:00","description":"Veja como o corte a laser transforma processos industriais com precis\u00e3o, agilidade e efici\u00eancia. Saiba por que essa tecnologia \u00e9 essencial.","breadcrumb":{"@id":"https:\/\/www.westcorteedobra.com.br\/blog\/2025\/06\/02\/corte-a-laser-a-tecnologia-que-voce-precisa-hoje\/#breadcrumb"},"inLanguage":"pt-BR","potentialAction":[{"@type":"ReadAction","target":["https:\/\/www.westcorteedobra.com.br\/blog\/2025\/06\/02\/corte-a-laser-a-tecnologia-que-voce-precisa-hoje\/"]}]},{"@type":"ImageObject","inLanguage":"pt-BR","@id":"https:\/\/www.westcorteedobra.com.br\/blog\/2025\/06\/02\/corte-a-laser-a-tecnologia-que-voce-precisa-hoje\/#primaryimage","url":"https:\/\/www.westcorteedobra.com.br\/blog\/wp-content\/uploads\/2025\/06\/4472.jpg","contentUrl":"https:\/\/www.westcorteedobra.com.br\/blog\/wp-content\/uploads\/2025\/06\/4472.jpg","width":1000,"height":647,"caption":"Corte a laser: a tecnologia que voc\u00ea precisa hoje"},{"@type":"BreadcrumbList","@id":"https:\/\/www.westcorteedobra.com.br\/blog\/2025\/06\/02\/corte-a-laser-a-tecnologia-que-voce-precisa-hoje\/#breadcrumb","itemListElement":[{"@type":"ListItem","position":1,"name":"Home","item":"https:\/\/www.westcorteedobra.com.br\/blog\/"},{"@type":"ListItem","position":2,"name":"Corte a laser: a tecnologia que voc\u00ea precisa hoje"}]},{"@type":"WebSite","@id":"https:\/\/www.westcorteedobra.com.br\/blog\/#website","url":"https:\/\/www.westcorteedobra.com.br\/blog\/","name":"Blog West Corte e Dobra","description":"","publisher":{"@id":"https:\/\/www.westcorteedobra.com.br\/blog\/#organization"},"potentialAction":[{"@type":"SearchAction","target":{"@type":"EntryPoint","urlTemplate":"https:\/\/www.westcorteedobra.com.br\/blog\/?s={search_term_string}"},"query-input":{"@type":"PropertyValueSpecification","valueRequired":true,"valueName":"search_term_string"}}],"inLanguage":"pt-BR"},{"@type":"Organization","@id":"https:\/\/www.westcorteedobra.com.br\/blog\/#organization","name":"Blog West Corte e Dobra","url":"https:\/\/www.westcorteedobra.com.br\/blog\/","logo":{"@type":"ImageObject","inLanguage":"pt-BR","@id":"https:\/\/www.westcorteedobra.com.br\/blog\/#\/schema\/logo\/image\/","url":"https:\/\/www.westcorteedobra.com.br\/blog\/wp-content\/uploads\/2024\/10\/logo-2.webp","contentUrl":"https:\/\/www.westcorteedobra.com.br\/blog\/wp-content\/uploads\/2024\/10\/logo-2.webp","width":1200,"height":280,"caption":"Blog West Corte e Dobra"},"image":{"@id":"https:\/\/www.westcorteedobra.com.br\/blog\/#\/schema\/logo\/image\/"}},{"@type":"Person","@id":"https:\/\/www.westcorteedobra.com.br\/blog\/#\/schema\/person\/5c41559f9b03b4970e7a15a2bb78ca16","name":"admin","image":{"@type":"ImageObject","inLanguage":"pt-BR","@id":"https:\/\/www.westcorteedobra.com.br\/blog\/#\/schema\/person\/image\/","url":"https:\/\/secure.gravatar.com\/avatar\/4f64c9f81bb0d4ee969aaf7b4a5a6f40?s=96&d=mm&r=g","contentUrl":"https:\/\/secure.gravatar.com\/avatar\/4f64c9f81bb0d4ee969aaf7b4a5a6f40?s=96&d=mm&r=g","caption":"admin"},"sameAs":["https:\/\/www.westcorteedobra.com.br\/blog"],"url":"https:\/\/www.westcorteedobra.com.br\/blog\/author\/admin\/"}]}},"_links":{"self":[{"href":"https:\/\/www.westcorteedobra.com.br\/blog\/wp-json\/wp\/v2\/posts\/301"}],"collection":[{"href":"https:\/\/www.westcorteedobra.com.br\/blog\/wp-json\/wp\/v2\/posts"}],"about":[{"href":"https:\/\/www.westcorteedobra.com.br\/blog\/wp-json\/wp\/v2\/types\/post"}],"author":[{"embeddable":true,"href":"https:\/\/www.westcorteedobra.com.br\/blog\/wp-json\/wp\/v2\/users\/1"}],"replies":[{"embeddable":true,"href":"https:\/\/www.westcorteedobra.com.br\/blog\/wp-json\/wp\/v2\/comments?post=301"}],"version-history":[{"count":1,"href":"https:\/\/www.westcorteedobra.com.br\/blog\/wp-json\/wp\/v2\/posts\/301\/revisions"}],"predecessor-version":[{"id":303,"href":"https:\/\/www.westcorteedobra.com.br\/blog\/wp-json\/wp\/v2\/posts\/301\/revisions\/303"}],"wp:featuredmedia":[{"embeddable":true,"href":"https:\/\/www.westcorteedobra.com.br\/blog\/wp-json\/wp\/v2\/media\/302"}],"wp:attachment":[{"href":"https:\/\/www.westcorteedobra.com.br\/blog\/wp-json\/wp\/v2\/media?parent=301"}],"wp:term":[{"taxonomy":"category","embeddable":true,"href":"https:\/\/www.westcorteedobra.com.br\/blog\/wp-json\/wp\/v2\/categories?post=301"},{"taxonomy":"post_tag","embeddable":true,"href":"https:\/\/www.westcorteedobra.com.br\/blog\/wp-json\/wp\/v2\/tags?post=301"}],"curies":[{"name":"wp","href":"https:\/\/api.w.org\/{rel}","templated":true}]}}