{"id":287,"date":"2025-05-14T11:26:03","date_gmt":"2025-05-14T14:26:03","guid":{"rendered":"https:\/\/www.westcorteedobra.com.br\/blog\/?p=287"},"modified":"2025-06-02T15:57:29","modified_gmt":"2025-06-02T18:57:29","slug":"corte-de-chapas-de-aco-em-tamanhos-variados-a-solucao-que-voce-procurava-sem-saber","status":"publish","type":"post","link":"https:\/\/www.westcorteedobra.com.br\/blog\/2025\/05\/14\/corte-de-chapas-de-aco-em-tamanhos-variados-a-solucao-que-voce-procurava-sem-saber\/","title":{"rendered":"Corte de chapas de a\u00e7o em tamanhos variados: a solu\u00e7\u00e3o que voc\u00ea procurava sem saber"},"content":{"rendered":"\n<p class=\"has-medium-font-size\"><strong><em>Veja como o corte de chapas de a\u00e7o em tamanhos variados pode otimizar processos, reduzir custos e trazer mais efici\u00eancia \u00e0 sua produ\u00e7\u00e3o.<\/em><\/strong><\/p>\n\n\n\n<p>No dia a dia da ind\u00fastria, tempo e precis\u00e3o valem ouro. E quando falamos de materiais como o a\u00e7o, cada mil\u00edmetro importa. Por isso, o corte de chapas de a\u00e7o em tamanhos variados tem se consolidado como uma estrat\u00e9gia inteligente para empresas que querem ir al\u00e9m do b\u00e1sico.<\/p>\n\n\n\n<p>Essa pr\u00e1tica vai muito al\u00e9m de adaptar medidas. Ela representa um novo patamar de efici\u00eancia, onde o desperd\u00edcio \u00e9 minimizado, a produtividade \u00e9 ampliada e os custos s\u00e3o otimizados. Se voc\u00ea ainda trabalha com chapas padronizadas, talvez esteja deixando dinheiro e tempo na mesa e \u00e9 sobre isso que vamos falar ao longo deste artigo.<\/p>\n\n\n\n<ul class=\"wp-block-list\">\n<li><a href=\"https:\/\/www.westcorteedobra.com.br\/blog\/2025\/05\/13\/corte-de-aco-de-tamanhos-variados-por-que-sua-producao-nao-pode-mais-ignorar-essa-solucao\/\" target=\"_blank\" rel=\"noreferrer noopener\">Corte de a\u00e7o de tamanhos variados: por que sua produ\u00e7\u00e3o n\u00e3o pode mais ignorar essa solu\u00e7\u00e3o<\/a><\/li>\n<\/ul>\n\n\n\n<h2 class=\"wp-block-heading\">A import\u00e2ncia da personaliza\u00e7\u00e3o no corte de chapas para a ind\u00fastria moderna<\/h2>\n\n\n\n<p>A personaliza\u00e7\u00e3o n\u00e3o \u00e9 mais um diferencial: <strong>\u00e9 uma exig\u00eancia do mercado atual<\/strong>. Em um cen\u00e1rio de alta competitividade, empresas que buscam efici\u00eancia em seus processos n\u00e3o podem depender de solu\u00e7\u00f5es gen\u00e9ricas. O corte de chapas de a\u00e7o em tamanhos variados surge exatamente para preencher essa lacuna.<\/p>\n\n\n\n<p>Ao adaptar o material \u00e0s dimens\u00f5es exatas do projeto, a ind\u00fastria ganha em aproveitamento, reduz o tempo de produ\u00e7\u00e3o e evita retrabalhos. <strong>Esse n\u00edvel de precis\u00e3o \u00e9 especialmente relevante em setores como constru\u00e7\u00e3o civil, automotivo, metal\u00fargico e agr\u00edcola, que lidam com demandas espec\u00edficas e prazos apertados<\/strong>.<\/p>\n\n\n\n<p><strong>Al\u00e9m disso, a customiza\u00e7\u00e3o promove uma opera\u00e7\u00e3o mais sustent\u00e1vel<\/strong>. Reduzir sobras e res\u00edduos contribui diretamente para pr\u00e1ticas mais respons\u00e1veis, algo que vem sendo cada vez mais valorizado por clientes e parceiros.<\/p>\n\n\n\n<ul class=\"wp-block-list\">\n<li><a href=\"https:\/\/www.westcorteedobra.com.br\/blog\/2025\/05\/09\/cortes-de-chapas-em-tamanhos-variados-precisao-que-evita-perdas\/\" target=\"_blank\" rel=\"noreferrer noopener\">Cortes de chapas em tamanhos variados: precis\u00e3o que evita perdas<\/a><\/li>\n<\/ul>\n\n\n\n<h2 class=\"wp-block-heading\">Como o corte sob medida impacta diretamente seus custos e resultados?<\/h2>\n\n\n\n<p>Em um primeiro olhar, pode parecer que o corte de chapas de a\u00e7o sob medida tem um custo maior. No entanto, quando se considera o todo desperd\u00edcio, tempo de m\u00e1quina, retrabalho e log\u00edstica, fica claro que o investimento se paga com folga.<\/p>\n\n\n\n<p><strong>Quando as chapas j\u00e1 chegam na medida certa para a linha de produ\u00e7\u00e3o, elimina-se a necessidade de cortes internos ou ajustes manuais<\/strong>. Isso significa menos horas de trabalho, menor desgaste de ferramentas e mais seguran\u00e7a no processo. Sem contar que a uniformidade no corte melhora a qualidade final do produto, aumentando sua durabilidade e valor agregado.<\/p>\n\n\n\n<p>Outro ponto relevante \u00e9 o estoque. <strong>Trabalhar com chapas personalizadas permite uma gest\u00e3o mais precisa dos materiais, reduzindo ac\u00famulo e liberando espa\u00e7o f\u00edsico<\/strong>. Tudo isso resulta em processos mais enxutos, menos desperd\u00edcio e maior controle sobre os custos operacionais.<\/p>\n\n\n\n<h2 class=\"wp-block-heading\">Quando adotar o corte de chapas em tamanhos variados?<\/h2>\n\n\n\n<p><strong>A decis\u00e3o de adotar o corte de chapas de a\u00e7o em tamanhos variados pode e deve ser feita sempre que houver a necessidade de adaptar o material ao uso final<\/strong>. N\u00e3o importa se sua produ\u00e7\u00e3o \u00e9 em grande ou pequena escala: personalizar as medidas faz diferen\u00e7a.<\/p>\n\n\n\n<p><strong>Esse tipo de corte \u00e9 especialmente recomendado quando se trabalha com prot\u00f3tipos, pe\u00e7as t\u00e9cnicas, projetos customizados ou componentes que exigem precis\u00e3o milim\u00e9trica<\/strong>. A medida certa desde o in\u00edcio evita ajustes improvisados e poss\u00edveis erros que podem comprometer o produto final.<\/p>\n\n\n\n<p>Mas a aplica\u00e7\u00e3o n\u00e3o se limita \u00e0 alta precis\u00e3o. <strong>Em demandas simples, o corte sob medida tamb\u00e9m representa ganho de tempo e recursos<\/strong>. Afinal, n\u00e3o h\u00e1 porque seguir com um processo industrial engessado se \u00e9 poss\u00edvel adapt\u00e1-lo com efici\u00eancia.<\/p>\n\n\n\n<h2 class=\"wp-block-heading\">A import\u00e2ncia de uma equipe t\u00e9cnica qualificada no desenvolvimento de solu\u00e7\u00f5es sob medida<\/h2>\n\n\n\n<p>De nada adianta ter a melhor m\u00e1quina se n\u00e3o houver por tr\u00e1s dela uma equipe que saiba o que est\u00e1 fazendo. <strong>O corte de chapas em tamanhos personalizados exige conhecimento t\u00e9cnico, experi\u00eancia e sensibilidade para entender as necessidades do cliente<\/strong>.<\/p>\n\n\n\n<p>Uma equipe qualificada vai al\u00e9m da execu\u00e7\u00e3o: <strong>ela participa do processo como parceira estrat\u00e9gica<\/strong>. Analisa o projeto, prop\u00f5e ajustes t\u00e9cnicos quando necess\u00e1rio e garante que o resultado final esteja dentro dos padr\u00f5es exigidos ou acima deles.<\/p>\n\n\n\n<p><strong>Al\u00e9m disso, profissionais experientes sabem lidar com diferentes materiais, como a\u00e7o carbono, inox ou alum\u00ednio, entendendo suas particularidades e limita\u00e7\u00f5es<\/strong>. Isso evita falhas e amplia a confiabilidade do servi\u00e7o. Em resumo, \u00e9 essa expertise que garante que cada chapa entregue esteja no ponto certo para entrar em produ\u00e7\u00e3o sem surpresas.<\/p>\n\n\n\n<h1 class=\"wp-block-heading\">West Corte e Dobra: tecnologia e confian\u00e7a no corte de chapas de a\u00e7o em tamanhos variados<\/h1>\n\n\n\n<p>A <strong><em><a href=\"https:\/\/www.westcorteedobra.com.br\/\" target=\"_blank\" rel=\"noreferrer noopener\">West Corte e Dobra<\/a><\/em><\/strong> \u00e9 uma empresa comprometida com solu\u00e7\u00f5es de excel\u00eancia no setor metal\u00fargico. Especialista no corte de chapas de a\u00e7o em tamanhos variados, ela atua com foco em resultados, oferecendo servi\u00e7os de alta precis\u00e3o e agilidade.<\/p>\n\n\n\n<p>Com m\u00e1quinas modernas, equipe qualificada e processos otimizados, a <em>West<\/em> entrega chapas personalizadas prontas para uso, reduzindo etapas produtivas e eliminando retrabalhos. Al\u00e9m disso, o compromisso com a inova\u00e7\u00e3o e a qualidade se reflete em cada entrega, o que fortalece a confian\u00e7a de clientes de diversos segmentos da ind\u00fastria.<\/p>\n\n\n\n<p>Seja em a\u00e7o carbono, inox ou alum\u00ednio, a<em> West<\/em> \u00e9 a escolha certa para empresas que buscam efici\u00eancia, agilidade e solu\u00e7\u00f5es sob medida com resultados comprovados. Para quem procura corte de chapas de a\u00e7o em tamanhos variados em Osasco, a <em>West<\/em> \u00e9 refer\u00eancia em confiabilidade e excel\u00eancia t\u00e9cnica.<\/p>\n\n\n\n<h2 class=\"wp-block-heading\">Chega de retrabalho: leve sua produ\u00e7\u00e3o para outro n\u00edvel<\/h2>\n\n\n\n<p>Ao longo deste artigo, vimos como o corte de chapas de a\u00e7o em tamanhos variados pode ser a virada de chave para opera\u00e7\u00f5es mais \u00e1geis, econ\u00f4micas e eficazes. A personaliza\u00e7\u00e3o garante melhor aproveitamento de material, reduz custos e agrega valor ao produto final.<\/p>\n\n\n\n<p>\u00c9 o tipo de solu\u00e7\u00e3o que, muitas vezes, voc\u00ea nem sabia que precisava, at\u00e9 ver a diferen\u00e7a que ela faz na pr\u00e1tica. E para quem est\u00e1 em busca de um parceiro de confian\u00e7a, com estrutura, qualidade e atendimento eficiente, a <em>West Corte e Dobra<\/em> \u00e9 a escolha ideal.<\/p>\n\n\n\n<p><strong><a href=\"https:\/\/www.westcorteedobra.com.br\/fale-conosco\" target=\"_blank\" rel=\"noreferrer noopener\">Solicite agora mesmo<\/a> um or\u00e7amento e descubra como a <em>West<\/em> pode transformar sua produ\u00e7\u00e3o com solu\u00e7\u00f5es de corte de chapas de a\u00e7o em tamanhos variados em Osasco.<\/strong><\/p>\n","protected":false},"excerpt":{"rendered":"<p>Veja como o corte de chapas de a\u00e7o em tamanhos variados pode otimizar processos, reduzir custos e trazer mais efici\u00eancia \u00e0 sua produ\u00e7\u00e3o. No dia a dia da ind\u00fastria, tempo e precis\u00e3o valem ouro. E quando falamos de materiais como o a\u00e7o, cada mil\u00edmetro importa. Por isso, o corte de chapas de a\u00e7o em tamanhos &hellip; <\/p>\n","protected":false},"author":1,"featured_media":85,"comment_status":"open","ping_status":"open","sticky":false,"template":"","format":"standard","meta":{"footnotes":""},"categories":[1886,2103],"tags":[2200,60,2204,2184,54,2056,2202,1132,2045,2190,39,2199,2186,2194,2191,2195,1919,2006,2189,34,2183,2182,2172,35,2197,55,2192,1758,961,446,565,2201,2188,1908,2203,2196,2041,582,1892,2193,2025,2185,2198,215,2187,2005,2205,2116],"class_list":["post-287","post","type-post","status-publish","format-standard","has-post-thumbnail","hentry","category-corte-de-chapas-de-aco","category-corte-de-chapas-sob-medida","tag-chapas-de-aco-cortadas-sob-medida","tag-chapas-metalicas-sob-medida","tag-corte-a-laser-de-chapas-de-aco","tag-corte-cnc-de-chapas","tag-corte-de-aco-carbono","tag-corte-de-aco-com-agilidade","tag-corte-de-aco-com-entrega-rapida","tag-corte-de-aco-com-precisao","tag-corte-de-aco-com-tecnologia","tag-corte-de-aco-de-alta-qualidade","tag-corte-de-aco-inox","tag-corte-de-aco-otimizado","tag-corte-de-aco-para-estruturas-metalicas","tag-corte-de-aco-para-fabricacao-industrial","tag-corte-de-aco-para-industria","tag-corte-de-aco-para-pecas-tecnicas","tag-corte-de-aco-sob-demanda","tag-corte-de-aco-sob-medida","tag-corte-de-chapas-com-cnc","tag-corte-de-chapas-de-aco","tag-corte-de-chapas-de-aco-em-osasco","tag-corte-de-chapas-de-aco-em-tamanhos-variados","tag-corte-de-chapas-de-aco-sob-medida","tag-corte-de-chapas-de-aluminio","tag-corte-de-chapas-em-diversos-tamanhos","tag-corte-de-chapas-industriais","tag-corte-de-chapas-metalicas-osasco","tag-corte-de-chapas-para-caldeiraria","tag-corte-de-chapas-para-construcao-civil","tag-corte-e-dobra-de-chapas-metalicas","tag-corte-industrial-de-aco","tag-corte-personalizado-em-aco-inox","tag-corte-preciso-de-aco","tag-corte-profissional-de-aco","tag-corte-sob-medida-em-aluminio","tag-corte-sob-medida-para-metalurgia","tag-corte-tecnico-de-aco","tag-eficiencia-no-corte-de-aco","tag-empresa-de-corte-de-aco","tag-empresa-de-corte-e-dobra-osasco","tag-empresa-especializada-em-corte-de-aco","tag-fornecedor-de-chapas-de-aco-sob-medida","tag-fornecedor-de-corte-sob-medida","tag-personalizacao-de-chapas-metalicas","tag-servico-de-corte-de-aco-personalizado","tag-solucoes-em-corte-de-aco","tag-solucoes-industriais-com-corte-de-chapas","tag-solucoes-metalicas-sob-medida","latest_post"],"yoast_head":"<!-- This site is optimized with the Yoast SEO plugin v25.2 - https:\/\/yoast.com\/wordpress\/plugins\/seo\/ -->\n<title>Corte de chapas de a\u00e7o em tamanhos variados: saiba mais<\/title>\n<meta name=\"description\" content=\"Veja como o corte de chapas de a\u00e7o em tamanhos variados pode otimizar processos, reduzir custos e trazer mais efici\u00eancia \u00e0 sua produ\u00e7\u00e3o.\" \/>\n<meta name=\"robots\" content=\"index, follow, max-snippet:-1, max-image-preview:large, max-video-preview:-1\" \/>\n<link rel=\"canonical\" href=\"https:\/\/www.westcorteedobra.com.br\/blog\/2025\/05\/14\/corte-de-chapas-de-aco-em-tamanhos-variados-a-solucao-que-voce-procurava-sem-saber\/\" \/>\n<meta property=\"og:locale\" content=\"pt_BR\" \/>\n<meta property=\"og:type\" content=\"article\" \/>\n<meta property=\"og:title\" content=\"Corte de chapas de a\u00e7o em tamanhos variados: saiba mais\" \/>\n<meta property=\"og:description\" content=\"Veja como o corte de chapas de a\u00e7o em tamanhos variados pode otimizar processos, reduzir custos e trazer mais efici\u00eancia \u00e0 sua produ\u00e7\u00e3o.\" \/>\n<meta property=\"og:url\" content=\"https:\/\/www.westcorteedobra.com.br\/blog\/2025\/05\/14\/corte-de-chapas-de-aco-em-tamanhos-variados-a-solucao-que-voce-procurava-sem-saber\/\" \/>\n<meta property=\"og:site_name\" content=\"Blog West Corte e Dobra\" \/>\n<meta property=\"article:published_time\" content=\"2025-05-14T14:26:03+00:00\" \/>\n<meta property=\"article:modified_time\" content=\"2025-06-02T18:57:29+00:00\" \/>\n<meta property=\"og:image\" content=\"https:\/\/www.westcorteedobra.com.br\/blog\/wp-content\/uploads\/2024\/11\/4465.jpg\" \/>\n\t<meta property=\"og:image:width\" content=\"1000\" \/>\n\t<meta property=\"og:image:height\" content=\"782\" \/>\n\t<meta property=\"og:image:type\" content=\"image\/jpeg\" \/>\n<meta name=\"author\" content=\"admin\" \/>\n<meta name=\"twitter:card\" content=\"summary_large_image\" \/>\n<meta name=\"twitter:label1\" content=\"Written by\" \/>\n\t<meta name=\"twitter:data1\" content=\"admin\" \/>\n\t<meta name=\"twitter:label2\" content=\"Est. reading time\" \/>\n\t<meta name=\"twitter:data2\" content=\"6 minutos\" \/>\n<script type=\"application\/ld+json\" class=\"yoast-schema-graph\">{\"@context\":\"https:\/\/schema.org\",\"@graph\":[{\"@type\":\"Article\",\"@id\":\"https:\/\/www.westcorteedobra.com.br\/blog\/2025\/05\/14\/corte-de-chapas-de-aco-em-tamanhos-variados-a-solucao-que-voce-procurava-sem-saber\/#article\",\"isPartOf\":{\"@id\":\"https:\/\/www.westcorteedobra.com.br\/blog\/2025\/05\/14\/corte-de-chapas-de-aco-em-tamanhos-variados-a-solucao-que-voce-procurava-sem-saber\/\"},\"author\":{\"name\":\"admin\",\"@id\":\"https:\/\/www.westcorteedobra.com.br\/blog\/#\/schema\/person\/5c41559f9b03b4970e7a15a2bb78ca16\"},\"headline\":\"Corte de chapas de a\u00e7o em tamanhos variados: a solu\u00e7\u00e3o que voc\u00ea procurava sem saber\",\"datePublished\":\"2025-05-14T14:26:03+00:00\",\"dateModified\":\"2025-06-02T18:57:29+00:00\",\"mainEntityOfPage\":{\"@id\":\"https:\/\/www.westcorteedobra.com.br\/blog\/2025\/05\/14\/corte-de-chapas-de-aco-em-tamanhos-variados-a-solucao-que-voce-procurava-sem-saber\/\"},\"wordCount\":1123,\"commentCount\":0,\"publisher\":{\"@id\":\"https:\/\/www.westcorteedobra.com.br\/blog\/#organization\"},\"image\":{\"@id\":\"https:\/\/www.westcorteedobra.com.br\/blog\/2025\/05\/14\/corte-de-chapas-de-aco-em-tamanhos-variados-a-solucao-que-voce-procurava-sem-saber\/#primaryimage\"},\"thumbnailUrl\":\"https:\/\/www.westcorteedobra.com.br\/blog\/wp-content\/uploads\/2024\/11\/4465.jpg\",\"keywords\":[\"chapas de a\u00e7o cortadas sob medida\",\"Chapas met\u00e1licas sob medida\",\"corte a laser de chapas de a\u00e7o\",\"corte CNC de chapas\",\"Corte de a\u00e7o carbono\",\"corte de a\u00e7o com agilidade\",\"corte de a\u00e7o com entrega r\u00e1pida\",\"corte de a\u00e7o com precis\u00e3o\",\"corte de a\u00e7o com tecnologia\",\"corte de a\u00e7o de alta qualidade\",\"Corte de a\u00e7o inox\",\"corte de a\u00e7o otimizado\",\"corte de a\u00e7o para estruturas met\u00e1licas\",\"corte de a\u00e7o para fabrica\u00e7\u00e3o industrial\",\"corte de a\u00e7o para ind\u00fastria\",\"corte de a\u00e7o para pe\u00e7as t\u00e9cnicas\",\"corte de a\u00e7o sob demanda\",\"corte de a\u00e7o sob medida\",\"corte de chapas com CNC\",\"Corte de chapas de a\u00e7o\",\"corte de chapas de a\u00e7o em Osasco\",\"corte de chapas de a\u00e7o em tamanhos variados\",\"corte de chapas de a\u00e7o sob medida\",\"Corte de chapas de alum\u00ednio\",\"corte de chapas em diversos tamanhos\",\"Corte de chapas industriais\",\"corte de chapas met\u00e1licas Osasco\",\"corte de chapas para caldeiraria\",\"Corte de chapas para constru\u00e7\u00e3o civil\",\"corte e dobra de chapas met\u00e1licas\",\"corte industrial de a\u00e7o\",\"corte personalizado em a\u00e7o inox\",\"corte preciso de a\u00e7o\",\"corte profissional de a\u00e7o\",\"corte sob medida em alum\u00ednio\",\"corte sob medida para metalurgia\",\"corte t\u00e9cnico de a\u00e7o\",\"efici\u00eancia no corte de a\u00e7o\",\"empresa de corte de a\u00e7o\",\"empresa de corte e dobra Osasco\",\"empresa especializada em corte de a\u00e7o\",\"fornecedor de chapas de a\u00e7o sob medida\",\"fornecedor de corte sob medida\",\"personaliza\u00e7\u00e3o de chapas met\u00e1licas\",\"servi\u00e7o de corte de a\u00e7o personalizado\",\"solu\u00e7\u00f5es em corte de a\u00e7o\",\"solu\u00e7\u00f5es industriais com corte de chapas\",\"solu\u00e7\u00f5es met\u00e1licas sob medida\"],\"articleSection\":[\"Corte de chapas de a\u00e7o\",\"Corte de chapas sob medida\"],\"inLanguage\":\"pt-BR\",\"potentialAction\":[{\"@type\":\"CommentAction\",\"name\":\"Comment\",\"target\":[\"https:\/\/www.westcorteedobra.com.br\/blog\/2025\/05\/14\/corte-de-chapas-de-aco-em-tamanhos-variados-a-solucao-que-voce-procurava-sem-saber\/#respond\"]}]},{\"@type\":\"WebPage\",\"@id\":\"https:\/\/www.westcorteedobra.com.br\/blog\/2025\/05\/14\/corte-de-chapas-de-aco-em-tamanhos-variados-a-solucao-que-voce-procurava-sem-saber\/\",\"url\":\"https:\/\/www.westcorteedobra.com.br\/blog\/2025\/05\/14\/corte-de-chapas-de-aco-em-tamanhos-variados-a-solucao-que-voce-procurava-sem-saber\/\",\"name\":\"Corte de chapas de a\u00e7o em tamanhos variados: saiba mais\",\"isPartOf\":{\"@id\":\"https:\/\/www.westcorteedobra.com.br\/blog\/#website\"},\"primaryImageOfPage\":{\"@id\":\"https:\/\/www.westcorteedobra.com.br\/blog\/2025\/05\/14\/corte-de-chapas-de-aco-em-tamanhos-variados-a-solucao-que-voce-procurava-sem-saber\/#primaryimage\"},\"image\":{\"@id\":\"https:\/\/www.westcorteedobra.com.br\/blog\/2025\/05\/14\/corte-de-chapas-de-aco-em-tamanhos-variados-a-solucao-que-voce-procurava-sem-saber\/#primaryimage\"},\"thumbnailUrl\":\"https:\/\/www.westcorteedobra.com.br\/blog\/wp-content\/uploads\/2024\/11\/4465.jpg\",\"datePublished\":\"2025-05-14T14:26:03+00:00\",\"dateModified\":\"2025-06-02T18:57:29+00:00\",\"description\":\"Veja como o corte de chapas de a\u00e7o em tamanhos variados pode otimizar processos, reduzir custos e trazer mais efici\u00eancia \u00e0 sua produ\u00e7\u00e3o.\",\"breadcrumb\":{\"@id\":\"https:\/\/www.westcorteedobra.com.br\/blog\/2025\/05\/14\/corte-de-chapas-de-aco-em-tamanhos-variados-a-solucao-que-voce-procurava-sem-saber\/#breadcrumb\"},\"inLanguage\":\"pt-BR\",\"potentialAction\":[{\"@type\":\"ReadAction\",\"target\":[\"https:\/\/www.westcorteedobra.com.br\/blog\/2025\/05\/14\/corte-de-chapas-de-aco-em-tamanhos-variados-a-solucao-que-voce-procurava-sem-saber\/\"]}]},{\"@type\":\"ImageObject\",\"inLanguage\":\"pt-BR\",\"@id\":\"https:\/\/www.westcorteedobra.com.br\/blog\/2025\/05\/14\/corte-de-chapas-de-aco-em-tamanhos-variados-a-solucao-que-voce-procurava-sem-saber\/#primaryimage\",\"url\":\"https:\/\/www.westcorteedobra.com.br\/blog\/wp-content\/uploads\/2024\/11\/4465.jpg\",\"contentUrl\":\"https:\/\/www.westcorteedobra.com.br\/blog\/wp-content\/uploads\/2024\/11\/4465.jpg\",\"width\":1000,\"height\":782,\"caption\":\"Corte de chapas de a\u00e7o em tamanhos variados: a solu\u00e7\u00e3o que voc\u00ea procurava sem saber\"},{\"@type\":\"BreadcrumbList\",\"@id\":\"https:\/\/www.westcorteedobra.com.br\/blog\/2025\/05\/14\/corte-de-chapas-de-aco-em-tamanhos-variados-a-solucao-que-voce-procurava-sem-saber\/#breadcrumb\",\"itemListElement\":[{\"@type\":\"ListItem\",\"position\":1,\"name\":\"Home\",\"item\":\"https:\/\/www.westcorteedobra.com.br\/blog\/\"},{\"@type\":\"ListItem\",\"position\":2,\"name\":\"Corte de chapas de a\u00e7o em tamanhos variados: a solu\u00e7\u00e3o que voc\u00ea procurava sem saber\"}]},{\"@type\":\"WebSite\",\"@id\":\"https:\/\/www.westcorteedobra.com.br\/blog\/#website\",\"url\":\"https:\/\/www.westcorteedobra.com.br\/blog\/\",\"name\":\"Blog West Corte e Dobra\",\"description\":\"\",\"publisher\":{\"@id\":\"https:\/\/www.westcorteedobra.com.br\/blog\/#organization\"},\"potentialAction\":[{\"@type\":\"SearchAction\",\"target\":{\"@type\":\"EntryPoint\",\"urlTemplate\":\"https:\/\/www.westcorteedobra.com.br\/blog\/?s={search_term_string}\"},\"query-input\":{\"@type\":\"PropertyValueSpecification\",\"valueRequired\":true,\"valueName\":\"search_term_string\"}}],\"inLanguage\":\"pt-BR\"},{\"@type\":\"Organization\",\"@id\":\"https:\/\/www.westcorteedobra.com.br\/blog\/#organization\",\"name\":\"Blog West Corte e Dobra\",\"url\":\"https:\/\/www.westcorteedobra.com.br\/blog\/\",\"logo\":{\"@type\":\"ImageObject\",\"inLanguage\":\"pt-BR\",\"@id\":\"https:\/\/www.westcorteedobra.com.br\/blog\/#\/schema\/logo\/image\/\",\"url\":\"https:\/\/www.westcorteedobra.com.br\/blog\/wp-content\/uploads\/2024\/10\/logo-2.webp\",\"contentUrl\":\"https:\/\/www.westcorteedobra.com.br\/blog\/wp-content\/uploads\/2024\/10\/logo-2.webp\",\"width\":1200,\"height\":280,\"caption\":\"Blog West Corte e Dobra\"},\"image\":{\"@id\":\"https:\/\/www.westcorteedobra.com.br\/blog\/#\/schema\/logo\/image\/\"}},{\"@type\":\"Person\",\"@id\":\"https:\/\/www.westcorteedobra.com.br\/blog\/#\/schema\/person\/5c41559f9b03b4970e7a15a2bb78ca16\",\"name\":\"admin\",\"image\":{\"@type\":\"ImageObject\",\"inLanguage\":\"pt-BR\",\"@id\":\"https:\/\/www.westcorteedobra.com.br\/blog\/#\/schema\/person\/image\/\",\"url\":\"https:\/\/secure.gravatar.com\/avatar\/4f64c9f81bb0d4ee969aaf7b4a5a6f40?s=96&d=mm&r=g\",\"contentUrl\":\"https:\/\/secure.gravatar.com\/avatar\/4f64c9f81bb0d4ee969aaf7b4a5a6f40?s=96&d=mm&r=g\",\"caption\":\"admin\"},\"sameAs\":[\"https:\/\/www.westcorteedobra.com.br\/blog\"],\"url\":\"https:\/\/www.westcorteedobra.com.br\/blog\/author\/admin\/\"}]}<\/script>\n<!-- \/ Yoast SEO plugin. -->","yoast_head_json":{"title":"Corte de chapas de a\u00e7o em tamanhos variados: saiba mais","description":"Veja como o corte de chapas de a\u00e7o em tamanhos variados pode otimizar processos, reduzir custos e trazer mais efici\u00eancia \u00e0 sua produ\u00e7\u00e3o.","robots":{"index":"index","follow":"follow","max-snippet":"max-snippet:-1","max-image-preview":"max-image-preview:large","max-video-preview":"max-video-preview:-1"},"canonical":"https:\/\/www.westcorteedobra.com.br\/blog\/2025\/05\/14\/corte-de-chapas-de-aco-em-tamanhos-variados-a-solucao-que-voce-procurava-sem-saber\/","og_locale":"pt_BR","og_type":"article","og_title":"Corte de chapas de a\u00e7o em tamanhos variados: saiba mais","og_description":"Veja como o corte de chapas de a\u00e7o em tamanhos variados pode otimizar processos, reduzir custos e trazer mais efici\u00eancia \u00e0 sua produ\u00e7\u00e3o.","og_url":"https:\/\/www.westcorteedobra.com.br\/blog\/2025\/05\/14\/corte-de-chapas-de-aco-em-tamanhos-variados-a-solucao-que-voce-procurava-sem-saber\/","og_site_name":"Blog West Corte e Dobra","article_published_time":"2025-05-14T14:26:03+00:00","article_modified_time":"2025-06-02T18:57:29+00:00","og_image":[{"width":1000,"height":782,"url":"https:\/\/www.westcorteedobra.com.br\/blog\/wp-content\/uploads\/2024\/11\/4465.jpg","type":"image\/jpeg"}],"author":"admin","twitter_card":"summary_large_image","twitter_misc":{"Written by":"admin","Est. reading time":"6 minutos"},"schema":{"@context":"https:\/\/schema.org","@graph":[{"@type":"Article","@id":"https:\/\/www.westcorteedobra.com.br\/blog\/2025\/05\/14\/corte-de-chapas-de-aco-em-tamanhos-variados-a-solucao-que-voce-procurava-sem-saber\/#article","isPartOf":{"@id":"https:\/\/www.westcorteedobra.com.br\/blog\/2025\/05\/14\/corte-de-chapas-de-aco-em-tamanhos-variados-a-solucao-que-voce-procurava-sem-saber\/"},"author":{"name":"admin","@id":"https:\/\/www.westcorteedobra.com.br\/blog\/#\/schema\/person\/5c41559f9b03b4970e7a15a2bb78ca16"},"headline":"Corte de chapas de a\u00e7o em tamanhos variados: a solu\u00e7\u00e3o que voc\u00ea procurava sem saber","datePublished":"2025-05-14T14:26:03+00:00","dateModified":"2025-06-02T18:57:29+00:00","mainEntityOfPage":{"@id":"https:\/\/www.westcorteedobra.com.br\/blog\/2025\/05\/14\/corte-de-chapas-de-aco-em-tamanhos-variados-a-solucao-que-voce-procurava-sem-saber\/"},"wordCount":1123,"commentCount":0,"publisher":{"@id":"https:\/\/www.westcorteedobra.com.br\/blog\/#organization"},"image":{"@id":"https:\/\/www.westcorteedobra.com.br\/blog\/2025\/05\/14\/corte-de-chapas-de-aco-em-tamanhos-variados-a-solucao-que-voce-procurava-sem-saber\/#primaryimage"},"thumbnailUrl":"https:\/\/www.westcorteedobra.com.br\/blog\/wp-content\/uploads\/2024\/11\/4465.jpg","keywords":["chapas de a\u00e7o cortadas sob medida","Chapas met\u00e1licas sob medida","corte a laser de chapas de a\u00e7o","corte CNC de chapas","Corte de a\u00e7o carbono","corte de a\u00e7o com agilidade","corte de a\u00e7o com entrega r\u00e1pida","corte de a\u00e7o com precis\u00e3o","corte de a\u00e7o com tecnologia","corte de a\u00e7o de alta qualidade","Corte de a\u00e7o inox","corte de a\u00e7o otimizado","corte de a\u00e7o para estruturas met\u00e1licas","corte de a\u00e7o para fabrica\u00e7\u00e3o industrial","corte de a\u00e7o para ind\u00fastria","corte de a\u00e7o para pe\u00e7as t\u00e9cnicas","corte de a\u00e7o sob demanda","corte de a\u00e7o sob medida","corte de chapas com CNC","Corte de chapas de a\u00e7o","corte de chapas de a\u00e7o em Osasco","corte de chapas de a\u00e7o em tamanhos variados","corte de chapas de a\u00e7o sob medida","Corte de chapas de alum\u00ednio","corte de chapas em diversos tamanhos","Corte de chapas industriais","corte de chapas met\u00e1licas Osasco","corte de chapas para caldeiraria","Corte de chapas para constru\u00e7\u00e3o civil","corte e dobra de chapas met\u00e1licas","corte industrial de a\u00e7o","corte personalizado em a\u00e7o inox","corte preciso de a\u00e7o","corte profissional de a\u00e7o","corte sob medida em alum\u00ednio","corte sob medida para metalurgia","corte t\u00e9cnico de a\u00e7o","efici\u00eancia no corte de a\u00e7o","empresa de corte de a\u00e7o","empresa de corte e dobra Osasco","empresa especializada em corte de a\u00e7o","fornecedor de chapas de a\u00e7o sob medida","fornecedor de corte sob medida","personaliza\u00e7\u00e3o de chapas met\u00e1licas","servi\u00e7o de corte de a\u00e7o personalizado","solu\u00e7\u00f5es em corte de a\u00e7o","solu\u00e7\u00f5es industriais com corte de chapas","solu\u00e7\u00f5es met\u00e1licas sob medida"],"articleSection":["Corte de chapas de a\u00e7o","Corte de chapas sob medida"],"inLanguage":"pt-BR","potentialAction":[{"@type":"CommentAction","name":"Comment","target":["https:\/\/www.westcorteedobra.com.br\/blog\/2025\/05\/14\/corte-de-chapas-de-aco-em-tamanhos-variados-a-solucao-que-voce-procurava-sem-saber\/#respond"]}]},{"@type":"WebPage","@id":"https:\/\/www.westcorteedobra.com.br\/blog\/2025\/05\/14\/corte-de-chapas-de-aco-em-tamanhos-variados-a-solucao-que-voce-procurava-sem-saber\/","url":"https:\/\/www.westcorteedobra.com.br\/blog\/2025\/05\/14\/corte-de-chapas-de-aco-em-tamanhos-variados-a-solucao-que-voce-procurava-sem-saber\/","name":"Corte de chapas de a\u00e7o em tamanhos variados: saiba mais","isPartOf":{"@id":"https:\/\/www.westcorteedobra.com.br\/blog\/#website"},"primaryImageOfPage":{"@id":"https:\/\/www.westcorteedobra.com.br\/blog\/2025\/05\/14\/corte-de-chapas-de-aco-em-tamanhos-variados-a-solucao-que-voce-procurava-sem-saber\/#primaryimage"},"image":{"@id":"https:\/\/www.westcorteedobra.com.br\/blog\/2025\/05\/14\/corte-de-chapas-de-aco-em-tamanhos-variados-a-solucao-que-voce-procurava-sem-saber\/#primaryimage"},"thumbnailUrl":"https:\/\/www.westcorteedobra.com.br\/blog\/wp-content\/uploads\/2024\/11\/4465.jpg","datePublished":"2025-05-14T14:26:03+00:00","dateModified":"2025-06-02T18:57:29+00:00","description":"Veja como o corte de chapas de a\u00e7o em tamanhos variados pode otimizar processos, reduzir custos e trazer mais efici\u00eancia \u00e0 sua produ\u00e7\u00e3o.","breadcrumb":{"@id":"https:\/\/www.westcorteedobra.com.br\/blog\/2025\/05\/14\/corte-de-chapas-de-aco-em-tamanhos-variados-a-solucao-que-voce-procurava-sem-saber\/#breadcrumb"},"inLanguage":"pt-BR","potentialAction":[{"@type":"ReadAction","target":["https:\/\/www.westcorteedobra.com.br\/blog\/2025\/05\/14\/corte-de-chapas-de-aco-em-tamanhos-variados-a-solucao-que-voce-procurava-sem-saber\/"]}]},{"@type":"ImageObject","inLanguage":"pt-BR","@id":"https:\/\/www.westcorteedobra.com.br\/blog\/2025\/05\/14\/corte-de-chapas-de-aco-em-tamanhos-variados-a-solucao-que-voce-procurava-sem-saber\/#primaryimage","url":"https:\/\/www.westcorteedobra.com.br\/blog\/wp-content\/uploads\/2024\/11\/4465.jpg","contentUrl":"https:\/\/www.westcorteedobra.com.br\/blog\/wp-content\/uploads\/2024\/11\/4465.jpg","width":1000,"height":782,"caption":"Corte de chapas de a\u00e7o em tamanhos variados: a solu\u00e7\u00e3o que voc\u00ea procurava sem saber"},{"@type":"BreadcrumbList","@id":"https:\/\/www.westcorteedobra.com.br\/blog\/2025\/05\/14\/corte-de-chapas-de-aco-em-tamanhos-variados-a-solucao-que-voce-procurava-sem-saber\/#breadcrumb","itemListElement":[{"@type":"ListItem","position":1,"name":"Home","item":"https:\/\/www.westcorteedobra.com.br\/blog\/"},{"@type":"ListItem","position":2,"name":"Corte de chapas de a\u00e7o em tamanhos variados: a solu\u00e7\u00e3o que voc\u00ea procurava sem saber"}]},{"@type":"WebSite","@id":"https:\/\/www.westcorteedobra.com.br\/blog\/#website","url":"https:\/\/www.westcorteedobra.com.br\/blog\/","name":"Blog West Corte e Dobra","description":"","publisher":{"@id":"https:\/\/www.westcorteedobra.com.br\/blog\/#organization"},"potentialAction":[{"@type":"SearchAction","target":{"@type":"EntryPoint","urlTemplate":"https:\/\/www.westcorteedobra.com.br\/blog\/?s={search_term_string}"},"query-input":{"@type":"PropertyValueSpecification","valueRequired":true,"valueName":"search_term_string"}}],"inLanguage":"pt-BR"},{"@type":"Organization","@id":"https:\/\/www.westcorteedobra.com.br\/blog\/#organization","name":"Blog West Corte e Dobra","url":"https:\/\/www.westcorteedobra.com.br\/blog\/","logo":{"@type":"ImageObject","inLanguage":"pt-BR","@id":"https:\/\/www.westcorteedobra.com.br\/blog\/#\/schema\/logo\/image\/","url":"https:\/\/www.westcorteedobra.com.br\/blog\/wp-content\/uploads\/2024\/10\/logo-2.webp","contentUrl":"https:\/\/www.westcorteedobra.com.br\/blog\/wp-content\/uploads\/2024\/10\/logo-2.webp","width":1200,"height":280,"caption":"Blog West Corte e Dobra"},"image":{"@id":"https:\/\/www.westcorteedobra.com.br\/blog\/#\/schema\/logo\/image\/"}},{"@type":"Person","@id":"https:\/\/www.westcorteedobra.com.br\/blog\/#\/schema\/person\/5c41559f9b03b4970e7a15a2bb78ca16","name":"admin","image":{"@type":"ImageObject","inLanguage":"pt-BR","@id":"https:\/\/www.westcorteedobra.com.br\/blog\/#\/schema\/person\/image\/","url":"https:\/\/secure.gravatar.com\/avatar\/4f64c9f81bb0d4ee969aaf7b4a5a6f40?s=96&d=mm&r=g","contentUrl":"https:\/\/secure.gravatar.com\/avatar\/4f64c9f81bb0d4ee969aaf7b4a5a6f40?s=96&d=mm&r=g","caption":"admin"},"sameAs":["https:\/\/www.westcorteedobra.com.br\/blog"],"url":"https:\/\/www.westcorteedobra.com.br\/blog\/author\/admin\/"}]}},"_links":{"self":[{"href":"https:\/\/www.westcorteedobra.com.br\/blog\/wp-json\/wp\/v2\/posts\/287"}],"collection":[{"href":"https:\/\/www.westcorteedobra.com.br\/blog\/wp-json\/wp\/v2\/posts"}],"about":[{"href":"https:\/\/www.westcorteedobra.com.br\/blog\/wp-json\/wp\/v2\/types\/post"}],"author":[{"embeddable":true,"href":"https:\/\/www.westcorteedobra.com.br\/blog\/wp-json\/wp\/v2\/users\/1"}],"replies":[{"embeddable":true,"href":"https:\/\/www.westcorteedobra.com.br\/blog\/wp-json\/wp\/v2\/comments?post=287"}],"version-history":[{"count":1,"href":"https:\/\/www.westcorteedobra.com.br\/blog\/wp-json\/wp\/v2\/posts\/287\/revisions"}],"predecessor-version":[{"id":288,"href":"https:\/\/www.westcorteedobra.com.br\/blog\/wp-json\/wp\/v2\/posts\/287\/revisions\/288"}],"wp:featuredmedia":[{"embeddable":true,"href":"https:\/\/www.westcorteedobra.com.br\/blog\/wp-json\/wp\/v2\/media\/85"}],"wp:attachment":[{"href":"https:\/\/www.westcorteedobra.com.br\/blog\/wp-json\/wp\/v2\/media?parent=287"}],"wp:term":[{"taxonomy":"category","embeddable":true,"href":"https:\/\/www.westcorteedobra.com.br\/blog\/wp-json\/wp\/v2\/categories?post=287"},{"taxonomy":"post_tag","embeddable":true,"href":"https:\/\/www.westcorteedobra.com.br\/blog\/wp-json\/wp\/v2\/tags?post=287"}],"curies":[{"name":"wp","href":"https:\/\/api.w.org\/{rel}","templated":true}]}}