{"id":276,"date":"2025-05-05T12:28:22","date_gmt":"2025-05-05T15:28:22","guid":{"rendered":"https:\/\/www.westcorteedobra.com.br\/blog\/?p=276"},"modified":"2025-05-29T11:02:11","modified_gmt":"2025-05-29T14:02:11","slug":"por-que-sua-industria-precisa-do-servico-de-corte-e-dobra","status":"publish","type":"post","link":"https:\/\/www.westcorteedobra.com.br\/blog\/2025\/05\/05\/por-que-sua-industria-precisa-do-servico-de-corte-e-dobra\/","title":{"rendered":"Por que sua ind\u00fastria precisa do servi\u00e7o de corte e dobra?"},"content":{"rendered":"\n<p class=\"has-medium-font-size\"><strong><em>Descubra por que sua ind\u00fastria depende do corte e dobra para ganhar efici\u00eancia, qualidade e economia no processo produtivo.<\/em><\/strong><\/p>\n\n\n\n<p>Em um cen\u00e1rio industrial cada vez mais competitivo, a busca por efici\u00eancia, qualidade e economia deixou de ser uma vantagem e passou a ser uma necessidade. Empresas que desejam se destacar precisam contar com processos bem estruturados e servi\u00e7os especializados. Um desses servi\u00e7os \u00e9 o de corte e dobra de chapas, essencial para a transforma\u00e7\u00e3o precisa e funcional de mat\u00e9rias-primas met\u00e1licas.<\/p>\n\n\n\n<p>Hoje voc\u00ea vai entender por que sua ind\u00fastria precisa do servi\u00e7o de corte e dobra, de que forma ele contribui para o rendimento da produ\u00e7\u00e3o, melhora o padr\u00e3o de qualidade das pe\u00e7as fabricadas e ainda permite uma significativa redu\u00e7\u00e3o de custos operacionais. Tudo isso de forma clara, direta e aplic\u00e1vel ao seu dia a dia.<\/p>\n\n\n\n<ul class=\"wp-block-list\">\n<li><a href=\"https:\/\/www.westcorteedobra.com.br\/blog\/2025\/04\/30\/corte-de-aco-para-construcao-civil-o-que-voce-nao-pode-ignorar\/\" target=\"_blank\" rel=\"noreferrer noopener\">Corte de a\u00e7o para constru\u00e7\u00e3o civil: o que voc\u00ea n\u00e3o pode ignorar<\/a><\/li>\n<\/ul>\n\n\n\n<h2 class=\"wp-block-heading\">O impacto do corte e dobra na efici\u00eancia produtiva<\/h2>\n\n\n\n<p>A produ\u00e7\u00e3o industrial exige ritmo, fluidez e organiza\u00e7\u00e3o. Quando o corte e dobra de chapas entra em cena, essas tr\u00eas qualidades se tornam ainda mais acess\u00edveis. Isso porque, ao terceirizar esse tipo de opera\u00e7\u00e3o ou contar com um parceiro especializado, a ind\u00fastria ganha velocidade e evita gargalos que normalmente travam o fluxo produtivo.<\/p>\n\n\n\n<p><strong>O servi\u00e7o bem executado garante que as pe\u00e7as estejam prontas para montagem ou soldagem, sem a necessidade de ajustes posteriores. Isso reduz etapas no processo interno, melhora a produtividade da equipe e diminui o tempo entre o in\u00edcio e a entrega de um projeto<\/strong>. Al\u00e9m disso, equipamentos modernos usados no corte e dobra automatizam opera\u00e7\u00f5es que, feitas manualmente, seriam demoradas e sujeitas a falhas.<\/p>\n\n\n\n<p><strong>Quando falamos em efici\u00eancia, n\u00e3o \u00e9 s\u00f3 sobre rapidez, mas sobre<\/strong> <strong>otimiza\u00e7\u00e3o do tempo e do uso de materiais<\/strong>. Com cortes precisos e dobras ajustadas ao projeto, o desperd\u00edcio de chapas \u00e9 minimizado, aumentando o aproveitamento da mat\u00e9ria-prima e refletindo diretamente nos resultados financeiros e log\u00edsticos da empresa.<\/p>\n\n\n\n<ul class=\"wp-block-list\">\n<li><a href=\"https:\/\/www.westcorteedobra.com.br\/blog\/2025\/04\/29\/por-que-o-corte-de-aco-para-o-setor-automobilistico-e-vital\/\" target=\"_blank\" rel=\"noreferrer noopener\">Por que o corte de a\u00e7o para o setor automobil\u00edstico \u00e9 vital?<\/a><\/li>\n<\/ul>\n\n\n\n<h2 class=\"wp-block-heading\">A precis\u00e3o no corte e dobra como diferencial de qualidade<\/h2>\n\n\n\n<p><strong>Em setores como constru\u00e7\u00e3o met\u00e1lica, automotivo, naval e de equipamentos industriais, a precis\u00e3o no corte e dobra de chapas \u00e9 decisiva para o sucesso do projeto<\/strong>. Uma medida fora do padr\u00e3o ou uma dobra mal executada pode comprometer a funcionalidade de um componente inteiro, gerando atrasos, retrabalhos e at\u00e9 riscos operacionais.<\/p>\n\n\n\n<p>\u00c9 por isso que a qualidade do servi\u00e7o precisa ser tratada como prioridade. <strong>Empresas que utilizam tecnologias de ponta e m\u00e3o de obra qualificada oferecem um resultado final que atende \u00e0s especifica\u00e7\u00f5es t\u00e9cnicas com exatid\u00e3o, conferindo padroniza\u00e7\u00e3o e confiabilidade aos produtos<\/strong>. Isso significa pe\u00e7as que se encaixam perfeitamente, seguem as normas t\u00e9cnicas e reduzem problemas futuros.<\/p>\n\n\n\n<p>Al\u00e9m disso, a precis\u00e3o no corte e dobra \u00e9 um reflexo direto da aten\u00e7\u00e3o ao detalhe e do cuidado com o acabamento. <strong>Esses fatores fazem diferen\u00e7a para quem deseja se posicionar como refer\u00eancia no mercado<\/strong>, oferecendo mais que solu\u00e7\u00f5es b\u00e1sicas, mas produtos de alto valor agregado, com acabamento profissional e desempenho acima da m\u00e9dia.<\/p>\n\n\n\n<h2 class=\"wp-block-heading\">Redu\u00e7\u00e3o de custos operacionais com terceiriza\u00e7\u00e3o especializada<\/h2>\n\n\n\n<p>Ao pensar por que sua ind\u00fastria precisa do servi\u00e7o de corte e dobra, \u00e9 inevit\u00e1vel considerar o fator financeiro.<strong> A terceiriza\u00e7\u00e3o desse processo \u00e9 uma das formas mais eficientes de reduzir custos sem abdicar da qualidade<\/strong>. Isso porque manter uma estrutura interna para esse tipo de trabalho exige alto investimento em m\u00e1quinas, manuten\u00e7\u00e3o, treinamento e espa\u00e7o f\u00edsico.<\/p>\n\n\n\n<p>Ao contar com um parceiro especializado, a empresa elimina esses gastos fixos e passa a ter custos mais previs\u00edveis e sob demanda. Al\u00e9m disso, evita despesas com retrabalho, desperd\u00edcio de material e tempo de m\u00e1quina parado. O foco da equipe interna pode ser mantido na produ\u00e7\u00e3o e na entrega de valor, enquanto o corte e dobra s\u00e3o realizados com precis\u00e3o por quem domina o assunto.<\/p>\n\n\n\n<p><strong>Outro ponto importante \u00e9 que a terceiriza\u00e7\u00e3o permite acesso imediato a tecnologias atualizadas sem a necessidade de compra de novos equipamentos<\/strong>. Isso significa que sua ind\u00fastria pode acompanhar as exig\u00eancias do mercado e entregar produtos com padr\u00e3o elevado, mesmo sem uma estrutura pr\u00f3pria robusta.<\/p>\n\n\n\n<h1 class=\"wp-block-heading\">West Corte e Dobra: efici\u00eancia e confian\u00e7a para sua produ\u00e7\u00e3o<\/h1>\n\n\n\n<p>Quando se trata de encontrar um parceiro confi\u00e1vel, a <strong><em><a href=\"https:\/\/www.westcorteedobra.com.br\/\" target=\"_blank\" rel=\"noreferrer noopener\">West Corte e Dobra<\/a><\/em><\/strong> se destaca por oferecer solu\u00e7\u00f5es de alta qualidade no corte e dobra de chapas met\u00e1licas, com foco total em desempenho e comprometimento. A empresa atua visando otimizar os processos dos seus clientes, reduzindo custos e entregando agilidade em cada projeto.<\/p>\n\n\n\n<p>Com equipamentos modernos e uma equipe qualificada, a <em>West<\/em> se posiciona como refer\u00eancia em inova\u00e7\u00e3o, precis\u00e3o e excel\u00eancia, garantindo resultados consistentes e duradouros. Essa combina\u00e7\u00e3o \u00e9 o que permite que ind\u00fastrias de diferentes portes confiem seus projetos \u00e0 empresa, com a certeza de que estar\u00e3o recebendo muito mais do que um servi\u00e7o t\u00e9cnico \u2014 estar\u00e3o recebendo uma solu\u00e7\u00e3o estrat\u00e9gica.<\/p>\n\n\n\n<p>Seja para a\u00e7o carbono, inox ou alum\u00ednio, a <em>West Corte e Dobra<\/em> \u00e9 a escolha certa para quem busca efici\u00eancia, personaliza\u00e7\u00e3o e resultados comprovados. Com atendimento em diversas regi\u00f5es do Brasil, incluindo solu\u00e7\u00f5es de servi\u00e7o de corte e dobra de chapas em Osasco, a empresa \u00e9 sin\u00f4nimo de confiabilidade industrial.<\/p>\n\n\n\n<h2 class=\"wp-block-heading\">Corte e dobra: a base que sustenta seu crescimento<\/h2>\n\n\n\n<p>Agora que voc\u00ea compreendeu por que sua ind\u00fastria precisa do servi\u00e7o de corte e dobra, \u00e9 hora de transformar esse conhecimento em a\u00e7\u00e3o. Mais do que uma etapa t\u00e9cnica, o corte e dobra representa uma base de efici\u00eancia, precis\u00e3o e competitividade para sua produ\u00e7\u00e3o.<\/p>\n\n\n\n<p>Conte com parceiros que entendem do assunto, investem em tecnologia e priorizam o sucesso do seu neg\u00f3cio. A <em>West Corte e Dobra<\/em> \u00e9 a solu\u00e7\u00e3o ideal para empresas que atuam em Osasco e regi\u00e3o, oferecendo um servi\u00e7o de corte e dobra de chapas com excel\u00eancia e foco total no resultado do cliente.<\/p>\n\n\n\n<p><strong><a href=\"https:\/\/www.westcorteedobra.com.br\/fale-conosco\" target=\"_blank\" rel=\"noreferrer noopener\">Entre em contato<\/a> com a <em>West Corte e Dobra<\/em> e leve sua produ\u00e7\u00e3o a um novo n\u00edvel de desempenho<\/strong>!<\/p>\n","protected":false},"excerpt":{"rendered":"<p>Descubra por que sua ind\u00fastria depende do corte e dobra para ganhar efici\u00eancia, qualidade e economia no processo produtivo. Em um cen\u00e1rio industrial cada vez mais competitivo, a busca por efici\u00eancia, qualidade e economia deixou de ser uma vantagem e passou a ser uma necessidade. Empresas que desejam se destacar precisam contar com processos bem &hellip; <\/p>\n","protected":false},"author":1,"featured_media":264,"comment_status":"open","ping_status":"open","sticky":false,"template":"","format":"standard","meta":{"footnotes":""},"categories":[2069,540],"tags":[2096,2091,1349,2081,2099,806,112,9,476,548,2072,908,1573,452,2083,2078,2098,2087,2077,546,2075,2074,2073,2094,2092,2080,2090,2101,2093,2097,2082,2088,788,2079,2086,2100,1915,2070,2071,2084,2085,2102,2076,2095,1003,2089,484,110],"class_list":["post-276","post","type-post","status-publish","format-standard","has-post-thumbnail","hentry","category-servico-de-corte-e-dobra","category-servico-de-corte-e-dobra-de-aco","tag-acabamento-profissional-em-chapas","tag-agilidade-na-producao-industrial","tag-automacao-no-corte-de-chapas","tag-chapas-metalicas-para-industria","tag-chapas-metalicas-sob-demanda","tag-chapas-sob-medida","tag-corte-a-laser-industrial","tag-corte-de-chapas-metalicas","tag-corte-e-dobra-de-aco","tag-corte-e-dobra-de-aco-carbono","tag-corte-e-dobra-de-aluminio","tag-corte-e-dobra-de-inox","tag-corte-e-dobra-em-osasco","tag-corte-e-dobra-industrial","tag-corte-e-dobra-profissional","tag-corte-industrial-personalizado","tag-cortes-de-alta-precisao","tag-custo-beneficio-no-corte-de-chapas","tag-dobra-cnc","tag-dobra-de-chapas-metalicas","tag-dobra-precisa-de-aco","tag-economia-com-corte-e-dobra","tag-eficiencia-na-producao-industrial","tag-equipamentos-para-corte-e-dobra","tag-fabricacao-com-corte-e-dobra","tag-fornecedor-de-corte-e-dobra","tag-fornecedores-industriais-osasco","tag-industria-4-0-corte-e-dobra","tag-industria-metalurgica-osasco","tag-montagem-industrial-eficiente","tag-parceiro-de-corte-e-dobra","tag-personalizacao-no-corte-e-dobra","tag-precisao-no-corte-de-chapas","tag-producao-com-menos-desperdicio","tag-producao-otimizada-com-corte-e-dobra","tag-produtividade-com-corte-e-dobra","tag-qualidade-no-corte-de-chapas","tag-servico-de-corte-e-dobra-de-chapas","tag-servico-de-corte-e-dobra-de-chapas-em-osasco","tag-servico-terceirizado-de-corte-e-dobra","tag-servicos-industriais-osasco","tag-servicos-industriais-personalizados","tag-servicos-metalurgicos-osasco","tag-servicos-para-industrias-em-sp","tag-solucoes-em-corte-e-dobra","tag-tecnologia-em-corte-e-dobra","tag-terceirizacao-de-corte-e-dobra","tag-west-corte-e-dobra","latest_post"],"yoast_head":"<!-- This site is optimized with the Yoast SEO plugin v25.2 - https:\/\/yoast.com\/wordpress\/plugins\/seo\/ -->\n<title>Por que sua ind\u00fastria precisa do servi\u00e7o de corte e dobra?<\/title>\n<meta name=\"description\" content=\"Descubra por que sua ind\u00fastria depende do corte e dobra para ganhar efici\u00eancia, qualidade e economia no processo produtivo.\" \/>\n<meta name=\"robots\" content=\"index, follow, max-snippet:-1, max-image-preview:large, max-video-preview:-1\" \/>\n<link rel=\"canonical\" href=\"https:\/\/www.westcorteedobra.com.br\/blog\/2025\/05\/05\/por-que-sua-industria-precisa-do-servico-de-corte-e-dobra\/\" \/>\n<meta property=\"og:locale\" content=\"pt_BR\" \/>\n<meta property=\"og:type\" content=\"article\" \/>\n<meta property=\"og:title\" content=\"Por que sua ind\u00fastria precisa do servi\u00e7o de corte e dobra?\" \/>\n<meta property=\"og:description\" content=\"Descubra por que sua ind\u00fastria depende do corte e dobra para ganhar efici\u00eancia, qualidade e economia no processo produtivo.\" \/>\n<meta property=\"og:url\" content=\"https:\/\/www.westcorteedobra.com.br\/blog\/2025\/05\/05\/por-que-sua-industria-precisa-do-servico-de-corte-e-dobra\/\" \/>\n<meta property=\"og:site_name\" content=\"Blog West Corte e Dobra\" \/>\n<meta property=\"article:published_time\" content=\"2025-05-05T15:28:22+00:00\" \/>\n<meta property=\"article:modified_time\" content=\"2025-05-29T14:02:11+00:00\" \/>\n<meta property=\"og:image\" content=\"https:\/\/www.westcorteedobra.com.br\/blog\/wp-content\/uploads\/2025\/04\/corte-plasma-1.webp\" \/>\n\t<meta property=\"og:image:width\" content=\"500\" \/>\n\t<meta property=\"og:image:height\" content=\"400\" \/>\n\t<meta property=\"og:image:type\" content=\"image\/webp\" \/>\n<meta name=\"author\" content=\"admin\" \/>\n<meta name=\"twitter:card\" content=\"summary_large_image\" \/>\n<meta name=\"twitter:label1\" content=\"Written by\" \/>\n\t<meta name=\"twitter:data1\" content=\"admin\" \/>\n\t<meta name=\"twitter:label2\" content=\"Est. reading time\" \/>\n\t<meta name=\"twitter:data2\" content=\"6 minutos\" \/>\n<script type=\"application\/ld+json\" class=\"yoast-schema-graph\">{\"@context\":\"https:\/\/schema.org\",\"@graph\":[{\"@type\":\"Article\",\"@id\":\"https:\/\/www.westcorteedobra.com.br\/blog\/2025\/05\/05\/por-que-sua-industria-precisa-do-servico-de-corte-e-dobra\/#article\",\"isPartOf\":{\"@id\":\"https:\/\/www.westcorteedobra.com.br\/blog\/2025\/05\/05\/por-que-sua-industria-precisa-do-servico-de-corte-e-dobra\/\"},\"author\":{\"name\":\"admin\",\"@id\":\"https:\/\/www.westcorteedobra.com.br\/blog\/#\/schema\/person\/5c41559f9b03b4970e7a15a2bb78ca16\"},\"headline\":\"Por que sua ind\u00fastria precisa do servi\u00e7o de corte e dobra?\",\"datePublished\":\"2025-05-05T15:28:22+00:00\",\"dateModified\":\"2025-05-29T14:02:11+00:00\",\"mainEntityOfPage\":{\"@id\":\"https:\/\/www.westcorteedobra.com.br\/blog\/2025\/05\/05\/por-que-sua-industria-precisa-do-servico-de-corte-e-dobra\/\"},\"wordCount\":1091,\"commentCount\":0,\"publisher\":{\"@id\":\"https:\/\/www.westcorteedobra.com.br\/blog\/#organization\"},\"image\":{\"@id\":\"https:\/\/www.westcorteedobra.com.br\/blog\/2025\/05\/05\/por-que-sua-industria-precisa-do-servico-de-corte-e-dobra\/#primaryimage\"},\"thumbnailUrl\":\"https:\/\/www.westcorteedobra.com.br\/blog\/wp-content\/uploads\/2025\/04\/corte-plasma-1.webp\",\"keywords\":[\"acabamento profissional em chapas\",\"agilidade na produ\u00e7\u00e3o industrial\",\"automa\u00e7\u00e3o no corte de chapas\",\"chapas met\u00e1licas para ind\u00fastria\",\"chapas met\u00e1licas sob demanda\",\"chapas sob medida\",\"corte a laser industrial\",\"Corte de chapas met\u00e1licas\",\"corte e dobra de a\u00e7o\",\"corte e dobra de a\u00e7o carbono\",\"corte e dobra de alum\u00ednio\",\"corte e dobra de inox\",\"corte e dobra em Osasco\",\"corte e dobra industrial\",\"corte e dobra profissional\",\"corte industrial personalizado\",\"cortes de alta precis\u00e3o\",\"custo-benef\u00edcio no corte de chapas\",\"dobra CNC\",\"dobra de chapas met\u00e1licas\",\"dobra precisa de a\u00e7o\",\"economia com corte e dobra\",\"efici\u00eancia na produ\u00e7\u00e3o industrial\",\"equipamentos para corte e dobra\",\"fabrica\u00e7\u00e3o com corte e dobra\",\"fornecedor de corte e dobra\",\"fornecedores industriais Osasco\",\"ind\u00fastria 4.0 corte e dobra\",\"ind\u00fastria metal\u00fargica Osasco\",\"montagem industrial eficiente\",\"parceiro de corte e dobra\",\"personaliza\u00e7\u00e3o no corte e dobra\",\"precis\u00e3o no corte de chapas\",\"produ\u00e7\u00e3o com menos desperd\u00edcio\",\"produ\u00e7\u00e3o otimizada com corte e dobra\",\"produtividade com corte e dobra\",\"qualidade no corte de chapas\",\"servi\u00e7o de corte e dobra de chapas\",\"servi\u00e7o de corte e dobra de chapas em Osasco\",\"servi\u00e7o terceirizado de corte e dobra\",\"servi\u00e7os industriais Osasco\",\"servi\u00e7os industriais personalizados\",\"servi\u00e7os metal\u00fargicos Osasco\",\"servi\u00e7os para ind\u00fastrias em SP\",\"solu\u00e7\u00f5es em corte e dobra\",\"tecnologia em corte e dobra\",\"terceiriza\u00e7\u00e3o de corte e dobra\",\"West Corte e Dobra\"],\"articleSection\":[\"Servi\u00e7o de corte e dobra\",\"Servi\u00e7o de corte e dobra de a\u00e7o\"],\"inLanguage\":\"pt-BR\",\"potentialAction\":[{\"@type\":\"CommentAction\",\"name\":\"Comment\",\"target\":[\"https:\/\/www.westcorteedobra.com.br\/blog\/2025\/05\/05\/por-que-sua-industria-precisa-do-servico-de-corte-e-dobra\/#respond\"]}]},{\"@type\":\"WebPage\",\"@id\":\"https:\/\/www.westcorteedobra.com.br\/blog\/2025\/05\/05\/por-que-sua-industria-precisa-do-servico-de-corte-e-dobra\/\",\"url\":\"https:\/\/www.westcorteedobra.com.br\/blog\/2025\/05\/05\/por-que-sua-industria-precisa-do-servico-de-corte-e-dobra\/\",\"name\":\"Por que sua ind\u00fastria precisa do servi\u00e7o de corte e dobra?\",\"isPartOf\":{\"@id\":\"https:\/\/www.westcorteedobra.com.br\/blog\/#website\"},\"primaryImageOfPage\":{\"@id\":\"https:\/\/www.westcorteedobra.com.br\/blog\/2025\/05\/05\/por-que-sua-industria-precisa-do-servico-de-corte-e-dobra\/#primaryimage\"},\"image\":{\"@id\":\"https:\/\/www.westcorteedobra.com.br\/blog\/2025\/05\/05\/por-que-sua-industria-precisa-do-servico-de-corte-e-dobra\/#primaryimage\"},\"thumbnailUrl\":\"https:\/\/www.westcorteedobra.com.br\/blog\/wp-content\/uploads\/2025\/04\/corte-plasma-1.webp\",\"datePublished\":\"2025-05-05T15:28:22+00:00\",\"dateModified\":\"2025-05-29T14:02:11+00:00\",\"description\":\"Descubra por que sua ind\u00fastria depende do corte e dobra para ganhar efici\u00eancia, qualidade e economia no processo produtivo.\",\"breadcrumb\":{\"@id\":\"https:\/\/www.westcorteedobra.com.br\/blog\/2025\/05\/05\/por-que-sua-industria-precisa-do-servico-de-corte-e-dobra\/#breadcrumb\"},\"inLanguage\":\"pt-BR\",\"potentialAction\":[{\"@type\":\"ReadAction\",\"target\":[\"https:\/\/www.westcorteedobra.com.br\/blog\/2025\/05\/05\/por-que-sua-industria-precisa-do-servico-de-corte-e-dobra\/\"]}]},{\"@type\":\"ImageObject\",\"inLanguage\":\"pt-BR\",\"@id\":\"https:\/\/www.westcorteedobra.com.br\/blog\/2025\/05\/05\/por-que-sua-industria-precisa-do-servico-de-corte-e-dobra\/#primaryimage\",\"url\":\"https:\/\/www.westcorteedobra.com.br\/blog\/wp-content\/uploads\/2025\/04\/corte-plasma-1.webp\",\"contentUrl\":\"https:\/\/www.westcorteedobra.com.br\/blog\/wp-content\/uploads\/2025\/04\/corte-plasma-1.webp\",\"width\":500,\"height\":400,\"caption\":\"Por que sua ind\u00fastria precisa do servi\u00e7o de corte e dobra?\"},{\"@type\":\"BreadcrumbList\",\"@id\":\"https:\/\/www.westcorteedobra.com.br\/blog\/2025\/05\/05\/por-que-sua-industria-precisa-do-servico-de-corte-e-dobra\/#breadcrumb\",\"itemListElement\":[{\"@type\":\"ListItem\",\"position\":1,\"name\":\"Home\",\"item\":\"https:\/\/www.westcorteedobra.com.br\/blog\/\"},{\"@type\":\"ListItem\",\"position\":2,\"name\":\"Por que sua ind\u00fastria precisa do servi\u00e7o de corte e dobra?\"}]},{\"@type\":\"WebSite\",\"@id\":\"https:\/\/www.westcorteedobra.com.br\/blog\/#website\",\"url\":\"https:\/\/www.westcorteedobra.com.br\/blog\/\",\"name\":\"Blog West Corte e Dobra\",\"description\":\"\",\"publisher\":{\"@id\":\"https:\/\/www.westcorteedobra.com.br\/blog\/#organization\"},\"potentialAction\":[{\"@type\":\"SearchAction\",\"target\":{\"@type\":\"EntryPoint\",\"urlTemplate\":\"https:\/\/www.westcorteedobra.com.br\/blog\/?s={search_term_string}\"},\"query-input\":{\"@type\":\"PropertyValueSpecification\",\"valueRequired\":true,\"valueName\":\"search_term_string\"}}],\"inLanguage\":\"pt-BR\"},{\"@type\":\"Organization\",\"@id\":\"https:\/\/www.westcorteedobra.com.br\/blog\/#organization\",\"name\":\"Blog West Corte e Dobra\",\"url\":\"https:\/\/www.westcorteedobra.com.br\/blog\/\",\"logo\":{\"@type\":\"ImageObject\",\"inLanguage\":\"pt-BR\",\"@id\":\"https:\/\/www.westcorteedobra.com.br\/blog\/#\/schema\/logo\/image\/\",\"url\":\"https:\/\/www.westcorteedobra.com.br\/blog\/wp-content\/uploads\/2024\/10\/logo-2.webp\",\"contentUrl\":\"https:\/\/www.westcorteedobra.com.br\/blog\/wp-content\/uploads\/2024\/10\/logo-2.webp\",\"width\":1200,\"height\":280,\"caption\":\"Blog West Corte e Dobra\"},\"image\":{\"@id\":\"https:\/\/www.westcorteedobra.com.br\/blog\/#\/schema\/logo\/image\/\"}},{\"@type\":\"Person\",\"@id\":\"https:\/\/www.westcorteedobra.com.br\/blog\/#\/schema\/person\/5c41559f9b03b4970e7a15a2bb78ca16\",\"name\":\"admin\",\"image\":{\"@type\":\"ImageObject\",\"inLanguage\":\"pt-BR\",\"@id\":\"https:\/\/www.westcorteedobra.com.br\/blog\/#\/schema\/person\/image\/\",\"url\":\"https:\/\/secure.gravatar.com\/avatar\/4f64c9f81bb0d4ee969aaf7b4a5a6f40?s=96&d=mm&r=g\",\"contentUrl\":\"https:\/\/secure.gravatar.com\/avatar\/4f64c9f81bb0d4ee969aaf7b4a5a6f40?s=96&d=mm&r=g\",\"caption\":\"admin\"},\"sameAs\":[\"https:\/\/www.westcorteedobra.com.br\/blog\"],\"url\":\"https:\/\/www.westcorteedobra.com.br\/blog\/author\/admin\/\"}]}<\/script>\n<!-- \/ Yoast SEO plugin. -->","yoast_head_json":{"title":"Por que sua ind\u00fastria precisa do servi\u00e7o de corte e dobra?","description":"Descubra por que sua ind\u00fastria depende do corte e dobra para ganhar efici\u00eancia, qualidade e economia no processo produtivo.","robots":{"index":"index","follow":"follow","max-snippet":"max-snippet:-1","max-image-preview":"max-image-preview:large","max-video-preview":"max-video-preview:-1"},"canonical":"https:\/\/www.westcorteedobra.com.br\/blog\/2025\/05\/05\/por-que-sua-industria-precisa-do-servico-de-corte-e-dobra\/","og_locale":"pt_BR","og_type":"article","og_title":"Por que sua ind\u00fastria precisa do servi\u00e7o de corte e dobra?","og_description":"Descubra por que sua ind\u00fastria depende do corte e dobra para ganhar efici\u00eancia, qualidade e economia no processo produtivo.","og_url":"https:\/\/www.westcorteedobra.com.br\/blog\/2025\/05\/05\/por-que-sua-industria-precisa-do-servico-de-corte-e-dobra\/","og_site_name":"Blog West Corte e Dobra","article_published_time":"2025-05-05T15:28:22+00:00","article_modified_time":"2025-05-29T14:02:11+00:00","og_image":[{"width":500,"height":400,"url":"https:\/\/www.westcorteedobra.com.br\/blog\/wp-content\/uploads\/2025\/04\/corte-plasma-1.webp","type":"image\/webp"}],"author":"admin","twitter_card":"summary_large_image","twitter_misc":{"Written by":"admin","Est. reading time":"6 minutos"},"schema":{"@context":"https:\/\/schema.org","@graph":[{"@type":"Article","@id":"https:\/\/www.westcorteedobra.com.br\/blog\/2025\/05\/05\/por-que-sua-industria-precisa-do-servico-de-corte-e-dobra\/#article","isPartOf":{"@id":"https:\/\/www.westcorteedobra.com.br\/blog\/2025\/05\/05\/por-que-sua-industria-precisa-do-servico-de-corte-e-dobra\/"},"author":{"name":"admin","@id":"https:\/\/www.westcorteedobra.com.br\/blog\/#\/schema\/person\/5c41559f9b03b4970e7a15a2bb78ca16"},"headline":"Por que sua ind\u00fastria precisa do servi\u00e7o de corte e dobra?","datePublished":"2025-05-05T15:28:22+00:00","dateModified":"2025-05-29T14:02:11+00:00","mainEntityOfPage":{"@id":"https:\/\/www.westcorteedobra.com.br\/blog\/2025\/05\/05\/por-que-sua-industria-precisa-do-servico-de-corte-e-dobra\/"},"wordCount":1091,"commentCount":0,"publisher":{"@id":"https:\/\/www.westcorteedobra.com.br\/blog\/#organization"},"image":{"@id":"https:\/\/www.westcorteedobra.com.br\/blog\/2025\/05\/05\/por-que-sua-industria-precisa-do-servico-de-corte-e-dobra\/#primaryimage"},"thumbnailUrl":"https:\/\/www.westcorteedobra.com.br\/blog\/wp-content\/uploads\/2025\/04\/corte-plasma-1.webp","keywords":["acabamento profissional em chapas","agilidade na produ\u00e7\u00e3o industrial","automa\u00e7\u00e3o no corte de chapas","chapas met\u00e1licas para ind\u00fastria","chapas met\u00e1licas sob demanda","chapas sob medida","corte a laser industrial","Corte de chapas met\u00e1licas","corte e dobra de a\u00e7o","corte e dobra de a\u00e7o carbono","corte e dobra de alum\u00ednio","corte e dobra de inox","corte e dobra em Osasco","corte e dobra industrial","corte e dobra profissional","corte industrial personalizado","cortes de alta precis\u00e3o","custo-benef\u00edcio no corte de chapas","dobra CNC","dobra de chapas met\u00e1licas","dobra precisa de a\u00e7o","economia com corte e dobra","efici\u00eancia na produ\u00e7\u00e3o industrial","equipamentos para corte e dobra","fabrica\u00e7\u00e3o com corte e dobra","fornecedor de corte e dobra","fornecedores industriais Osasco","ind\u00fastria 4.0 corte e dobra","ind\u00fastria metal\u00fargica Osasco","montagem industrial eficiente","parceiro de corte e dobra","personaliza\u00e7\u00e3o no corte e dobra","precis\u00e3o no corte de chapas","produ\u00e7\u00e3o com menos desperd\u00edcio","produ\u00e7\u00e3o otimizada com corte e dobra","produtividade com corte e dobra","qualidade no corte de chapas","servi\u00e7o de corte e dobra de chapas","servi\u00e7o de corte e dobra de chapas em Osasco","servi\u00e7o terceirizado de corte e dobra","servi\u00e7os industriais Osasco","servi\u00e7os industriais personalizados","servi\u00e7os metal\u00fargicos Osasco","servi\u00e7os para ind\u00fastrias em SP","solu\u00e7\u00f5es em corte e dobra","tecnologia em corte e dobra","terceiriza\u00e7\u00e3o de corte e dobra","West Corte e Dobra"],"articleSection":["Servi\u00e7o de corte e dobra","Servi\u00e7o de corte e dobra de a\u00e7o"],"inLanguage":"pt-BR","potentialAction":[{"@type":"CommentAction","name":"Comment","target":["https:\/\/www.westcorteedobra.com.br\/blog\/2025\/05\/05\/por-que-sua-industria-precisa-do-servico-de-corte-e-dobra\/#respond"]}]},{"@type":"WebPage","@id":"https:\/\/www.westcorteedobra.com.br\/blog\/2025\/05\/05\/por-que-sua-industria-precisa-do-servico-de-corte-e-dobra\/","url":"https:\/\/www.westcorteedobra.com.br\/blog\/2025\/05\/05\/por-que-sua-industria-precisa-do-servico-de-corte-e-dobra\/","name":"Por que sua ind\u00fastria precisa do servi\u00e7o de corte e dobra?","isPartOf":{"@id":"https:\/\/www.westcorteedobra.com.br\/blog\/#website"},"primaryImageOfPage":{"@id":"https:\/\/www.westcorteedobra.com.br\/blog\/2025\/05\/05\/por-que-sua-industria-precisa-do-servico-de-corte-e-dobra\/#primaryimage"},"image":{"@id":"https:\/\/www.westcorteedobra.com.br\/blog\/2025\/05\/05\/por-que-sua-industria-precisa-do-servico-de-corte-e-dobra\/#primaryimage"},"thumbnailUrl":"https:\/\/www.westcorteedobra.com.br\/blog\/wp-content\/uploads\/2025\/04\/corte-plasma-1.webp","datePublished":"2025-05-05T15:28:22+00:00","dateModified":"2025-05-29T14:02:11+00:00","description":"Descubra por que sua ind\u00fastria depende do corte e dobra para ganhar efici\u00eancia, qualidade e economia no processo produtivo.","breadcrumb":{"@id":"https:\/\/www.westcorteedobra.com.br\/blog\/2025\/05\/05\/por-que-sua-industria-precisa-do-servico-de-corte-e-dobra\/#breadcrumb"},"inLanguage":"pt-BR","potentialAction":[{"@type":"ReadAction","target":["https:\/\/www.westcorteedobra.com.br\/blog\/2025\/05\/05\/por-que-sua-industria-precisa-do-servico-de-corte-e-dobra\/"]}]},{"@type":"ImageObject","inLanguage":"pt-BR","@id":"https:\/\/www.westcorteedobra.com.br\/blog\/2025\/05\/05\/por-que-sua-industria-precisa-do-servico-de-corte-e-dobra\/#primaryimage","url":"https:\/\/www.westcorteedobra.com.br\/blog\/wp-content\/uploads\/2025\/04\/corte-plasma-1.webp","contentUrl":"https:\/\/www.westcorteedobra.com.br\/blog\/wp-content\/uploads\/2025\/04\/corte-plasma-1.webp","width":500,"height":400,"caption":"Por que sua ind\u00fastria precisa do servi\u00e7o de corte e dobra?"},{"@type":"BreadcrumbList","@id":"https:\/\/www.westcorteedobra.com.br\/blog\/2025\/05\/05\/por-que-sua-industria-precisa-do-servico-de-corte-e-dobra\/#breadcrumb","itemListElement":[{"@type":"ListItem","position":1,"name":"Home","item":"https:\/\/www.westcorteedobra.com.br\/blog\/"},{"@type":"ListItem","position":2,"name":"Por que sua ind\u00fastria precisa do servi\u00e7o de corte e dobra?"}]},{"@type":"WebSite","@id":"https:\/\/www.westcorteedobra.com.br\/blog\/#website","url":"https:\/\/www.westcorteedobra.com.br\/blog\/","name":"Blog West Corte e Dobra","description":"","publisher":{"@id":"https:\/\/www.westcorteedobra.com.br\/blog\/#organization"},"potentialAction":[{"@type":"SearchAction","target":{"@type":"EntryPoint","urlTemplate":"https:\/\/www.westcorteedobra.com.br\/blog\/?s={search_term_string}"},"query-input":{"@type":"PropertyValueSpecification","valueRequired":true,"valueName":"search_term_string"}}],"inLanguage":"pt-BR"},{"@type":"Organization","@id":"https:\/\/www.westcorteedobra.com.br\/blog\/#organization","name":"Blog West Corte e Dobra","url":"https:\/\/www.westcorteedobra.com.br\/blog\/","logo":{"@type":"ImageObject","inLanguage":"pt-BR","@id":"https:\/\/www.westcorteedobra.com.br\/blog\/#\/schema\/logo\/image\/","url":"https:\/\/www.westcorteedobra.com.br\/blog\/wp-content\/uploads\/2024\/10\/logo-2.webp","contentUrl":"https:\/\/www.westcorteedobra.com.br\/blog\/wp-content\/uploads\/2024\/10\/logo-2.webp","width":1200,"height":280,"caption":"Blog West Corte e Dobra"},"image":{"@id":"https:\/\/www.westcorteedobra.com.br\/blog\/#\/schema\/logo\/image\/"}},{"@type":"Person","@id":"https:\/\/www.westcorteedobra.com.br\/blog\/#\/schema\/person\/5c41559f9b03b4970e7a15a2bb78ca16","name":"admin","image":{"@type":"ImageObject","inLanguage":"pt-BR","@id":"https:\/\/www.westcorteedobra.com.br\/blog\/#\/schema\/person\/image\/","url":"https:\/\/secure.gravatar.com\/avatar\/4f64c9f81bb0d4ee969aaf7b4a5a6f40?s=96&d=mm&r=g","contentUrl":"https:\/\/secure.gravatar.com\/avatar\/4f64c9f81bb0d4ee969aaf7b4a5a6f40?s=96&d=mm&r=g","caption":"admin"},"sameAs":["https:\/\/www.westcorteedobra.com.br\/blog"],"url":"https:\/\/www.westcorteedobra.com.br\/blog\/author\/admin\/"}]}},"_links":{"self":[{"href":"https:\/\/www.westcorteedobra.com.br\/blog\/wp-json\/wp\/v2\/posts\/276"}],"collection":[{"href":"https:\/\/www.westcorteedobra.com.br\/blog\/wp-json\/wp\/v2\/posts"}],"about":[{"href":"https:\/\/www.westcorteedobra.com.br\/blog\/wp-json\/wp\/v2\/types\/post"}],"author":[{"embeddable":true,"href":"https:\/\/www.westcorteedobra.com.br\/blog\/wp-json\/wp\/v2\/users\/1"}],"replies":[{"embeddable":true,"href":"https:\/\/www.westcorteedobra.com.br\/blog\/wp-json\/wp\/v2\/comments?post=276"}],"version-history":[{"count":1,"href":"https:\/\/www.westcorteedobra.com.br\/blog\/wp-json\/wp\/v2\/posts\/276\/revisions"}],"predecessor-version":[{"id":277,"href":"https:\/\/www.westcorteedobra.com.br\/blog\/wp-json\/wp\/v2\/posts\/276\/revisions\/277"}],"wp:featuredmedia":[{"embeddable":true,"href":"https:\/\/www.westcorteedobra.com.br\/blog\/wp-json\/wp\/v2\/media\/264"}],"wp:attachment":[{"href":"https:\/\/www.westcorteedobra.com.br\/blog\/wp-json\/wp\/v2\/media?parent=276"}],"wp:term":[{"taxonomy":"category","embeddable":true,"href":"https:\/\/www.westcorteedobra.com.br\/blog\/wp-json\/wp\/v2\/categories?post=276"},{"taxonomy":"post_tag","embeddable":true,"href":"https:\/\/www.westcorteedobra.com.br\/blog\/wp-json\/wp\/v2\/tags?post=276"}],"curies":[{"name":"wp","href":"https:\/\/api.w.org\/{rel}","templated":true}]}}