{"id":258,"date":"2025-04-07T12:59:45","date_gmt":"2025-04-07T15:59:45","guid":{"rendered":"https:\/\/www.westcorteedobra.com.br\/blog\/?p=258"},"modified":"2025-05-29T11:10:09","modified_gmt":"2025-05-29T14:10:09","slug":"corte-de-chapas-de-aco-em-sao-paulo-conheca-os-servicos-da-west-corte-e-dobra","status":"publish","type":"post","link":"https:\/\/www.westcorteedobra.com.br\/blog\/2025\/04\/07\/corte-de-chapas-de-aco-em-sao-paulo-conheca-os-servicos-da-west-corte-e-dobra\/","title":{"rendered":"Corte de chapas de a\u00e7o em S\u00e3o Paulo: conhe\u00e7a os servi\u00e7os da West Corte e Dobra"},"content":{"rendered":"\n<p class=\"has-medium-font-size\"><strong><em>Descubra por que o corte de chapas de a\u00e7o \u00e9 essencial para sua ind\u00fastria e conhe\u00e7a os servi\u00e7os da West Corte e Dobra em S\u00e3o Paulo.<\/em><\/strong><\/p>\n\n\n\n<p>O a\u00e7o \u00e9 um dos materiais mais utilizados pela ind\u00fastria moderna. Seja na constru\u00e7\u00e3o civil, no setor automotivo ou na fabrica\u00e7\u00e3o de m\u00e1quinas, ele est\u00e1 presente em estruturas, pe\u00e7as e produtos que exigem resist\u00eancia e durabilidade.<\/p>\n\n\n\n<p>Mas, para que esse material possa ser aplicado com efici\u00eancia, \u00e9 necess\u00e1rio que ele passe por um processo essencial: o corte de chapas de a\u00e7o. E \u00e9 nesse ponto que empresas especializadas entram em cena, entregando precis\u00e3o, agilidade e confiabilidade para projetos de diferentes portes e complexidades.<\/p>\n\n\n\n<h2 class=\"wp-block-heading\">Por que o corte de chapas de a\u00e7o \u00e9 essencial para sua ind\u00fastria?<\/h2>\n\n\n\n<p>O corte de chapas de a\u00e7o vai muito al\u00e9m de simplesmente dividir uma placa met\u00e1lica. <strong>Ele \u00e9 parte cr\u00edtica do processo produtivo em diversas ind\u00fastrias, determinando a qualidade, a efici\u00eancia e a seguran\u00e7a dos produtos finais<\/strong>. Quando bem executado, o corte garante encaixes precisos, reduz desperd\u00edcios e acelera etapas de montagem.<\/p>\n\n\n\n<p><strong>Al\u00e9m disso, o a\u00e7o \u00e9 um material robusto, e seu manuseio exige equipamentos e t\u00e9cnicas espec\u00edficas para evitar deforma\u00e7\u00f5es e perdas<\/strong>. Isso se torna ainda mais relevante em ind\u00fastrias que trabalham com padr\u00f5es rigorosos de qualidade ou operam sob normas t\u00e9cnicas espec\u00edficas.<\/p>\n\n\n\n<p>Ignorar a import\u00e2ncia dessa etapa pode gerar retrabalho, aumentar custos e at\u00e9 comprometer prazos de entrega. <strong>Por isso, contar com uma empresa confi\u00e1vel para o corte de chapas de a\u00e7o \u00e9 uma decis\u00e3o estrat\u00e9gica que impacta diretamente a performance de toda a cadeia produtiva<\/strong>.<\/p>\n\n\n\n<h2 class=\"wp-block-heading\">O que considerar ao contratar uma empresa de corte de a\u00e7o em SP?<\/h2>\n\n\n\n<p>Antes de escolher um parceiro para realizar o servi\u00e7o de corte de chapas de a\u00e7o, \u00e9 fundamental avaliar alguns pontos que fazem toda a diferen\u00e7a no resultado final. <strong>O primeiro deles \u00e9 a estrutura da empresa. Ela possui equipamentos modernos? Est\u00e1 preparada para atender grandes volumes ou demandas personalizadas?<\/strong><\/p>\n\n\n\n<p><strong>Outro aspecto essencial \u00e9 a qualifica\u00e7\u00e3o t\u00e9cnica<\/strong>. Profissionais experientes, somados a processos bem definidos, garantem n\u00e3o s\u00f3 a precis\u00e3o do corte, como tamb\u00e9m a agilidade na entrega. Atrasos, nesse tipo de servi\u00e7o, podem representar preju\u00edzos s\u00e9rios em projetos industriais e de constru\u00e7\u00e3o.<\/p>\n\n\n\n<p><strong>\u00c9 importante tamb\u00e9m verificar a flexibilidade da empresa<\/strong>. Uma fornecedora que se adapta \u00e0s especifica\u00e7\u00f5es do seu projeto, que entende sua urg\u00eancia e que oferece um atendimento \u00e1gil e consultivo, se torna um verdadeiro parceiro de neg\u00f3cios, n\u00e3o apenas um prestador de servi\u00e7o.<\/p>\n\n\n\n<p><strong>Por fim, considere a reputa\u00e7\u00e3o no mercado<\/strong>. Avalia\u00e7\u00f5es de outros clientes e cases de sucesso s\u00e3o \u00f3timos indicativos da qualidade e do compromisso da empresa com os resultados.<\/p>\n\n\n\n<h2 class=\"wp-block-heading\">Tecnologias mais usadas no corte de chapas de a\u00e7o<\/h2>\n\n\n\n<p>O avan\u00e7o tecnol\u00f3gico trouxe solu\u00e7\u00f5es inovadoras para o corte de a\u00e7o, cada uma indicada para tipos e finalidades espec\u00edficas. A seguir, veja as principais tecnologias utilizadas no mercado:<\/p>\n\n\n\n<p><strong>Corte a laser: <\/strong>ideal para chapas mais finas e trabalhos que exigem cortes complexos com alta precis\u00e3o. Essa tecnologia oferece acabamento superior e reduz a necessidade de retrabalho.<\/p>\n\n\n\n<p><strong>Corte plasma: <\/strong>mais acess\u00edvel, o plasma \u00e9 vers\u00e1til e eficiente para chapas de diferentes espessuras. Ele proporciona velocidade e boa qualidade de corte, sendo muito usado na ind\u00fastria pesada.<\/p>\n\n\n\n<p><strong>Corte por oxicorte: <\/strong>indicado para chapas mais grossas, utiliza uma combina\u00e7\u00e3o de gases para realizar o corte. \u00c9 amplamente utilizado em estruturas met\u00e1licas e grandes projetos industriais.<\/p>\n\n\n\n<p><strong>Guilhotina: <\/strong>uma op\u00e7\u00e3o mais tradicional, mas ainda eficaz para cortes retos e simples. \u00c9 recomendada quando n\u00e3o h\u00e1 necessidade de alta complexidade no tra\u00e7ado.<\/p>\n\n\n\n<p><strong>Corte por jato d\u2019\u00e1gua: <\/strong>permite cortes precisos sem aquecer o material, o que evita deforma\u00e7\u00f5es. Embora menos comum, \u00e9 muito \u00fatil em projetos que exigem extrema precis\u00e3o.<\/p>\n\n\n\n<p>Cada tecnologia tem suas vantagens e aplica\u00e7\u00f5es ideais. Por isso, contar com uma empresa que oferece mais de uma op\u00e7\u00e3o garante que o seu projeto seja atendido da melhor forma poss\u00edvel.<\/p>\n\n\n\n<h1 class=\"wp-block-heading\">West Corte e Dobra: uma parceira estrat\u00e9gica para quem busca precis\u00e3o e agilidade no corte de a\u00e7o<\/h1>\n\n\n\n<p>A <strong><em><a href=\"https:\/\/www.westcorteedobra.com.br\/\" target=\"_blank\" rel=\"noreferrer noopener\">West Corte e Dobra<\/a><\/em> <\/strong>\u00e9 uma empresa comprometida em oferecer solu\u00e7\u00f5es de alta qualidade no corte e dobra de chapas met\u00e1licas. Seu foco \u00e9 otimizar os processos dos clientes, reduzindo custos e garantindo agilidade em cada etapa do servi\u00e7o.<\/p>\n\n\n\n<p>Com um parque fabril equipado e uma equipe t\u00e9cnica experiente, a <em>West <\/em>entrega cortes com alto n\u00edvel de precis\u00e3o em materiais como a\u00e7o carbono, inox e alum\u00ednio. Isso permite atender desde demandas padronizadas at\u00e9 projetos sob medida com complexidade t\u00e9cnica.<\/p>\n\n\n\n<p>A inova\u00e7\u00e3o e a excel\u00eancia fazem parte da cultura da empresa, que se empenha constantemente em superar expectativas e construir parcerias duradouras. Cada cliente \u00e9 atendido com aten\u00e7\u00e3o, consultoria t\u00e9cnica e solu\u00e7\u00f5es personalizadas, o que faz da <em>West<\/em> muito mais do que uma prestadora de servi\u00e7os.<\/p>\n\n\n\n<p>Se voc\u00ea est\u00e1 em busca de corte de chapas de a\u00e7o em S\u00e3o Paulo com qualidade comprovada, atendimento diferenciado e tecnologia de ponta, a <em>West Corte e Dobra<\/em> \u00e9 a escolha certa para impulsionar seus resultados.<\/p>\n\n\n\n<h2 class=\"wp-block-heading\">Pronto para cortar custos e acelerar resultados?<\/h2>\n\n\n\n<p>O corte de chapas de a\u00e7o \u00e9 uma etapa fundamental para garantir efici\u00eancia, qualidade e economia em qualquer projeto industrial. Escolher a empresa certa pode ser o diferencial entre prazos cumpridos e dores de cabe\u00e7a, entre produtos bem acabados e retrabalho.<\/p>\n\n\n\n<p>Voc\u00ea viu aqui os crit\u00e9rios mais importantes para essa escolha, as tecnologias dispon\u00edveis e, principalmente, conheceu uma empresa de destaque no setor. A West Corte e Dobra, com sua estrutura moderna e foco no cliente, \u00e9 refer\u00eancia quando se fala em corte de chapas de a\u00e7o em S\u00e3o Paulo.<\/p>\n\n\n\n<p><strong><a href=\"https:\/\/www.westcorteedobra.com.br\/fale-conosco\" target=\"_blank\" rel=\"noreferrer noopener\">Entre em contato<\/a> com a equipe da <em>West<\/em> e descubra como transformar o seu projeto com mais precis\u00e3o, agilidade e seguran\u00e7a.<\/strong><\/p>\n","protected":false},"excerpt":{"rendered":"<p>Descubra por que o corte de chapas de a\u00e7o \u00e9 essencial para sua ind\u00fastria e conhe\u00e7a os servi\u00e7os da West Corte e Dobra em S\u00e3o Paulo. O a\u00e7o \u00e9 um dos materiais mais utilizados pela ind\u00fastria moderna. Seja na constru\u00e7\u00e3o civil, no setor automotivo ou na fabrica\u00e7\u00e3o de m\u00e1quinas, ele est\u00e1 presente em estruturas, pe\u00e7as &hellip; <\/p>\n","protected":false},"author":1,"featured_media":251,"comment_status":"open","ping_status":"open","sticky":false,"template":"","format":"standard","meta":{"footnotes":""},"categories":[1886],"tags":[1912,581,1894,1889,1901,1900,1910,1904,54,39,1907,1917,1128,1919,321,34,1888,55,1464,1906,1902,1913,169,1903,1528,1899,1890,1891,1908,1920,1909,1897,1921,1898,1916,1918,1892,1905,1893,98,1914,1895,1915,1887,1896,1911,725,110],"class_list":["post-258","post","type-post","status-publish","format-standard","has-post-thumbnail","hentry","category-corte-de-chapas-de-aco","tag-aco-com-corte-tecnico","tag-aco-para-construcao-civil","tag-chapas-metalicas-cortadas","tag-corte-a-laser-em-aco","tag-corte-automatizado-de-aco","tag-corte-com-acabamento","tag-corte-com-entrega-agil","tag-corte-com-tecnologia","tag-corte-de-aco-carbono","tag-corte-de-aco-inox","tag-corte-de-aco-para-engenharia","tag-corte-de-aco-para-projetos","tag-corte-de-aco-personalizado","tag-corte-de-aco-sob-demanda","tag-corte-de-aluminio","tag-corte-de-chapas-de-aco","tag-corte-de-chapas-de-aco-em-sao-paulo","tag-corte-de-chapas-industriais","tag-corte-de-chapas-metalicas-industriais","tag-corte-de-chapas-para-estruturas","tag-corte-de-chapas-sp","tag-corte-de-precisao-sp","tag-corte-e-dobra-de-chapas","tag-corte-eficiente-de-aco","tag-corte-industrial-em-sao-paulo","tag-corte-para-industrias","tag-corte-plasma-em-chapas-metalicas","tag-corte-por-oxicorte","tag-corte-profissional-de-aco","tag-corte-profissional-em-sao-paulo","tag-corte-rapido-de-chapas","tag-corte-sob-medida-em-aco","tag-corte-tecnico-de-chapas-de-aco","tag-corte-tecnico-em-aco","tag-cortes-metalicos-de-alto-padrao","tag-empresa-de-aco-sp","tag-empresa-de-corte-de-aco","tag-empresa-de-corte-e-dobra","tag-fornecedores-de-aco-sp","tag-guilhotina-para-aco","tag-parceiro-em-corte-de-aco","tag-precisao-no-corte-de-aco","tag-qualidade-no-corte-de-chapas","tag-servico-de-corte-de-chapas-de-aco","tag-servicos-industriais-em-sp","tag-servicos-metalicos-em-sao-paulo","tag-solucoes-em-corte-de-chapas","tag-west-corte-e-dobra","latest_post"],"yoast_head":"<!-- This site is optimized with the Yoast SEO plugin v25.2 - https:\/\/yoast.com\/wordpress\/plugins\/seo\/ -->\n<title>Corte de chapas de a\u00e7o em S\u00e3o Paulo - Blog West Corte e Dobra<\/title>\n<meta name=\"description\" content=\"Descubra por que o corte de chapas de a\u00e7o \u00e9 essencial para sua ind\u00fastria e conhe\u00e7a os servi\u00e7os da West Corte e Dobra em S\u00e3o Paulo.\" \/>\n<meta name=\"robots\" content=\"index, follow, max-snippet:-1, max-image-preview:large, max-video-preview:-1\" \/>\n<link rel=\"canonical\" href=\"https:\/\/www.westcorteedobra.com.br\/blog\/2025\/04\/07\/corte-de-chapas-de-aco-em-sao-paulo-conheca-os-servicos-da-west-corte-e-dobra\/\" \/>\n<meta property=\"og:locale\" content=\"pt_BR\" \/>\n<meta property=\"og:type\" content=\"article\" \/>\n<meta property=\"og:title\" content=\"Corte de chapas de a\u00e7o em S\u00e3o Paulo - Blog West Corte e Dobra\" \/>\n<meta property=\"og:description\" content=\"Descubra por que o corte de chapas de a\u00e7o \u00e9 essencial para sua ind\u00fastria e conhe\u00e7a os servi\u00e7os da West Corte e Dobra em S\u00e3o Paulo.\" \/>\n<meta property=\"og:url\" content=\"https:\/\/www.westcorteedobra.com.br\/blog\/2025\/04\/07\/corte-de-chapas-de-aco-em-sao-paulo-conheca-os-servicos-da-west-corte-e-dobra\/\" \/>\n<meta property=\"og:site_name\" content=\"Blog West Corte e Dobra\" \/>\n<meta property=\"article:published_time\" content=\"2025-04-07T15:59:45+00:00\" \/>\n<meta property=\"article:modified_time\" content=\"2025-05-29T14:10:09+00:00\" \/>\n<meta property=\"og:image\" content=\"https:\/\/www.westcorteedobra.com.br\/blog\/wp-content\/uploads\/2025\/03\/image-1.png\" \/>\n\t<meta property=\"og:image:width\" content=\"1224\" \/>\n\t<meta property=\"og:image:height\" content=\"816\" \/>\n\t<meta property=\"og:image:type\" content=\"image\/png\" \/>\n<meta name=\"author\" content=\"admin\" \/>\n<meta name=\"twitter:card\" content=\"summary_large_image\" \/>\n<meta name=\"twitter:label1\" content=\"Written by\" \/>\n\t<meta name=\"twitter:data1\" content=\"admin\" \/>\n\t<meta name=\"twitter:label2\" content=\"Est. reading time\" \/>\n\t<meta name=\"twitter:data2\" content=\"6 minutos\" \/>\n<script type=\"application\/ld+json\" class=\"yoast-schema-graph\">{\"@context\":\"https:\/\/schema.org\",\"@graph\":[{\"@type\":\"Article\",\"@id\":\"https:\/\/www.westcorteedobra.com.br\/blog\/2025\/04\/07\/corte-de-chapas-de-aco-em-sao-paulo-conheca-os-servicos-da-west-corte-e-dobra\/#article\",\"isPartOf\":{\"@id\":\"https:\/\/www.westcorteedobra.com.br\/blog\/2025\/04\/07\/corte-de-chapas-de-aco-em-sao-paulo-conheca-os-servicos-da-west-corte-e-dobra\/\"},\"author\":{\"name\":\"admin\",\"@id\":\"https:\/\/www.westcorteedobra.com.br\/blog\/#\/schema\/person\/5c41559f9b03b4970e7a15a2bb78ca16\"},\"headline\":\"Corte de chapas de a\u00e7o em S\u00e3o Paulo: conhe\u00e7a os servi\u00e7os da West Corte e Dobra\",\"datePublished\":\"2025-04-07T15:59:45+00:00\",\"dateModified\":\"2025-05-29T14:10:09+00:00\",\"mainEntityOfPage\":{\"@id\":\"https:\/\/www.westcorteedobra.com.br\/blog\/2025\/04\/07\/corte-de-chapas-de-aco-em-sao-paulo-conheca-os-servicos-da-west-corte-e-dobra\/\"},\"wordCount\":1045,\"commentCount\":0,\"publisher\":{\"@id\":\"https:\/\/www.westcorteedobra.com.br\/blog\/#organization\"},\"image\":{\"@id\":\"https:\/\/www.westcorteedobra.com.br\/blog\/2025\/04\/07\/corte-de-chapas-de-aco-em-sao-paulo-conheca-os-servicos-da-west-corte-e-dobra\/#primaryimage\"},\"thumbnailUrl\":\"https:\/\/www.westcorteedobra.com.br\/blog\/wp-content\/uploads\/2025\/03\/image-1.png\",\"keywords\":[\"a\u00e7o com corte t\u00e9cnico\",\"a\u00e7o para constru\u00e7\u00e3o civil\",\"chapas met\u00e1licas cortadas\",\"corte a laser em a\u00e7o\",\"corte automatizado de a\u00e7o\",\"corte com acabamento\",\"corte com entrega \u00e1gil\",\"corte com tecnologia\",\"Corte de a\u00e7o carbono\",\"Corte de a\u00e7o inox\",\"corte de a\u00e7o para engenharia\",\"corte de a\u00e7o para projetos\",\"corte de a\u00e7o personalizado\",\"corte de a\u00e7o sob demanda\",\"corte de alum\u00ednio\",\"Corte de chapas de a\u00e7o\",\"corte de chapas de a\u00e7o em S\u00e3o Paulo\",\"Corte de chapas industriais\",\"corte de chapas met\u00e1licas industriais\",\"corte de chapas para estruturas\",\"corte de chapas SP\",\"corte de precis\u00e3o SP\",\"corte e dobra de chapas\",\"corte eficiente de a\u00e7o\",\"Corte industrial em S\u00e3o Paulo\",\"corte para ind\u00fastrias\",\"corte plasma em chapas met\u00e1licas\",\"corte por oxicorte\",\"corte profissional de a\u00e7o\",\"corte profissional em S\u00e3o Paulo\",\"corte r\u00e1pido de chapas\",\"corte sob medida em a\u00e7o\",\"corte t\u00e9cnico de chapas de a\u00e7o\",\"corte t\u00e9cnico em a\u00e7o\",\"cortes met\u00e1licos de alto padr\u00e3o\",\"empresa de a\u00e7o SP\",\"empresa de corte de a\u00e7o\",\"empresa de corte e dobra\",\"fornecedores de a\u00e7o SP\",\"guilhotina para a\u00e7o\",\"parceiro em corte de a\u00e7o\",\"precis\u00e3o no corte de a\u00e7o\",\"qualidade no corte de chapas\",\"servi\u00e7o de corte de chapas de a\u00e7o\",\"servi\u00e7os industriais em SP\",\"servi\u00e7os met\u00e1licos em S\u00e3o Paulo\",\"solu\u00e7\u00f5es em corte de chapas\",\"West Corte e Dobra\"],\"articleSection\":[\"Corte de chapas de a\u00e7o\"],\"inLanguage\":\"pt-BR\",\"potentialAction\":[{\"@type\":\"CommentAction\",\"name\":\"Comment\",\"target\":[\"https:\/\/www.westcorteedobra.com.br\/blog\/2025\/04\/07\/corte-de-chapas-de-aco-em-sao-paulo-conheca-os-servicos-da-west-corte-e-dobra\/#respond\"]}]},{\"@type\":\"WebPage\",\"@id\":\"https:\/\/www.westcorteedobra.com.br\/blog\/2025\/04\/07\/corte-de-chapas-de-aco-em-sao-paulo-conheca-os-servicos-da-west-corte-e-dobra\/\",\"url\":\"https:\/\/www.westcorteedobra.com.br\/blog\/2025\/04\/07\/corte-de-chapas-de-aco-em-sao-paulo-conheca-os-servicos-da-west-corte-e-dobra\/\",\"name\":\"Corte de chapas de a\u00e7o em S\u00e3o Paulo - Blog West Corte e Dobra\",\"isPartOf\":{\"@id\":\"https:\/\/www.westcorteedobra.com.br\/blog\/#website\"},\"primaryImageOfPage\":{\"@id\":\"https:\/\/www.westcorteedobra.com.br\/blog\/2025\/04\/07\/corte-de-chapas-de-aco-em-sao-paulo-conheca-os-servicos-da-west-corte-e-dobra\/#primaryimage\"},\"image\":{\"@id\":\"https:\/\/www.westcorteedobra.com.br\/blog\/2025\/04\/07\/corte-de-chapas-de-aco-em-sao-paulo-conheca-os-servicos-da-west-corte-e-dobra\/#primaryimage\"},\"thumbnailUrl\":\"https:\/\/www.westcorteedobra.com.br\/blog\/wp-content\/uploads\/2025\/03\/image-1.png\",\"datePublished\":\"2025-04-07T15:59:45+00:00\",\"dateModified\":\"2025-05-29T14:10:09+00:00\",\"description\":\"Descubra por que o corte de chapas de a\u00e7o \u00e9 essencial para sua ind\u00fastria e conhe\u00e7a os servi\u00e7os da West Corte e Dobra em S\u00e3o Paulo.\",\"breadcrumb\":{\"@id\":\"https:\/\/www.westcorteedobra.com.br\/blog\/2025\/04\/07\/corte-de-chapas-de-aco-em-sao-paulo-conheca-os-servicos-da-west-corte-e-dobra\/#breadcrumb\"},\"inLanguage\":\"pt-BR\",\"potentialAction\":[{\"@type\":\"ReadAction\",\"target\":[\"https:\/\/www.westcorteedobra.com.br\/blog\/2025\/04\/07\/corte-de-chapas-de-aco-em-sao-paulo-conheca-os-servicos-da-west-corte-e-dobra\/\"]}]},{\"@type\":\"ImageObject\",\"inLanguage\":\"pt-BR\",\"@id\":\"https:\/\/www.westcorteedobra.com.br\/blog\/2025\/04\/07\/corte-de-chapas-de-aco-em-sao-paulo-conheca-os-servicos-da-west-corte-e-dobra\/#primaryimage\",\"url\":\"https:\/\/www.westcorteedobra.com.br\/blog\/wp-content\/uploads\/2025\/03\/image-1.png\",\"contentUrl\":\"https:\/\/www.westcorteedobra.com.br\/blog\/wp-content\/uploads\/2025\/03\/image-1.png\",\"width\":1224,\"height\":816,\"caption\":\"Corte de chapas de a\u00e7o em S\u00e3o Paulo: conhe\u00e7a os servi\u00e7os da West Corte e Dobra\"},{\"@type\":\"BreadcrumbList\",\"@id\":\"https:\/\/www.westcorteedobra.com.br\/blog\/2025\/04\/07\/corte-de-chapas-de-aco-em-sao-paulo-conheca-os-servicos-da-west-corte-e-dobra\/#breadcrumb\",\"itemListElement\":[{\"@type\":\"ListItem\",\"position\":1,\"name\":\"Home\",\"item\":\"https:\/\/www.westcorteedobra.com.br\/blog\/\"},{\"@type\":\"ListItem\",\"position\":2,\"name\":\"Corte de chapas de a\u00e7o em S\u00e3o Paulo: conhe\u00e7a os servi\u00e7os da West Corte e Dobra\"}]},{\"@type\":\"WebSite\",\"@id\":\"https:\/\/www.westcorteedobra.com.br\/blog\/#website\",\"url\":\"https:\/\/www.westcorteedobra.com.br\/blog\/\",\"name\":\"Blog West Corte e Dobra\",\"description\":\"\",\"publisher\":{\"@id\":\"https:\/\/www.westcorteedobra.com.br\/blog\/#organization\"},\"potentialAction\":[{\"@type\":\"SearchAction\",\"target\":{\"@type\":\"EntryPoint\",\"urlTemplate\":\"https:\/\/www.westcorteedobra.com.br\/blog\/?s={search_term_string}\"},\"query-input\":{\"@type\":\"PropertyValueSpecification\",\"valueRequired\":true,\"valueName\":\"search_term_string\"}}],\"inLanguage\":\"pt-BR\"},{\"@type\":\"Organization\",\"@id\":\"https:\/\/www.westcorteedobra.com.br\/blog\/#organization\",\"name\":\"Blog West Corte e Dobra\",\"url\":\"https:\/\/www.westcorteedobra.com.br\/blog\/\",\"logo\":{\"@type\":\"ImageObject\",\"inLanguage\":\"pt-BR\",\"@id\":\"https:\/\/www.westcorteedobra.com.br\/blog\/#\/schema\/logo\/image\/\",\"url\":\"https:\/\/www.westcorteedobra.com.br\/blog\/wp-content\/uploads\/2024\/10\/logo-2.webp\",\"contentUrl\":\"https:\/\/www.westcorteedobra.com.br\/blog\/wp-content\/uploads\/2024\/10\/logo-2.webp\",\"width\":1200,\"height\":280,\"caption\":\"Blog West Corte e Dobra\"},\"image\":{\"@id\":\"https:\/\/www.westcorteedobra.com.br\/blog\/#\/schema\/logo\/image\/\"}},{\"@type\":\"Person\",\"@id\":\"https:\/\/www.westcorteedobra.com.br\/blog\/#\/schema\/person\/5c41559f9b03b4970e7a15a2bb78ca16\",\"name\":\"admin\",\"image\":{\"@type\":\"ImageObject\",\"inLanguage\":\"pt-BR\",\"@id\":\"https:\/\/www.westcorteedobra.com.br\/blog\/#\/schema\/person\/image\/\",\"url\":\"https:\/\/secure.gravatar.com\/avatar\/4f64c9f81bb0d4ee969aaf7b4a5a6f40?s=96&d=mm&r=g\",\"contentUrl\":\"https:\/\/secure.gravatar.com\/avatar\/4f64c9f81bb0d4ee969aaf7b4a5a6f40?s=96&d=mm&r=g\",\"caption\":\"admin\"},\"sameAs\":[\"https:\/\/www.westcorteedobra.com.br\/blog\"],\"url\":\"https:\/\/www.westcorteedobra.com.br\/blog\/author\/admin\/\"}]}<\/script>\n<!-- \/ Yoast SEO plugin. -->","yoast_head_json":{"title":"Corte de chapas de a\u00e7o em S\u00e3o Paulo - Blog West Corte e Dobra","description":"Descubra por que o corte de chapas de a\u00e7o \u00e9 essencial para sua ind\u00fastria e conhe\u00e7a os servi\u00e7os da West Corte e Dobra em S\u00e3o Paulo.","robots":{"index":"index","follow":"follow","max-snippet":"max-snippet:-1","max-image-preview":"max-image-preview:large","max-video-preview":"max-video-preview:-1"},"canonical":"https:\/\/www.westcorteedobra.com.br\/blog\/2025\/04\/07\/corte-de-chapas-de-aco-em-sao-paulo-conheca-os-servicos-da-west-corte-e-dobra\/","og_locale":"pt_BR","og_type":"article","og_title":"Corte de chapas de a\u00e7o em S\u00e3o Paulo - Blog West Corte e Dobra","og_description":"Descubra por que o corte de chapas de a\u00e7o \u00e9 essencial para sua ind\u00fastria e conhe\u00e7a os servi\u00e7os da West Corte e Dobra em S\u00e3o Paulo.","og_url":"https:\/\/www.westcorteedobra.com.br\/blog\/2025\/04\/07\/corte-de-chapas-de-aco-em-sao-paulo-conheca-os-servicos-da-west-corte-e-dobra\/","og_site_name":"Blog West Corte e Dobra","article_published_time":"2025-04-07T15:59:45+00:00","article_modified_time":"2025-05-29T14:10:09+00:00","og_image":[{"width":1224,"height":816,"url":"https:\/\/www.westcorteedobra.com.br\/blog\/wp-content\/uploads\/2025\/03\/image-1.png","type":"image\/png"}],"author":"admin","twitter_card":"summary_large_image","twitter_misc":{"Written by":"admin","Est. reading time":"6 minutos"},"schema":{"@context":"https:\/\/schema.org","@graph":[{"@type":"Article","@id":"https:\/\/www.westcorteedobra.com.br\/blog\/2025\/04\/07\/corte-de-chapas-de-aco-em-sao-paulo-conheca-os-servicos-da-west-corte-e-dobra\/#article","isPartOf":{"@id":"https:\/\/www.westcorteedobra.com.br\/blog\/2025\/04\/07\/corte-de-chapas-de-aco-em-sao-paulo-conheca-os-servicos-da-west-corte-e-dobra\/"},"author":{"name":"admin","@id":"https:\/\/www.westcorteedobra.com.br\/blog\/#\/schema\/person\/5c41559f9b03b4970e7a15a2bb78ca16"},"headline":"Corte de chapas de a\u00e7o em S\u00e3o Paulo: conhe\u00e7a os servi\u00e7os da West Corte e Dobra","datePublished":"2025-04-07T15:59:45+00:00","dateModified":"2025-05-29T14:10:09+00:00","mainEntityOfPage":{"@id":"https:\/\/www.westcorteedobra.com.br\/blog\/2025\/04\/07\/corte-de-chapas-de-aco-em-sao-paulo-conheca-os-servicos-da-west-corte-e-dobra\/"},"wordCount":1045,"commentCount":0,"publisher":{"@id":"https:\/\/www.westcorteedobra.com.br\/blog\/#organization"},"image":{"@id":"https:\/\/www.westcorteedobra.com.br\/blog\/2025\/04\/07\/corte-de-chapas-de-aco-em-sao-paulo-conheca-os-servicos-da-west-corte-e-dobra\/#primaryimage"},"thumbnailUrl":"https:\/\/www.westcorteedobra.com.br\/blog\/wp-content\/uploads\/2025\/03\/image-1.png","keywords":["a\u00e7o com corte t\u00e9cnico","a\u00e7o para constru\u00e7\u00e3o civil","chapas met\u00e1licas cortadas","corte a laser em a\u00e7o","corte automatizado de a\u00e7o","corte com acabamento","corte com entrega \u00e1gil","corte com tecnologia","Corte de a\u00e7o carbono","Corte de a\u00e7o inox","corte de a\u00e7o para engenharia","corte de a\u00e7o para projetos","corte de a\u00e7o personalizado","corte de a\u00e7o sob demanda","corte de alum\u00ednio","Corte de chapas de a\u00e7o","corte de chapas de a\u00e7o em S\u00e3o Paulo","Corte de chapas industriais","corte de chapas met\u00e1licas industriais","corte de chapas para estruturas","corte de chapas SP","corte de precis\u00e3o SP","corte e dobra de chapas","corte eficiente de a\u00e7o","Corte industrial em S\u00e3o Paulo","corte para ind\u00fastrias","corte plasma em chapas met\u00e1licas","corte por oxicorte","corte profissional de a\u00e7o","corte profissional em S\u00e3o Paulo","corte r\u00e1pido de chapas","corte sob medida em a\u00e7o","corte t\u00e9cnico de chapas de a\u00e7o","corte t\u00e9cnico em a\u00e7o","cortes met\u00e1licos de alto padr\u00e3o","empresa de a\u00e7o SP","empresa de corte de a\u00e7o","empresa de corte e dobra","fornecedores de a\u00e7o SP","guilhotina para a\u00e7o","parceiro em corte de a\u00e7o","precis\u00e3o no corte de a\u00e7o","qualidade no corte de chapas","servi\u00e7o de corte de chapas de a\u00e7o","servi\u00e7os industriais em SP","servi\u00e7os met\u00e1licos em S\u00e3o Paulo","solu\u00e7\u00f5es em corte de chapas","West Corte e Dobra"],"articleSection":["Corte de chapas de a\u00e7o"],"inLanguage":"pt-BR","potentialAction":[{"@type":"CommentAction","name":"Comment","target":["https:\/\/www.westcorteedobra.com.br\/blog\/2025\/04\/07\/corte-de-chapas-de-aco-em-sao-paulo-conheca-os-servicos-da-west-corte-e-dobra\/#respond"]}]},{"@type":"WebPage","@id":"https:\/\/www.westcorteedobra.com.br\/blog\/2025\/04\/07\/corte-de-chapas-de-aco-em-sao-paulo-conheca-os-servicos-da-west-corte-e-dobra\/","url":"https:\/\/www.westcorteedobra.com.br\/blog\/2025\/04\/07\/corte-de-chapas-de-aco-em-sao-paulo-conheca-os-servicos-da-west-corte-e-dobra\/","name":"Corte de chapas de a\u00e7o em S\u00e3o Paulo - Blog West Corte e Dobra","isPartOf":{"@id":"https:\/\/www.westcorteedobra.com.br\/blog\/#website"},"primaryImageOfPage":{"@id":"https:\/\/www.westcorteedobra.com.br\/blog\/2025\/04\/07\/corte-de-chapas-de-aco-em-sao-paulo-conheca-os-servicos-da-west-corte-e-dobra\/#primaryimage"},"image":{"@id":"https:\/\/www.westcorteedobra.com.br\/blog\/2025\/04\/07\/corte-de-chapas-de-aco-em-sao-paulo-conheca-os-servicos-da-west-corte-e-dobra\/#primaryimage"},"thumbnailUrl":"https:\/\/www.westcorteedobra.com.br\/blog\/wp-content\/uploads\/2025\/03\/image-1.png","datePublished":"2025-04-07T15:59:45+00:00","dateModified":"2025-05-29T14:10:09+00:00","description":"Descubra por que o corte de chapas de a\u00e7o \u00e9 essencial para sua ind\u00fastria e conhe\u00e7a os servi\u00e7os da West Corte e Dobra em S\u00e3o Paulo.","breadcrumb":{"@id":"https:\/\/www.westcorteedobra.com.br\/blog\/2025\/04\/07\/corte-de-chapas-de-aco-em-sao-paulo-conheca-os-servicos-da-west-corte-e-dobra\/#breadcrumb"},"inLanguage":"pt-BR","potentialAction":[{"@type":"ReadAction","target":["https:\/\/www.westcorteedobra.com.br\/blog\/2025\/04\/07\/corte-de-chapas-de-aco-em-sao-paulo-conheca-os-servicos-da-west-corte-e-dobra\/"]}]},{"@type":"ImageObject","inLanguage":"pt-BR","@id":"https:\/\/www.westcorteedobra.com.br\/blog\/2025\/04\/07\/corte-de-chapas-de-aco-em-sao-paulo-conheca-os-servicos-da-west-corte-e-dobra\/#primaryimage","url":"https:\/\/www.westcorteedobra.com.br\/blog\/wp-content\/uploads\/2025\/03\/image-1.png","contentUrl":"https:\/\/www.westcorteedobra.com.br\/blog\/wp-content\/uploads\/2025\/03\/image-1.png","width":1224,"height":816,"caption":"Corte de chapas de a\u00e7o em S\u00e3o Paulo: conhe\u00e7a os servi\u00e7os da West Corte e Dobra"},{"@type":"BreadcrumbList","@id":"https:\/\/www.westcorteedobra.com.br\/blog\/2025\/04\/07\/corte-de-chapas-de-aco-em-sao-paulo-conheca-os-servicos-da-west-corte-e-dobra\/#breadcrumb","itemListElement":[{"@type":"ListItem","position":1,"name":"Home","item":"https:\/\/www.westcorteedobra.com.br\/blog\/"},{"@type":"ListItem","position":2,"name":"Corte de chapas de a\u00e7o em S\u00e3o Paulo: conhe\u00e7a os servi\u00e7os da West Corte e Dobra"}]},{"@type":"WebSite","@id":"https:\/\/www.westcorteedobra.com.br\/blog\/#website","url":"https:\/\/www.westcorteedobra.com.br\/blog\/","name":"Blog West Corte e Dobra","description":"","publisher":{"@id":"https:\/\/www.westcorteedobra.com.br\/blog\/#organization"},"potentialAction":[{"@type":"SearchAction","target":{"@type":"EntryPoint","urlTemplate":"https:\/\/www.westcorteedobra.com.br\/blog\/?s={search_term_string}"},"query-input":{"@type":"PropertyValueSpecification","valueRequired":true,"valueName":"search_term_string"}}],"inLanguage":"pt-BR"},{"@type":"Organization","@id":"https:\/\/www.westcorteedobra.com.br\/blog\/#organization","name":"Blog West Corte e Dobra","url":"https:\/\/www.westcorteedobra.com.br\/blog\/","logo":{"@type":"ImageObject","inLanguage":"pt-BR","@id":"https:\/\/www.westcorteedobra.com.br\/blog\/#\/schema\/logo\/image\/","url":"https:\/\/www.westcorteedobra.com.br\/blog\/wp-content\/uploads\/2024\/10\/logo-2.webp","contentUrl":"https:\/\/www.westcorteedobra.com.br\/blog\/wp-content\/uploads\/2024\/10\/logo-2.webp","width":1200,"height":280,"caption":"Blog West Corte e Dobra"},"image":{"@id":"https:\/\/www.westcorteedobra.com.br\/blog\/#\/schema\/logo\/image\/"}},{"@type":"Person","@id":"https:\/\/www.westcorteedobra.com.br\/blog\/#\/schema\/person\/5c41559f9b03b4970e7a15a2bb78ca16","name":"admin","image":{"@type":"ImageObject","inLanguage":"pt-BR","@id":"https:\/\/www.westcorteedobra.com.br\/blog\/#\/schema\/person\/image\/","url":"https:\/\/secure.gravatar.com\/avatar\/4f64c9f81bb0d4ee969aaf7b4a5a6f40?s=96&d=mm&r=g","contentUrl":"https:\/\/secure.gravatar.com\/avatar\/4f64c9f81bb0d4ee969aaf7b4a5a6f40?s=96&d=mm&r=g","caption":"admin"},"sameAs":["https:\/\/www.westcorteedobra.com.br\/blog"],"url":"https:\/\/www.westcorteedobra.com.br\/blog\/author\/admin\/"}]}},"_links":{"self":[{"href":"https:\/\/www.westcorteedobra.com.br\/blog\/wp-json\/wp\/v2\/posts\/258"}],"collection":[{"href":"https:\/\/www.westcorteedobra.com.br\/blog\/wp-json\/wp\/v2\/posts"}],"about":[{"href":"https:\/\/www.westcorteedobra.com.br\/blog\/wp-json\/wp\/v2\/types\/post"}],"author":[{"embeddable":true,"href":"https:\/\/www.westcorteedobra.com.br\/blog\/wp-json\/wp\/v2\/users\/1"}],"replies":[{"embeddable":true,"href":"https:\/\/www.westcorteedobra.com.br\/blog\/wp-json\/wp\/v2\/comments?post=258"}],"version-history":[{"count":1,"href":"https:\/\/www.westcorteedobra.com.br\/blog\/wp-json\/wp\/v2\/posts\/258\/revisions"}],"predecessor-version":[{"id":259,"href":"https:\/\/www.westcorteedobra.com.br\/blog\/wp-json\/wp\/v2\/posts\/258\/revisions\/259"}],"wp:featuredmedia":[{"embeddable":true,"href":"https:\/\/www.westcorteedobra.com.br\/blog\/wp-json\/wp\/v2\/media\/251"}],"wp:attachment":[{"href":"https:\/\/www.westcorteedobra.com.br\/blog\/wp-json\/wp\/v2\/media?parent=258"}],"wp:term":[{"taxonomy":"category","embeddable":true,"href":"https:\/\/www.westcorteedobra.com.br\/blog\/wp-json\/wp\/v2\/categories?post=258"},{"taxonomy":"post_tag","embeddable":true,"href":"https:\/\/www.westcorteedobra.com.br\/blog\/wp-json\/wp\/v2\/tags?post=258"}],"curies":[{"name":"wp","href":"https:\/\/api.w.org\/{rel}","templated":true}]}}