{"id":245,"date":"2025-03-28T16:05:12","date_gmt":"2025-03-28T19:05:12","guid":{"rendered":"https:\/\/www.westcorteedobra.com.br\/blog\/?p=245"},"modified":"2025-05-29T11:13:51","modified_gmt":"2025-05-29T14:13:51","slug":"servico-de-corte-em-guilhotina-em-osasco-conheca-a-west-corte-e-dobra","status":"publish","type":"post","link":"https:\/\/www.westcorteedobra.com.br\/blog\/2025\/03\/28\/servico-de-corte-em-guilhotina-em-osasco-conheca-a-west-corte-e-dobra\/","title":{"rendered":"Servi\u00e7o de corte em guilhotina em Osasco: conhe\u00e7a a West Corte e Dobra"},"content":{"rendered":"\n<p class=\"has-medium-font-size\"><strong><em>Entenda como funciona o servi\u00e7o de corte em guilhotina, suas aplica\u00e7\u00f5es em diferentes materiais e conhe\u00e7a a West Corte e Dobra, refer\u00eancia no segmento em Osasco.<\/em><\/strong><\/p>\n\n\n\n<p>Em processos industriais, a precis\u00e3o \u00e9 um dos elementos mais importantes na produ\u00e7\u00e3o de pe\u00e7as e estruturas met\u00e1licas. \u00c9 a\u00ed que entra o <strong>servi\u00e7o de corte em guilhotina<\/strong>, uma solu\u00e7\u00e3o eficiente, r\u00e1pida e altamente confi\u00e1vel para cortes retos em chapas met\u00e1licas.<\/p>\n\n\n\n<p>Esse tipo de servi\u00e7o \u00e9 fundamental para empresas que atuam nos segmentos de caldeiraria, metalurgia, serralheria, constru\u00e7\u00e3o civil e outros setores que demandam acabamento t\u00e9cnico e uniformidade no corte.&nbsp;<\/p>\n\n\n\n<p>E se voc\u00ea est\u00e1 em busca de <strong>corte em guilhotina em Osasco<\/strong>, a <strong>West Corte e Dobra<\/strong> \u00e9 uma empresa que vale a sua aten\u00e7\u00e3o.<\/p>\n\n\n\n<p>Com atendimento especializado e infraestrutura completa, a West se destaca por oferecer servi\u00e7os de alta precis\u00e3o e agilidade, trabalhando com materiais como <strong>a\u00e7o carbono, inox e alum\u00ednio<\/strong>.&nbsp;<\/p>\n\n\n\n<ul class=\"wp-block-list\">\n<li><a href=\"https:\/\/www.westcorteedobra.com.br\/blog\/2025\/02\/04\/corte-em-guilhotina-ou-corte-a-laser-qual-a-melhor-opcao-para-aco-carbono\/\">Corte em guilhotina ou corte a laser: qual a melhor op\u00e7\u00e3o para a\u00e7o carbono?<\/a><\/li>\n<\/ul>\n\n\n\n<h2 class=\"wp-block-heading\"><strong>O que \u00e9 o corte em guilhotina?<\/strong><\/h2>\n\n\n\n<p>O <strong>corte em guilhotina<\/strong> \u00e9 um processo mec\u00e2nico utilizado para cortar chapas met\u00e1licas de maneira linear e precisa.&nbsp;<\/p>\n\n\n<div class=\"wp-block-image is-style-rounded\">\n<figure class=\"alignright size-full is-resized\"><img loading=\"lazy\" decoding=\"async\" width=\"500\" height=\"400\" src=\"https:\/\/www.westcorteedobra.com.br\/blog\/wp-content\/uploads\/2025\/03\/corte-guilhotina-1.webp\" alt=\"\" class=\"wp-image-247\" style=\"width:399px;height:auto\" srcset=\"https:\/\/www.westcorteedobra.com.br\/blog\/wp-content\/uploads\/2025\/03\/corte-guilhotina-1.webp 500w, https:\/\/www.westcorteedobra.com.br\/blog\/wp-content\/uploads\/2025\/03\/corte-guilhotina-1-300x240.webp 300w, https:\/\/www.westcorteedobra.com.br\/blog\/wp-content\/uploads\/2025\/03\/corte-guilhotina-1-75x60.webp 75w\" sizes=\"(max-width: 500px) 100vw, 500px\" \/><\/figure><\/div>\n\n\n<p>O funcionamento se d\u00e1 por meio de uma l\u00e2mina superior que desce com press\u00e3o sobre o material posicionado em uma base fixa, onde outra l\u00e2mina inferior realiza o contra corte. Essa a\u00e7\u00e3o &#8220;cisalha&#8221; o metal com acabamento limpo e sem rebarbas excessivas.<\/p>\n\n\n\n<p>\u00c9 um m\u00e9todo muito utilizado por empresas que trabalham com grandes volumes de chapas e precisam de cortes r\u00e1pidos, retos e uniformes.&nbsp;<\/p>\n\n\n\n<p>O corte em guilhotina se destaca tamb\u00e9m por ser um processo <strong>econ\u00f4mico e altamente produtivo<\/strong>, ideal para padronizar pe\u00e7as antes de outros processos como dobra ou solda.<\/p>\n\n\n\n<p>O servi\u00e7o \u00e9 indicado para uma variedade de materiais, como o <strong>a\u00e7o carbono<\/strong>, muito comum em estruturas met\u00e1licas; o <strong>a\u00e7o inox<\/strong>, que exige mais cuidado e precis\u00e3o no corte; e o <strong>alum\u00ednio<\/strong>, que \u00e9 mais leve e demanda aten\u00e7\u00e3o especial para evitar deforma\u00e7\u00f5es.<\/p>\n\n\n\n<ul class=\"wp-block-list\">\n<li><a href=\"https:\/\/www.westcorteedobra.com.br\/blog\/2025\/02\/04\/corte-e-dobra-de-chapas-garanta-precisao-e-qualidade-na-personalizacao-de-chapas-metalicas\/\">Corte e dobra de chapas: garanta precis\u00e3o e qualidade na personaliza\u00e7\u00e3o de chapas met\u00e1licas<\/a><\/li>\n<\/ul>\n\n\n\n<h2 class=\"wp-block-heading\"><strong>Vantagens do corte em guilhotina<\/strong><\/h2>\n\n\n\n<p>Optar por um <strong>servi\u00e7o de corte em guilhotina<\/strong> traz uma s\u00e9rie de benef\u00edcios tanto para pequenas empresas quanto para grandes ind\u00fastrias. A seguir, veja algumas das principais vantagens:<\/p>\n\n\n\n<ul class=\"wp-block-list\">\n<li><strong>Precis\u00e3o nos cortes<\/strong>: ideal para pe\u00e7as que exigem medidas exatas e repeti\u00e7\u00e3o em s\u00e9rie.<br><\/li>\n\n\n\n<li><strong>Alta produtividade<\/strong>: cortes em grandes volumes com agilidade, sem comprometer a qualidade.<br><\/li>\n\n\n\n<li><strong>Acabamento limpo<\/strong>: menos rebarbas e melhor preparo para processos posteriores, como solda e pintura.<br><\/li>\n\n\n\n<li><strong>Redu\u00e7\u00e3o de desperd\u00edcios<\/strong>: melhor aproveitamento das chapas met\u00e1licas.<br><\/li>\n\n\n\n<li><strong>Versatilidade de materiais<\/strong>: funciona muito bem com <strong>a\u00e7o carbono, inox e alum\u00ednio<\/strong>, entre outros.<br><\/li>\n<\/ul>\n\n\n\n<p>Outro ponto positivo do corte em guilhotina \u00e9 a possibilidade de integrar o servi\u00e7o a outras etapas da produ\u00e7\u00e3o, como a <strong>dobra de chapas<\/strong>, processo que a West Corte e Dobra tamb\u00e9m oferece de forma complementar.<\/p>\n\n\n\n<ul class=\"wp-block-list\">\n<li><a href=\"https:\/\/www.westcorteedobra.com.br\/blog\/2025\/02\/04\/5-vantagens-de-terceirizar-o-corte-de-chapas-de-aluminio\/\">5 vantagens de terceirizar o corte de chapas de alum\u00ednio<\/a><\/li>\n<\/ul>\n\n\n\n<h2 class=\"wp-block-heading\"><strong>Aplica\u00e7\u00f5es do corte em guilhotina no mercado<\/strong><\/h2>\n\n\n\n<p>O <strong>corte em guilhotina<\/strong> \u00e9 amplamente utilizado em diferentes setores da ind\u00fastria e da constru\u00e7\u00e3o civil. Ele atende desde a confec\u00e7\u00e3o de pe\u00e7as met\u00e1licas at\u00e9 a prepara\u00e7\u00e3o de materiais para estruturas maiores.<\/p>\n\n\n\n<p>Alguns exemplos de aplica\u00e7\u00e3o incluem:<\/p>\n\n\n\n<ul class=\"wp-block-list\">\n<li>Fabrica\u00e7\u00e3o de port\u00f5es, grades e esquadrias<br><\/li>\n\n\n\n<li>Produ\u00e7\u00e3o de pe\u00e7as t\u00e9cnicas para caldeiraria<br><\/li>\n\n\n\n<li>Constru\u00e7\u00e3o de equipamentos industriais<br><\/li>\n\n\n\n<li>Montagem de pain\u00e9is met\u00e1licos e suportes<br><\/li>\n\n\n\n<li>Cria\u00e7\u00e3o de bases e chapas para projetos arquitet\u00f4nicos<br><\/li>\n<\/ul>\n\n\n\n<p>O processo \u00e9 especialmente \u00fatil para empresas que precisam manter <strong>padr\u00f5es t\u00e9cnicos rigorosos<\/strong>, garantindo cortes sim\u00e9tricos e com toler\u00e2ncia m\u00ednima de erro.<\/p>\n\n\n\n<p>&nbsp;Isso torna o servi\u00e7o indispens\u00e1vel para qualquer empresa que trabalhe com <strong>a\u00e7o carbono, alum\u00ednio ou a\u00e7o inox<\/strong> de maneira profissional.<\/p>\n\n\n\n<ul class=\"wp-block-list\">\n<li><a href=\"https:\/\/www.westcorteedobra.com.br\/blog\/2025\/02\/03\/corte-e-dobra-de-aco-inox\/\">Corte e dobra de a\u00e7o inox: precis\u00e3o e efici\u00eancia para projetos industriais<\/a><\/li>\n<\/ul>\n\n\n\n<h2 class=\"wp-block-heading\"><strong>West Corte e Dobra: refer\u00eancia em corte em guilhotina em Osasco<\/strong><\/h2>\n\n\n\n<p>Para quem busca um <strong>servi\u00e7o de corte em guilhotina em Osasco<\/strong>, a <strong>West Corte e Dobra<\/strong> \u00e9 uma empresa que combina <strong>experi\u00eancia de mercado, estrutura moderna e atendimento t\u00e9cnico especializado<\/strong>.<\/p>\n\n\n\n<p>Localizada estrategicamente em Osasco, a empresa atende clientes de diversos setores, oferecendo servi\u00e7os de <strong>corte e dobra de chapas met\u00e1licas com alto padr\u00e3o de qualidade<\/strong>.&nbsp;<\/p>\n\n\n\n<p>A West trabalha com <strong>corte em guilhotina de a\u00e7o carbono, corte em guilhotina de alum\u00ednio e corte em guilhotina de inox<\/strong>, garantindo solu\u00e7\u00f5es sob medida para cada projeto.<\/p>\n\n\n\n<p>Um dos diferenciais da empresa \u00e9 a preocupa\u00e7\u00e3o com o <strong>acabamento e a precis\u00e3o<\/strong>, o que faz com que as pe\u00e7as estejam prontas para a etapa seguinte da produ\u00e7\u00e3o, sem necessidade de retrabalho.&nbsp;<\/p>\n\n\n\n<p>Al\u00e9m disso, a agilidade no atendimento e o suporte t\u00e9cnico s\u00e3o pontos muito valorizados pelos clientes.<\/p>\n\n\n\n<p>Seja para pequenos volumes ou grandes lotes, a West oferece <strong>flexibilidade e compromisso com prazos<\/strong>, o que a torna uma parceira confi\u00e1vel para empresas que precisam manter a produ\u00e7\u00e3o em ritmo constante e sem falhas.<\/p>\n\n\n\n<ul class=\"wp-block-list\">\n<li><a href=\"https:\/\/www.westcorteedobra.com.br\/blog\/2025\/01\/16\/corte-em-guilhotina-de-inox-garanta-um-acabamento-limpo-com-resistencia-e-durabilidade\/\">Corte em guilhotina de inox: garanta um acabamento limpo com resist\u00eancia e durabilidade<\/a><\/li>\n<\/ul>\n\n\n\n<h2 class=\"wp-block-heading\"><strong>Servi\u00e7o de corte em guilhotina em Osasco com qualidade e precis\u00e3o<\/strong><\/h2>\n\n\n\n<p>O <strong>servi\u00e7o de corte em guilhotina<\/strong> \u00e9 uma etapa essencial para empresas que trabalham com chapas met\u00e1licas e precisam de cortes retos, precisos e com excelente acabamento. Seja em <strong>a\u00e7o carbono, alum\u00ednio ou inox<\/strong>, contar com uma empresa experiente faz toda a diferen\u00e7a no resultado final.<\/p>\n\n\n\n<p>A <strong>West Corte e Dobra<\/strong>, localizada em Osasco, \u00e9 uma refer\u00eancia nesse segmento, oferecendo qualidade, agilidade e atendimento especializado para clientes de diversos portes e \u00e1reas de atua\u00e7\u00e3o.<\/p>\n\n\n\n<p><strong><em>Se voc\u00ea est\u00e1 em busca de um parceiro confi\u00e1vel para corte em guilhotina na regi\u00e3o de Osasco, entre em contato com a West Corte e Dobra e descubra como seu projeto pode ganhar mais efici\u00eancia, precis\u00e3o e qualidade em cada etapa da produ\u00e7\u00e3o.<\/em><\/strong><\/p>\n","protected":false},"excerpt":{"rendered":"<p>Entenda como funciona o servi\u00e7o de corte em guilhotina, suas aplica\u00e7\u00f5es em diferentes materiais e conhe\u00e7a a West Corte e Dobra, refer\u00eancia no segmento em Osasco. Em processos industriais, a precis\u00e3o \u00e9 um dos elementos mais importantes na produ\u00e7\u00e3o de pe\u00e7as e estruturas met\u00e1licas. \u00c9 a\u00ed que entra o servi\u00e7o de corte em guilhotina, uma &hellip; <\/p>\n","protected":false},"author":1,"featured_media":246,"comment_status":"open","ping_status":"open","sticky":false,"template":"","format":"standard","meta":{"footnotes":""},"categories":[82],"tags":[1832,1536,9,1834,83,1830,813,1190,190,1836,1835,1596,1602,1833,1838,1837,1831,1514,1828,110],"class_list":["post-245","post","type-post","status-publish","format-standard","has-post-thumbnail","hentry","category-corte-em-guilhotina","tag-corte-de-aco-inox-osasco","tag-corte-de-aluminio-osasco","tag-corte-de-chapas-metalicas","tag-corte-e-dobra-osasco","tag-corte-em-guilhotina","tag-corte-em-guilhotina-de-aco-carbono","tag-corte-em-guilhotina-de-aluminio","tag-corte-em-guilhotina-de-inox","tag-corte-em-guilhotina-em-osasco","tag-corte-em-guilhotina-para-caldeiraria","tag-corte-em-guilhotina-para-serralheria","tag-corte-industrial-em-osasco","tag-empresa-de-corte-e-dobra-em-osasco","tag-empresa-de-corte-metalico-osasco","tag-fornecedor-de-corte-metalico-osasco","tag-onde-fazer-corte-em-guilhotina-osasco","tag-servico-de-corte-de-chapa-metalica","tag-servico-de-corte-em-guilhotina","tag-servicos-industriais-em-osasco","tag-west-corte-e-dobra","latest_post"],"yoast_head":"<!-- This site is optimized with the Yoast SEO plugin v25.2 - https:\/\/yoast.com\/wordpress\/plugins\/seo\/ -->\n<title>Servi\u00e7o de corte em guilhotina em Osasco | West Corte<\/title>\n<meta name=\"description\" content=\"Entenda como funciona o servi\u00e7o de corte em guilhotina, suas aplica\u00e7\u00f5es em diferentes materiais e conhe\u00e7a a West Corte e Dobra, refer\u00eancia no segmento em Osasco.\" \/>\n<meta name=\"robots\" content=\"index, follow, max-snippet:-1, max-image-preview:large, max-video-preview:-1\" \/>\n<link rel=\"canonical\" href=\"https:\/\/www.westcorteedobra.com.br\/blog\/2025\/03\/28\/servico-de-corte-em-guilhotina-em-osasco-conheca-a-west-corte-e-dobra\/\" \/>\n<meta property=\"og:locale\" content=\"pt_BR\" \/>\n<meta property=\"og:type\" content=\"article\" \/>\n<meta property=\"og:title\" content=\"Servi\u00e7o de corte em guilhotina em Osasco | West Corte\" \/>\n<meta property=\"og:description\" content=\"Entenda como funciona o servi\u00e7o de corte em guilhotina, suas aplica\u00e7\u00f5es em diferentes materiais e conhe\u00e7a a West Corte e Dobra, refer\u00eancia no segmento em Osasco.\" \/>\n<meta property=\"og:url\" content=\"https:\/\/www.westcorteedobra.com.br\/blog\/2025\/03\/28\/servico-de-corte-em-guilhotina-em-osasco-conheca-a-west-corte-e-dobra\/\" \/>\n<meta property=\"og:site_name\" content=\"Blog West Corte e Dobra\" \/>\n<meta property=\"article:published_time\" content=\"2025-03-28T19:05:12+00:00\" \/>\n<meta property=\"article:modified_time\" content=\"2025-05-29T14:13:51+00:00\" \/>\n<meta property=\"og:image\" content=\"https:\/\/www.westcorteedobra.com.br\/blog\/wp-content\/uploads\/2025\/03\/corte-guilhotina.webp\" \/>\n\t<meta property=\"og:image:width\" content=\"500\" \/>\n\t<meta property=\"og:image:height\" content=\"400\" \/>\n\t<meta property=\"og:image:type\" content=\"image\/webp\" \/>\n<meta name=\"author\" content=\"admin\" \/>\n<meta name=\"twitter:card\" content=\"summary_large_image\" \/>\n<meta name=\"twitter:label1\" content=\"Written by\" \/>\n\t<meta name=\"twitter:data1\" content=\"admin\" \/>\n\t<meta name=\"twitter:label2\" content=\"Est. reading time\" \/>\n\t<meta name=\"twitter:data2\" content=\"6 minutos\" \/>\n<script type=\"application\/ld+json\" class=\"yoast-schema-graph\">{\"@context\":\"https:\/\/schema.org\",\"@graph\":[{\"@type\":\"Article\",\"@id\":\"https:\/\/www.westcorteedobra.com.br\/blog\/2025\/03\/28\/servico-de-corte-em-guilhotina-em-osasco-conheca-a-west-corte-e-dobra\/#article\",\"isPartOf\":{\"@id\":\"https:\/\/www.westcorteedobra.com.br\/blog\/2025\/03\/28\/servico-de-corte-em-guilhotina-em-osasco-conheca-a-west-corte-e-dobra\/\"},\"author\":{\"name\":\"admin\",\"@id\":\"https:\/\/www.westcorteedobra.com.br\/blog\/#\/schema\/person\/5c41559f9b03b4970e7a15a2bb78ca16\"},\"headline\":\"Servi\u00e7o de corte em guilhotina em Osasco: conhe\u00e7a a West Corte e Dobra\",\"datePublished\":\"2025-03-28T19:05:12+00:00\",\"dateModified\":\"2025-05-29T14:13:51+00:00\",\"mainEntityOfPage\":{\"@id\":\"https:\/\/www.westcorteedobra.com.br\/blog\/2025\/03\/28\/servico-de-corte-em-guilhotina-em-osasco-conheca-a-west-corte-e-dobra\/\"},\"wordCount\":1055,\"commentCount\":0,\"publisher\":{\"@id\":\"https:\/\/www.westcorteedobra.com.br\/blog\/#organization\"},\"image\":{\"@id\":\"https:\/\/www.westcorteedobra.com.br\/blog\/2025\/03\/28\/servico-de-corte-em-guilhotina-em-osasco-conheca-a-west-corte-e-dobra\/#primaryimage\"},\"thumbnailUrl\":\"https:\/\/www.westcorteedobra.com.br\/blog\/wp-content\/uploads\/2025\/03\/corte-guilhotina.webp\",\"keywords\":[\"corte de a\u00e7o inox Osasco\",\"corte de alum\u00ednio Osasco\",\"Corte de chapas met\u00e1licas\",\"corte e dobra Osasco\",\"corte em guilhotina\",\"corte em guilhotina de a\u00e7o carbono\",\"corte em guilhotina de alum\u00ednio\",\"corte em guilhotina de inox\",\"corte em guilhotina em osasco\",\"corte em guilhotina para caldeiraria\",\"corte em guilhotina para serralheria\",\"corte industrial em Osasco\",\"empresa de corte e dobra em Osasco\",\"empresa de corte met\u00e1lico Osasco\",\"fornecedor de corte met\u00e1lico Osasco\",\"onde fazer corte em guilhotina Osasco\",\"servi\u00e7o de corte de chapa met\u00e1lica\",\"servi\u00e7o de corte em guilhotina\",\"servi\u00e7os industriais em Osasco\",\"West Corte e Dobra\"],\"articleSection\":[\"Corte em guilhotina\"],\"inLanguage\":\"pt-BR\",\"potentialAction\":[{\"@type\":\"CommentAction\",\"name\":\"Comment\",\"target\":[\"https:\/\/www.westcorteedobra.com.br\/blog\/2025\/03\/28\/servico-de-corte-em-guilhotina-em-osasco-conheca-a-west-corte-e-dobra\/#respond\"]}]},{\"@type\":\"WebPage\",\"@id\":\"https:\/\/www.westcorteedobra.com.br\/blog\/2025\/03\/28\/servico-de-corte-em-guilhotina-em-osasco-conheca-a-west-corte-e-dobra\/\",\"url\":\"https:\/\/www.westcorteedobra.com.br\/blog\/2025\/03\/28\/servico-de-corte-em-guilhotina-em-osasco-conheca-a-west-corte-e-dobra\/\",\"name\":\"Servi\u00e7o de corte em guilhotina em Osasco | West Corte\",\"isPartOf\":{\"@id\":\"https:\/\/www.westcorteedobra.com.br\/blog\/#website\"},\"primaryImageOfPage\":{\"@id\":\"https:\/\/www.westcorteedobra.com.br\/blog\/2025\/03\/28\/servico-de-corte-em-guilhotina-em-osasco-conheca-a-west-corte-e-dobra\/#primaryimage\"},\"image\":{\"@id\":\"https:\/\/www.westcorteedobra.com.br\/blog\/2025\/03\/28\/servico-de-corte-em-guilhotina-em-osasco-conheca-a-west-corte-e-dobra\/#primaryimage\"},\"thumbnailUrl\":\"https:\/\/www.westcorteedobra.com.br\/blog\/wp-content\/uploads\/2025\/03\/corte-guilhotina.webp\",\"datePublished\":\"2025-03-28T19:05:12+00:00\",\"dateModified\":\"2025-05-29T14:13:51+00:00\",\"description\":\"Entenda como funciona o servi\u00e7o de corte em guilhotina, suas aplica\u00e7\u00f5es em diferentes materiais e conhe\u00e7a a West Corte e Dobra, refer\u00eancia no segmento em Osasco.\",\"breadcrumb\":{\"@id\":\"https:\/\/www.westcorteedobra.com.br\/blog\/2025\/03\/28\/servico-de-corte-em-guilhotina-em-osasco-conheca-a-west-corte-e-dobra\/#breadcrumb\"},\"inLanguage\":\"pt-BR\",\"potentialAction\":[{\"@type\":\"ReadAction\",\"target\":[\"https:\/\/www.westcorteedobra.com.br\/blog\/2025\/03\/28\/servico-de-corte-em-guilhotina-em-osasco-conheca-a-west-corte-e-dobra\/\"]}]},{\"@type\":\"ImageObject\",\"inLanguage\":\"pt-BR\",\"@id\":\"https:\/\/www.westcorteedobra.com.br\/blog\/2025\/03\/28\/servico-de-corte-em-guilhotina-em-osasco-conheca-a-west-corte-e-dobra\/#primaryimage\",\"url\":\"https:\/\/www.westcorteedobra.com.br\/blog\/wp-content\/uploads\/2025\/03\/corte-guilhotina.webp\",\"contentUrl\":\"https:\/\/www.westcorteedobra.com.br\/blog\/wp-content\/uploads\/2025\/03\/corte-guilhotina.webp\",\"width\":500,\"height\":400,\"caption\":\"Servi\u00e7o de corte em guilhotina em Osasco: conhe\u00e7a a West Corte e Dobra\"},{\"@type\":\"BreadcrumbList\",\"@id\":\"https:\/\/www.westcorteedobra.com.br\/blog\/2025\/03\/28\/servico-de-corte-em-guilhotina-em-osasco-conheca-a-west-corte-e-dobra\/#breadcrumb\",\"itemListElement\":[{\"@type\":\"ListItem\",\"position\":1,\"name\":\"Home\",\"item\":\"https:\/\/www.westcorteedobra.com.br\/blog\/\"},{\"@type\":\"ListItem\",\"position\":2,\"name\":\"Servi\u00e7o de corte em guilhotina em Osasco: conhe\u00e7a a West Corte e Dobra\"}]},{\"@type\":\"WebSite\",\"@id\":\"https:\/\/www.westcorteedobra.com.br\/blog\/#website\",\"url\":\"https:\/\/www.westcorteedobra.com.br\/blog\/\",\"name\":\"Blog West Corte e Dobra\",\"description\":\"\",\"publisher\":{\"@id\":\"https:\/\/www.westcorteedobra.com.br\/blog\/#organization\"},\"potentialAction\":[{\"@type\":\"SearchAction\",\"target\":{\"@type\":\"EntryPoint\",\"urlTemplate\":\"https:\/\/www.westcorteedobra.com.br\/blog\/?s={search_term_string}\"},\"query-input\":{\"@type\":\"PropertyValueSpecification\",\"valueRequired\":true,\"valueName\":\"search_term_string\"}}],\"inLanguage\":\"pt-BR\"},{\"@type\":\"Organization\",\"@id\":\"https:\/\/www.westcorteedobra.com.br\/blog\/#organization\",\"name\":\"Blog West Corte e Dobra\",\"url\":\"https:\/\/www.westcorteedobra.com.br\/blog\/\",\"logo\":{\"@type\":\"ImageObject\",\"inLanguage\":\"pt-BR\",\"@id\":\"https:\/\/www.westcorteedobra.com.br\/blog\/#\/schema\/logo\/image\/\",\"url\":\"https:\/\/www.westcorteedobra.com.br\/blog\/wp-content\/uploads\/2024\/10\/logo-2.webp\",\"contentUrl\":\"https:\/\/www.westcorteedobra.com.br\/blog\/wp-content\/uploads\/2024\/10\/logo-2.webp\",\"width\":1200,\"height\":280,\"caption\":\"Blog West Corte e Dobra\"},\"image\":{\"@id\":\"https:\/\/www.westcorteedobra.com.br\/blog\/#\/schema\/logo\/image\/\"}},{\"@type\":\"Person\",\"@id\":\"https:\/\/www.westcorteedobra.com.br\/blog\/#\/schema\/person\/5c41559f9b03b4970e7a15a2bb78ca16\",\"name\":\"admin\",\"image\":{\"@type\":\"ImageObject\",\"inLanguage\":\"pt-BR\",\"@id\":\"https:\/\/www.westcorteedobra.com.br\/blog\/#\/schema\/person\/image\/\",\"url\":\"https:\/\/secure.gravatar.com\/avatar\/4f64c9f81bb0d4ee969aaf7b4a5a6f40?s=96&d=mm&r=g\",\"contentUrl\":\"https:\/\/secure.gravatar.com\/avatar\/4f64c9f81bb0d4ee969aaf7b4a5a6f40?s=96&d=mm&r=g\",\"caption\":\"admin\"},\"sameAs\":[\"https:\/\/www.westcorteedobra.com.br\/blog\"],\"url\":\"https:\/\/www.westcorteedobra.com.br\/blog\/author\/admin\/\"}]}<\/script>\n<!-- \/ Yoast SEO plugin. -->","yoast_head_json":{"title":"Servi\u00e7o de corte em guilhotina em Osasco | West Corte","description":"Entenda como funciona o servi\u00e7o de corte em guilhotina, suas aplica\u00e7\u00f5es em diferentes materiais e conhe\u00e7a a West Corte e Dobra, refer\u00eancia no segmento em Osasco.","robots":{"index":"index","follow":"follow","max-snippet":"max-snippet:-1","max-image-preview":"max-image-preview:large","max-video-preview":"max-video-preview:-1"},"canonical":"https:\/\/www.westcorteedobra.com.br\/blog\/2025\/03\/28\/servico-de-corte-em-guilhotina-em-osasco-conheca-a-west-corte-e-dobra\/","og_locale":"pt_BR","og_type":"article","og_title":"Servi\u00e7o de corte em guilhotina em Osasco | West Corte","og_description":"Entenda como funciona o servi\u00e7o de corte em guilhotina, suas aplica\u00e7\u00f5es em diferentes materiais e conhe\u00e7a a West Corte e Dobra, refer\u00eancia no segmento em Osasco.","og_url":"https:\/\/www.westcorteedobra.com.br\/blog\/2025\/03\/28\/servico-de-corte-em-guilhotina-em-osasco-conheca-a-west-corte-e-dobra\/","og_site_name":"Blog West Corte e Dobra","article_published_time":"2025-03-28T19:05:12+00:00","article_modified_time":"2025-05-29T14:13:51+00:00","og_image":[{"width":500,"height":400,"url":"https:\/\/www.westcorteedobra.com.br\/blog\/wp-content\/uploads\/2025\/03\/corte-guilhotina.webp","type":"image\/webp"}],"author":"admin","twitter_card":"summary_large_image","twitter_misc":{"Written by":"admin","Est. reading time":"6 minutos"},"schema":{"@context":"https:\/\/schema.org","@graph":[{"@type":"Article","@id":"https:\/\/www.westcorteedobra.com.br\/blog\/2025\/03\/28\/servico-de-corte-em-guilhotina-em-osasco-conheca-a-west-corte-e-dobra\/#article","isPartOf":{"@id":"https:\/\/www.westcorteedobra.com.br\/blog\/2025\/03\/28\/servico-de-corte-em-guilhotina-em-osasco-conheca-a-west-corte-e-dobra\/"},"author":{"name":"admin","@id":"https:\/\/www.westcorteedobra.com.br\/blog\/#\/schema\/person\/5c41559f9b03b4970e7a15a2bb78ca16"},"headline":"Servi\u00e7o de corte em guilhotina em Osasco: conhe\u00e7a a West Corte e Dobra","datePublished":"2025-03-28T19:05:12+00:00","dateModified":"2025-05-29T14:13:51+00:00","mainEntityOfPage":{"@id":"https:\/\/www.westcorteedobra.com.br\/blog\/2025\/03\/28\/servico-de-corte-em-guilhotina-em-osasco-conheca-a-west-corte-e-dobra\/"},"wordCount":1055,"commentCount":0,"publisher":{"@id":"https:\/\/www.westcorteedobra.com.br\/blog\/#organization"},"image":{"@id":"https:\/\/www.westcorteedobra.com.br\/blog\/2025\/03\/28\/servico-de-corte-em-guilhotina-em-osasco-conheca-a-west-corte-e-dobra\/#primaryimage"},"thumbnailUrl":"https:\/\/www.westcorteedobra.com.br\/blog\/wp-content\/uploads\/2025\/03\/corte-guilhotina.webp","keywords":["corte de a\u00e7o inox Osasco","corte de alum\u00ednio Osasco","Corte de chapas met\u00e1licas","corte e dobra Osasco","corte em guilhotina","corte em guilhotina de a\u00e7o carbono","corte em guilhotina de alum\u00ednio","corte em guilhotina de inox","corte em guilhotina em osasco","corte em guilhotina para caldeiraria","corte em guilhotina para serralheria","corte industrial em Osasco","empresa de corte e dobra em Osasco","empresa de corte met\u00e1lico Osasco","fornecedor de corte met\u00e1lico Osasco","onde fazer corte em guilhotina Osasco","servi\u00e7o de corte de chapa met\u00e1lica","servi\u00e7o de corte em guilhotina","servi\u00e7os industriais em Osasco","West Corte e Dobra"],"articleSection":["Corte em guilhotina"],"inLanguage":"pt-BR","potentialAction":[{"@type":"CommentAction","name":"Comment","target":["https:\/\/www.westcorteedobra.com.br\/blog\/2025\/03\/28\/servico-de-corte-em-guilhotina-em-osasco-conheca-a-west-corte-e-dobra\/#respond"]}]},{"@type":"WebPage","@id":"https:\/\/www.westcorteedobra.com.br\/blog\/2025\/03\/28\/servico-de-corte-em-guilhotina-em-osasco-conheca-a-west-corte-e-dobra\/","url":"https:\/\/www.westcorteedobra.com.br\/blog\/2025\/03\/28\/servico-de-corte-em-guilhotina-em-osasco-conheca-a-west-corte-e-dobra\/","name":"Servi\u00e7o de corte em guilhotina em Osasco | West Corte","isPartOf":{"@id":"https:\/\/www.westcorteedobra.com.br\/blog\/#website"},"primaryImageOfPage":{"@id":"https:\/\/www.westcorteedobra.com.br\/blog\/2025\/03\/28\/servico-de-corte-em-guilhotina-em-osasco-conheca-a-west-corte-e-dobra\/#primaryimage"},"image":{"@id":"https:\/\/www.westcorteedobra.com.br\/blog\/2025\/03\/28\/servico-de-corte-em-guilhotina-em-osasco-conheca-a-west-corte-e-dobra\/#primaryimage"},"thumbnailUrl":"https:\/\/www.westcorteedobra.com.br\/blog\/wp-content\/uploads\/2025\/03\/corte-guilhotina.webp","datePublished":"2025-03-28T19:05:12+00:00","dateModified":"2025-05-29T14:13:51+00:00","description":"Entenda como funciona o servi\u00e7o de corte em guilhotina, suas aplica\u00e7\u00f5es em diferentes materiais e conhe\u00e7a a West Corte e Dobra, refer\u00eancia no segmento em Osasco.","breadcrumb":{"@id":"https:\/\/www.westcorteedobra.com.br\/blog\/2025\/03\/28\/servico-de-corte-em-guilhotina-em-osasco-conheca-a-west-corte-e-dobra\/#breadcrumb"},"inLanguage":"pt-BR","potentialAction":[{"@type":"ReadAction","target":["https:\/\/www.westcorteedobra.com.br\/blog\/2025\/03\/28\/servico-de-corte-em-guilhotina-em-osasco-conheca-a-west-corte-e-dobra\/"]}]},{"@type":"ImageObject","inLanguage":"pt-BR","@id":"https:\/\/www.westcorteedobra.com.br\/blog\/2025\/03\/28\/servico-de-corte-em-guilhotina-em-osasco-conheca-a-west-corte-e-dobra\/#primaryimage","url":"https:\/\/www.westcorteedobra.com.br\/blog\/wp-content\/uploads\/2025\/03\/corte-guilhotina.webp","contentUrl":"https:\/\/www.westcorteedobra.com.br\/blog\/wp-content\/uploads\/2025\/03\/corte-guilhotina.webp","width":500,"height":400,"caption":"Servi\u00e7o de corte em guilhotina em Osasco: conhe\u00e7a a West Corte e Dobra"},{"@type":"BreadcrumbList","@id":"https:\/\/www.westcorteedobra.com.br\/blog\/2025\/03\/28\/servico-de-corte-em-guilhotina-em-osasco-conheca-a-west-corte-e-dobra\/#breadcrumb","itemListElement":[{"@type":"ListItem","position":1,"name":"Home","item":"https:\/\/www.westcorteedobra.com.br\/blog\/"},{"@type":"ListItem","position":2,"name":"Servi\u00e7o de corte em guilhotina em Osasco: conhe\u00e7a a West Corte e Dobra"}]},{"@type":"WebSite","@id":"https:\/\/www.westcorteedobra.com.br\/blog\/#website","url":"https:\/\/www.westcorteedobra.com.br\/blog\/","name":"Blog West Corte e Dobra","description":"","publisher":{"@id":"https:\/\/www.westcorteedobra.com.br\/blog\/#organization"},"potentialAction":[{"@type":"SearchAction","target":{"@type":"EntryPoint","urlTemplate":"https:\/\/www.westcorteedobra.com.br\/blog\/?s={search_term_string}"},"query-input":{"@type":"PropertyValueSpecification","valueRequired":true,"valueName":"search_term_string"}}],"inLanguage":"pt-BR"},{"@type":"Organization","@id":"https:\/\/www.westcorteedobra.com.br\/blog\/#organization","name":"Blog West Corte e Dobra","url":"https:\/\/www.westcorteedobra.com.br\/blog\/","logo":{"@type":"ImageObject","inLanguage":"pt-BR","@id":"https:\/\/www.westcorteedobra.com.br\/blog\/#\/schema\/logo\/image\/","url":"https:\/\/www.westcorteedobra.com.br\/blog\/wp-content\/uploads\/2024\/10\/logo-2.webp","contentUrl":"https:\/\/www.westcorteedobra.com.br\/blog\/wp-content\/uploads\/2024\/10\/logo-2.webp","width":1200,"height":280,"caption":"Blog West Corte e Dobra"},"image":{"@id":"https:\/\/www.westcorteedobra.com.br\/blog\/#\/schema\/logo\/image\/"}},{"@type":"Person","@id":"https:\/\/www.westcorteedobra.com.br\/blog\/#\/schema\/person\/5c41559f9b03b4970e7a15a2bb78ca16","name":"admin","image":{"@type":"ImageObject","inLanguage":"pt-BR","@id":"https:\/\/www.westcorteedobra.com.br\/blog\/#\/schema\/person\/image\/","url":"https:\/\/secure.gravatar.com\/avatar\/4f64c9f81bb0d4ee969aaf7b4a5a6f40?s=96&d=mm&r=g","contentUrl":"https:\/\/secure.gravatar.com\/avatar\/4f64c9f81bb0d4ee969aaf7b4a5a6f40?s=96&d=mm&r=g","caption":"admin"},"sameAs":["https:\/\/www.westcorteedobra.com.br\/blog"],"url":"https:\/\/www.westcorteedobra.com.br\/blog\/author\/admin\/"}]}},"_links":{"self":[{"href":"https:\/\/www.westcorteedobra.com.br\/blog\/wp-json\/wp\/v2\/posts\/245"}],"collection":[{"href":"https:\/\/www.westcorteedobra.com.br\/blog\/wp-json\/wp\/v2\/posts"}],"about":[{"href":"https:\/\/www.westcorteedobra.com.br\/blog\/wp-json\/wp\/v2\/types\/post"}],"author":[{"embeddable":true,"href":"https:\/\/www.westcorteedobra.com.br\/blog\/wp-json\/wp\/v2\/users\/1"}],"replies":[{"embeddable":true,"href":"https:\/\/www.westcorteedobra.com.br\/blog\/wp-json\/wp\/v2\/comments?post=245"}],"version-history":[{"count":1,"href":"https:\/\/www.westcorteedobra.com.br\/blog\/wp-json\/wp\/v2\/posts\/245\/revisions"}],"predecessor-version":[{"id":248,"href":"https:\/\/www.westcorteedobra.com.br\/blog\/wp-json\/wp\/v2\/posts\/245\/revisions\/248"}],"wp:featuredmedia":[{"embeddable":true,"href":"https:\/\/www.westcorteedobra.com.br\/blog\/wp-json\/wp\/v2\/media\/246"}],"wp:attachment":[{"href":"https:\/\/www.westcorteedobra.com.br\/blog\/wp-json\/wp\/v2\/media?parent=245"}],"wp:term":[{"taxonomy":"category","embeddable":true,"href":"https:\/\/www.westcorteedobra.com.br\/blog\/wp-json\/wp\/v2\/categories?post=245"},{"taxonomy":"post_tag","embeddable":true,"href":"https:\/\/www.westcorteedobra.com.br\/blog\/wp-json\/wp\/v2\/tags?post=245"}],"curies":[{"name":"wp","href":"https:\/\/api.w.org\/{rel}","templated":true}]}}