{"id":220,"date":"2024-08-04T14:37:10","date_gmt":"2024-08-04T17:37:10","guid":{"rendered":"https:\/\/www.westcorteedobra.com.br\/blog\/?p=220"},"modified":"2025-06-18T11:27:48","modified_gmt":"2025-06-18T14:27:48","slug":"como-o-corte-a-laser-no-aco-carbono-pode-evitar-erros-de-producao-caros","status":"publish","type":"post","link":"https:\/\/www.westcorteedobra.com.br\/blog\/2024\/08\/04\/como-o-corte-a-laser-no-aco-carbono-pode-evitar-erros-de-producao-caros\/","title":{"rendered":"Como o corte a laser no a\u00e7o carbono pode evitar erros de produ\u00e7\u00e3o caros"},"content":{"rendered":"\n<p class=\"has-medium-font-size\"><strong><em>Descubra como o corte a laser no a\u00e7o carbono pode reduzir falhas e evitar preju\u00edzos em processos industriais, garantindo economia e precis\u00e3o&nbsp;<\/em><\/strong><\/p>\n\n\n\n<p><strong>Erros de produ\u00e7\u00e3o podem gerar preju\u00edzos significativos nas ind\u00fastrias, afetando custos, prazos e a qualidade final dos produtos.<\/strong>&nbsp;<\/p>\n\n\n\n<p>Quando falamos de chapas met\u00e1licas, como o a\u00e7o carbono, a precis\u00e3o no corte \u00e9 fundamental para evitar perdas materiais e retrabalhos.<\/p>\n\n\n\n<p><strong>O corte a laser no a\u00e7o carbono<\/strong> surge como uma solu\u00e7\u00e3o eficiente para minimizar erros e otimizar a produ\u00e7\u00e3o.&nbsp;<\/p>\n\n\n\n<p>Com alta precis\u00e3o, automa\u00e7\u00e3o e redu\u00e7\u00e3o de desperd\u00edcios, esse processo \u00e9 ideal para ind\u00fastrias que buscam economia e efici\u00eancia. Vamos entender como ele pode transformar a sua produ\u00e7\u00e3o.<\/p>\n\n\n\n<ul class=\"wp-block-list\">\n<li><a href=\"https:\/\/www.westcorteedobra.com.br\/blog\/2025\/02\/04\/corte-em-guilhotina-na-industria-alimenticia-como-ele-garante-precisao-e-padronizacao-na-producao\/\">Corte em guilhotina na ind\u00fastria aliment\u00edcia: como ele garante precis\u00e3o e padroniza\u00e7\u00e3o na produ\u00e7\u00e3o<\/a><\/li>\n<\/ul>\n\n\n\n<h2 class=\"wp-block-heading\"><strong>Precis\u00e3o no corte: menos falhas, mais qualidade<\/strong><\/h2>\n\n\n<div class=\"wp-block-image\">\n<figure class=\"alignright size-full is-resized\"><img loading=\"lazy\" decoding=\"async\" width=\"500\" height=\"400\" src=\"https:\/\/www.westcorteedobra.com.br\/blog\/wp-content\/uploads\/2025\/02\/dobra-de-aco-4.webp\" alt=\"\" class=\"wp-image-222\" style=\"width:359px;height:auto\" srcset=\"https:\/\/www.westcorteedobra.com.br\/blog\/wp-content\/uploads\/2025\/02\/dobra-de-aco-4.webp 500w, https:\/\/www.westcorteedobra.com.br\/blog\/wp-content\/uploads\/2025\/02\/dobra-de-aco-4-300x240.webp 300w\" sizes=\"(max-width: 500px) 100vw, 500px\" \/><\/figure><\/div>\n\n\n<p>A precis\u00e3o \u00e9 um dos principais benef\u00edcios do <strong>corte a laser no a\u00e7o carbono<\/strong>. O feixe de laser \u00e9 controlado com exatid\u00e3o, permitindo cortes milim\u00e9tricos e sem erros. <strong>Isso evita problemas como desalinhamento, rebarbas e pe\u00e7as fora das especifica\u00e7\u00f5es.<\/strong><\/p>\n\n\n\n<p>Com o corte preciso, h\u00e1 menos necessidade de retrabalhos e ajustes manuais, o que reduz os custos operacionais e acelera o processo produtivo.<\/p>\n\n\n\n<p>&nbsp;<strong>Empresas de Osasco e regi\u00e3o t\u00eam adotado essa tecnologia justamente para garantir resultados consistentes em larga escala.<\/strong><\/p>\n\n\n\n<ul class=\"wp-block-list\">\n<li><a href=\"https:\/\/www.westcorteedobra.com.br\/blog\/2025\/02\/04\/servico-de-dobra-de-aco-inox-em-osasco-conheca-west-corte-e-dobra\/\">Servi\u00e7o de dobra de a\u00e7o inox em Osasco: Conhe\u00e7a West Corte e Dobra<\/a><\/li>\n<\/ul>\n\n\n\n<h2 class=\"wp-block-heading\"><strong>Automa\u00e7\u00e3o e repetibilidade garantida<\/strong><\/h2>\n\n\n\n<p>O <strong>servi\u00e7o de corte a laser no a\u00e7o carbono em S\u00e3o Paulo<\/strong> utiliza m\u00e1quinas automatizadas programadas para repetir cortes sem varia\u00e7\u00f5es de qualidade.<\/p>\n\n\n\n<p>&nbsp;Esse processo elimina erros manuais e assegura que todas as pe\u00e7as sejam produzidas exatamente como especificado no projeto.<\/p>\n\n\n\n<p>A automa\u00e7\u00e3o tamb\u00e9m agiliza a produ\u00e7\u00e3o, garantindo entregas no prazo e sem desperd\u00edcio de tempo com corre\u00e7\u00f5es.<\/p>\n\n\n\n<p>&nbsp;<strong>Para ind\u00fastrias que trabalham com produ\u00e7\u00e3o em s\u00e9rie, essa repetibilidade \u00e9 um diferencial importante para evitar preju\u00edzos.<\/strong><\/p>\n\n\n\n<ul class=\"wp-block-list\">\n<li><a href=\"https:\/\/www.westcorteedobra.com.br\/blog\/2025\/02\/04\/a-dobra-de-chapas-de-aluminio-em-osasco-que-poucos-conhecem-mas-que-pode-transformar-seu-projeto\/\">A dobra de chapas de alum\u00ednio em Osasco que poucos conhecem, mas que pode transformar seu projeto<\/a><\/li>\n<\/ul>\n\n\n\n<h2 class=\"wp-block-heading\"><strong>Economia de material e redu\u00e7\u00e3o de desperd\u00edcio<\/strong><\/h2>\n\n\n\n<p>Erros de corte podem resultar em perdas de material, aumentando os custos de produ\u00e7\u00e3o. O <strong>corte a laser no a\u00e7o carbono<\/strong> evita esse problema ao otimizar o uso das chapas met\u00e1licas, aproveitando ao m\u00e1ximo cada peda\u00e7o.<\/p>\n\n\n\n<p>Al\u00e9m disso, o laser cria cortes limpos, com menos rebarbas e deforma\u00e7\u00f5es, <strong>reduzindo a necessidade de acabamentos adicionais, como lixamento ou polimento.<\/strong> Isso significa economia de tempo, m\u00e3o de obra e recursos.<\/p>\n\n\n\n<ul class=\"wp-block-list\">\n<li><a href=\"https:\/\/www.westcorteedobra.com.br\/blog\/2025\/02\/04\/como-funciona-o-corte-a-plasma-e-quais-sao-seus-beneficios-para-a-industria\/\">Como funciona o corte a plasma e quais s\u00e3o seus benef\u00edcios para a ind\u00fastria?<\/a><\/li>\n<\/ul>\n\n\n\n<h2 class=\"wp-block-heading\"><strong>Flexibilidade para diversas aplica\u00e7\u00f5es<\/strong><\/h2>\n\n\n\n<p>O corte a laser \u00e9 altamente vers\u00e1til, podendo ser aplicado a chapas de diferentes espessuras e formatos sem comprometer a precis\u00e3o. <strong>Isso evita incompatibilidades e erros comuns em m\u00e9todos tradicionais de corte.<\/strong><\/p>\n\n\n\n<p>Empresas de setores como o automotivo, metal\u00fargico e de constru\u00e7\u00e3o civil podem se beneficiar dessa flexibilidade, garantindo que cada pe\u00e7a seja cortada conforme o projeto original, sem desvios que resultem em perdas financeiras.<\/p>\n\n\n\n<ul class=\"wp-block-list\">\n<li><a href=\"https:\/\/www.westcorteedobra.com.br\/blog\/2025\/02\/04\/servico-de-corte-a-laser-em-osasco-precisao-e-qualidade-com-west-corte-e-dobra\/\">Servi\u00e7o de corte a laser em Osasco: precis\u00e3o e qualidade com West Corte e Dobra<\/a><\/li>\n<\/ul>\n\n\n\n<h2 class=\"wp-block-heading\"><strong>Escolha o parceiro certo: West Corte e Dobra<\/strong><\/h2>\n\n\n\n<p>Para evitar erros de produ\u00e7\u00e3o caros, \u00e9 fundamental contar com uma empresa experiente no servi\u00e7o de corte a laser.&nbsp;<\/p>\n\n\n\n<p><strong>A West Corte e Dobra, com atua\u00e7\u00e3o em Osasco e grande S\u00e3o Paulo, \u00e9 especialista em oferecer solu\u00e7\u00f5es personalizadas para cortes de chapas met\u00e1licas.<\/strong><\/p>\n\n\n\n<p>Com foco na efici\u00eancia e qualidade, a empresa garante cortes precisos em a\u00e7o carbono, inox e alum\u00ednio.&nbsp;<\/p>\n\n\n\n<p><strong>Al\u00e9m disso, a West Corte e Dobra se dedica a otimizar os processos dos clientes, reduzindo custos e garantindo entregas r\u00e1pidas.<\/strong><\/p>\n\n\n\n<ul class=\"wp-block-list\">\n<li><a href=\"https:\/\/www.westcorteedobra.com.br\/blog\/2025\/02\/04\/conheca-o-melhor-servico-de-corte-em-sp-com-a-west-corte\/\">Conhe\u00e7a o melhor servi\u00e7o de corte em SP com a West Corte<\/a><\/li>\n<\/ul>\n\n\n\n<h2 class=\"wp-block-heading\"><strong>Corte a laser: precis\u00e3o que gera economia<\/strong><\/h2>\n\n\n\n<p>O <strong>corte a laser no a\u00e7o carbono<\/strong> \u00e9 a solu\u00e7\u00e3o ideal para ind\u00fastrias que buscam eliminar erros, reduzir desperd\u00edcios e garantir alta produtividade.<\/p>\n\n\n\n<p>&nbsp;Com ele, sua empresa pode otimizar cada etapa da produ\u00e7\u00e3o e evitar gastos desnecess\u00e1rios.<\/p>\n\n\n\n<p>Se voc\u00ea est\u00e1 em Osasco ou na regi\u00e3o metropolitana de S\u00e3o Paulo, conte com a <strong>West Corte e Dobra<\/strong> para obter cortes precisos, prazos cumpridos e resultados confi\u00e1veis.&nbsp;<\/p>\n\n\n\n<p><strong><em>Entre em contato e veja como podemos ajudar a sua empresa a economizar e crescer!<\/em><\/strong><\/p>\n","protected":false},"excerpt":{"rendered":"<p>Descubra como o corte a laser no a\u00e7o carbono pode reduzir falhas e evitar preju\u00edzos em processos industriais, garantindo economia e precis\u00e3o&nbsp; Erros de produ\u00e7\u00e3o podem gerar preju\u00edzos significativos nas ind\u00fastrias, afetando custos, prazos e a qualidade final dos produtos.&nbsp; Quando falamos de chapas met\u00e1licas, como o a\u00e7o carbono, a precis\u00e3o no corte \u00e9 fundamental &hellip; <\/p>\n","protected":false},"author":1,"featured_media":221,"comment_status":"open","ping_status":"open","sticky":false,"template":"","format":"standard","meta":{"footnotes":""},"categories":[102],"tags":[1622,1616,1637,1631,1632,1629,1628,1639,1630,1638,1636,1634,1627,1635,1534,1621,1623,9,1620,1596,1085,1625,1626,1624,604,1633,1617,1618,114,1619],"class_list":["post-220","post","type-post","status-publish","format-standard","has-post-thumbnail","hentry","category-corte-a-laser","tag-como-evitar-erros-de-producao-caros","tag-corte-a-laser-no-aco-carbono","tag-corte-a-laser-no-aco-carbono-em-carapicuiba","tag-corte-a-laser-no-aco-carbono-em-osasco","tag-corte-a-laser-no-aco-carbono-em-promocao","tag-corte-a-laser-no-aco-carbono-em-sao-paulo","tag-corte-a-laser-no-aco-carbono-em-sp","tag-corte-a-laser-no-aco-carbono-na-lapa","tag-corte-a-laser-no-aco-carbono-na-zona-leste","tag-corte-a-laser-no-aco-carbono-na-zona-norte","tag-corte-a-laser-no-aco-carbono-na-zona-sul","tag-corte-a-laser-no-aco-carbono-perto-de-mim","tag-corte-a-laser-no-aco-carbono-preco","tag-corte-a-laser-no-aco-carbono-proximo-a-mim","tag-corte-a-laser-osasco","tag-corte-a-laser-sao-paulo","tag-corte-de-aco-carbono-sem-erros","tag-corte-de-chapas-metalicas","tag-corte-de-precisao-no-aco-carbono","tag-corte-industrial-em-osasco","tag-eficiencia-no-corte-industrial","tag-empresa-de-corte-a-laser-no-aco-carbono","tag-fabrica-de-corte-a-laser-no-aco-carbono","tag-onde-encontrar-corte-a-laser-no-aco-carbono","tag-processos-industriais","tag-servico-de-corte-a-laser-no-aco-carbono","tag-servico-de-corte-a-laser-no-aco-carbono-em-osasco","tag-servico-de-corte-a-laser-no-aco-carbono-em-sao-paulo","tag-tecnologia-de-corte-a-laser","tag-vantagens-do-corte-a-laser-no-aco-carbono","latest_post"],"yoast_head":"<!-- This site is optimized with the Yoast SEO plugin v25.2 - https:\/\/yoast.com\/wordpress\/plugins\/seo\/ -->\n<title>Corte a laser no carbono: menos erros na produ\u00e7\u00e3o | West Corte<\/title>\n<meta name=\"description\" content=\"Descubra como o corte a laser no a\u00e7o carbono pode reduzir falhas e evitar preju\u00edzos em processos industriais, garantindo economia e precis\u00e3o\" \/>\n<meta name=\"robots\" content=\"index, follow, max-snippet:-1, max-image-preview:large, max-video-preview:-1\" \/>\n<link rel=\"canonical\" href=\"https:\/\/www.westcorteedobra.com.br\/blog\/2024\/08\/04\/como-o-corte-a-laser-no-aco-carbono-pode-evitar-erros-de-producao-caros\/\" \/>\n<meta property=\"og:locale\" content=\"pt_BR\" \/>\n<meta property=\"og:type\" content=\"article\" \/>\n<meta property=\"og:title\" content=\"Corte a laser no carbono: menos erros na produ\u00e7\u00e3o | West Corte\" \/>\n<meta property=\"og:description\" content=\"Descubra como o corte a laser no a\u00e7o carbono pode reduzir falhas e evitar preju\u00edzos em processos industriais, garantindo economia e precis\u00e3o\" \/>\n<meta property=\"og:url\" content=\"https:\/\/www.westcorteedobra.com.br\/blog\/2024\/08\/04\/como-o-corte-a-laser-no-aco-carbono-pode-evitar-erros-de-producao-caros\/\" \/>\n<meta property=\"og:site_name\" content=\"Blog West Corte e Dobra\" \/>\n<meta property=\"article:published_time\" content=\"2024-08-04T17:37:10+00:00\" \/>\n<meta property=\"article:modified_time\" content=\"2025-06-18T14:27:48+00:00\" \/>\n<meta property=\"og:image\" content=\"https:\/\/www.westcorteedobra.com.br\/blog\/wp-content\/uploads\/2025\/02\/corte-a-laser-3.webp\" \/>\n\t<meta property=\"og:image:width\" content=\"500\" \/>\n\t<meta property=\"og:image:height\" content=\"400\" \/>\n\t<meta property=\"og:image:type\" content=\"image\/webp\" \/>\n<meta name=\"author\" content=\"admin\" \/>\n<meta name=\"twitter:card\" content=\"summary_large_image\" \/>\n<meta name=\"twitter:label1\" content=\"Written by\" \/>\n\t<meta name=\"twitter:data1\" content=\"admin\" \/>\n\t<meta name=\"twitter:label2\" content=\"Est. reading time\" \/>\n\t<meta name=\"twitter:data2\" content=\"5 minutos\" \/>\n<script type=\"application\/ld+json\" class=\"yoast-schema-graph\">{\"@context\":\"https:\/\/schema.org\",\"@graph\":[{\"@type\":\"Article\",\"@id\":\"https:\/\/www.westcorteedobra.com.br\/blog\/2024\/08\/04\/como-o-corte-a-laser-no-aco-carbono-pode-evitar-erros-de-producao-caros\/#article\",\"isPartOf\":{\"@id\":\"https:\/\/www.westcorteedobra.com.br\/blog\/2024\/08\/04\/como-o-corte-a-laser-no-aco-carbono-pode-evitar-erros-de-producao-caros\/\"},\"author\":{\"name\":\"admin\",\"@id\":\"https:\/\/www.westcorteedobra.com.br\/blog\/#\/schema\/person\/5c41559f9b03b4970e7a15a2bb78ca16\"},\"headline\":\"Como o corte a laser no a\u00e7o carbono pode evitar erros de produ\u00e7\u00e3o caros\",\"datePublished\":\"2024-08-04T17:37:10+00:00\",\"dateModified\":\"2025-06-18T14:27:48+00:00\",\"mainEntityOfPage\":{\"@id\":\"https:\/\/www.westcorteedobra.com.br\/blog\/2024\/08\/04\/como-o-corte-a-laser-no-aco-carbono-pode-evitar-erros-de-producao-caros\/\"},\"wordCount\":794,\"commentCount\":0,\"publisher\":{\"@id\":\"https:\/\/www.westcorteedobra.com.br\/blog\/#organization\"},\"image\":{\"@id\":\"https:\/\/www.westcorteedobra.com.br\/blog\/2024\/08\/04\/como-o-corte-a-laser-no-aco-carbono-pode-evitar-erros-de-producao-caros\/#primaryimage\"},\"thumbnailUrl\":\"https:\/\/www.westcorteedobra.com.br\/blog\/wp-content\/uploads\/2025\/02\/corte-a-laser-3.webp\",\"keywords\":[\"como evitar erros de produ\u00e7\u00e3o caros\",\"corte a laser no a\u00e7o carbono\",\"corte a laser no a\u00e7o carbono em Carapicu\u00edba\",\"corte a laser no a\u00e7o carbono em Osasco\",\"corte a laser no a\u00e7o carbono em promo\u00e7\u00e3o\",\"corte a laser no a\u00e7o carbono em S\u00e3o Paulo\",\"corte a laser no a\u00e7o carbono em sp\",\"corte a laser no a\u00e7o carbono na Lapa\",\"corte a laser no a\u00e7o carbono na zona leste\",\"corte a laser no a\u00e7o carbono na zona norte\",\"corte a laser no a\u00e7o carbono na zona sul\",\"corte a laser no a\u00e7o carbono perto de mim\",\"corte a laser no a\u00e7o carbono pre\u00e7o\",\"corte a laser no a\u00e7o carbono pr\u00f3ximo a mim\",\"corte a laser Osasco\",\"corte a laser S\u00e3o Paulo\",\"corte de a\u00e7o carbono sem erros\",\"Corte de chapas met\u00e1licas\",\"corte de precis\u00e3o no a\u00e7o carbono\",\"corte industrial em Osasco\",\"efici\u00eancia no corte industrial\",\"empresa de corte a laser no a\u00e7o carbono\",\"f\u00e1brica de corte a laser no a\u00e7o carbono\",\"onde encontrar corte a laser no a\u00e7o carbono\",\"Processos industriais\",\"servi\u00e7o de corte a laser no a\u00e7o carbono\",\"servi\u00e7o de corte a laser no a\u00e7o carbono em Osasco\",\"servi\u00e7o de corte a laser no a\u00e7o carbono em S\u00e3o Paulo\",\"tecnologia de corte a laser\",\"vantagens do corte a laser no a\u00e7o carbono\"],\"articleSection\":[\"Corte a laser\"],\"inLanguage\":\"pt-BR\",\"potentialAction\":[{\"@type\":\"CommentAction\",\"name\":\"Comment\",\"target\":[\"https:\/\/www.westcorteedobra.com.br\/blog\/2024\/08\/04\/como-o-corte-a-laser-no-aco-carbono-pode-evitar-erros-de-producao-caros\/#respond\"]}]},{\"@type\":\"WebPage\",\"@id\":\"https:\/\/www.westcorteedobra.com.br\/blog\/2024\/08\/04\/como-o-corte-a-laser-no-aco-carbono-pode-evitar-erros-de-producao-caros\/\",\"url\":\"https:\/\/www.westcorteedobra.com.br\/blog\/2024\/08\/04\/como-o-corte-a-laser-no-aco-carbono-pode-evitar-erros-de-producao-caros\/\",\"name\":\"Corte a laser no carbono: menos erros na produ\u00e7\u00e3o | West Corte\",\"isPartOf\":{\"@id\":\"https:\/\/www.westcorteedobra.com.br\/blog\/#website\"},\"primaryImageOfPage\":{\"@id\":\"https:\/\/www.westcorteedobra.com.br\/blog\/2024\/08\/04\/como-o-corte-a-laser-no-aco-carbono-pode-evitar-erros-de-producao-caros\/#primaryimage\"},\"image\":{\"@id\":\"https:\/\/www.westcorteedobra.com.br\/blog\/2024\/08\/04\/como-o-corte-a-laser-no-aco-carbono-pode-evitar-erros-de-producao-caros\/#primaryimage\"},\"thumbnailUrl\":\"https:\/\/www.westcorteedobra.com.br\/blog\/wp-content\/uploads\/2025\/02\/corte-a-laser-3.webp\",\"datePublished\":\"2024-08-04T17:37:10+00:00\",\"dateModified\":\"2025-06-18T14:27:48+00:00\",\"description\":\"Descubra como o corte a laser no a\u00e7o carbono pode reduzir falhas e evitar preju\u00edzos em processos industriais, garantindo economia e precis\u00e3o\",\"breadcrumb\":{\"@id\":\"https:\/\/www.westcorteedobra.com.br\/blog\/2024\/08\/04\/como-o-corte-a-laser-no-aco-carbono-pode-evitar-erros-de-producao-caros\/#breadcrumb\"},\"inLanguage\":\"pt-BR\",\"potentialAction\":[{\"@type\":\"ReadAction\",\"target\":[\"https:\/\/www.westcorteedobra.com.br\/blog\/2024\/08\/04\/como-o-corte-a-laser-no-aco-carbono-pode-evitar-erros-de-producao-caros\/\"]}]},{\"@type\":\"ImageObject\",\"inLanguage\":\"pt-BR\",\"@id\":\"https:\/\/www.westcorteedobra.com.br\/blog\/2024\/08\/04\/como-o-corte-a-laser-no-aco-carbono-pode-evitar-erros-de-producao-caros\/#primaryimage\",\"url\":\"https:\/\/www.westcorteedobra.com.br\/blog\/wp-content\/uploads\/2025\/02\/corte-a-laser-3.webp\",\"contentUrl\":\"https:\/\/www.westcorteedobra.com.br\/blog\/wp-content\/uploads\/2025\/02\/corte-a-laser-3.webp\",\"width\":500,\"height\":400,\"caption\":\"Como o corte a laser no a\u00e7o carbono pode evitar erros de produ\u00e7\u00e3o caros\"},{\"@type\":\"BreadcrumbList\",\"@id\":\"https:\/\/www.westcorteedobra.com.br\/blog\/2024\/08\/04\/como-o-corte-a-laser-no-aco-carbono-pode-evitar-erros-de-producao-caros\/#breadcrumb\",\"itemListElement\":[{\"@type\":\"ListItem\",\"position\":1,\"name\":\"Home\",\"item\":\"https:\/\/www.westcorteedobra.com.br\/blog\/\"},{\"@type\":\"ListItem\",\"position\":2,\"name\":\"Como o corte a laser no a\u00e7o carbono pode evitar erros de produ\u00e7\u00e3o caros\"}]},{\"@type\":\"WebSite\",\"@id\":\"https:\/\/www.westcorteedobra.com.br\/blog\/#website\",\"url\":\"https:\/\/www.westcorteedobra.com.br\/blog\/\",\"name\":\"Blog West Corte e Dobra\",\"description\":\"\",\"publisher\":{\"@id\":\"https:\/\/www.westcorteedobra.com.br\/blog\/#organization\"},\"potentialAction\":[{\"@type\":\"SearchAction\",\"target\":{\"@type\":\"EntryPoint\",\"urlTemplate\":\"https:\/\/www.westcorteedobra.com.br\/blog\/?s={search_term_string}\"},\"query-input\":{\"@type\":\"PropertyValueSpecification\",\"valueRequired\":true,\"valueName\":\"search_term_string\"}}],\"inLanguage\":\"pt-BR\"},{\"@type\":\"Organization\",\"@id\":\"https:\/\/www.westcorteedobra.com.br\/blog\/#organization\",\"name\":\"Blog West Corte e Dobra\",\"url\":\"https:\/\/www.westcorteedobra.com.br\/blog\/\",\"logo\":{\"@type\":\"ImageObject\",\"inLanguage\":\"pt-BR\",\"@id\":\"https:\/\/www.westcorteedobra.com.br\/blog\/#\/schema\/logo\/image\/\",\"url\":\"https:\/\/www.westcorteedobra.com.br\/blog\/wp-content\/uploads\/2024\/10\/logo-2.webp\",\"contentUrl\":\"https:\/\/www.westcorteedobra.com.br\/blog\/wp-content\/uploads\/2024\/10\/logo-2.webp\",\"width\":1200,\"height\":280,\"caption\":\"Blog West Corte e Dobra\"},\"image\":{\"@id\":\"https:\/\/www.westcorteedobra.com.br\/blog\/#\/schema\/logo\/image\/\"}},{\"@type\":\"Person\",\"@id\":\"https:\/\/www.westcorteedobra.com.br\/blog\/#\/schema\/person\/5c41559f9b03b4970e7a15a2bb78ca16\",\"name\":\"admin\",\"image\":{\"@type\":\"ImageObject\",\"inLanguage\":\"pt-BR\",\"@id\":\"https:\/\/www.westcorteedobra.com.br\/blog\/#\/schema\/person\/image\/\",\"url\":\"https:\/\/secure.gravatar.com\/avatar\/4f64c9f81bb0d4ee969aaf7b4a5a6f40?s=96&d=mm&r=g\",\"contentUrl\":\"https:\/\/secure.gravatar.com\/avatar\/4f64c9f81bb0d4ee969aaf7b4a5a6f40?s=96&d=mm&r=g\",\"caption\":\"admin\"},\"sameAs\":[\"https:\/\/www.westcorteedobra.com.br\/blog\"],\"url\":\"https:\/\/www.westcorteedobra.com.br\/blog\/author\/admin\/\"}]}<\/script>\n<!-- \/ Yoast SEO plugin. -->","yoast_head_json":{"title":"Corte a laser no carbono: menos erros na produ\u00e7\u00e3o | West Corte","description":"Descubra como o corte a laser no a\u00e7o carbono pode reduzir falhas e evitar preju\u00edzos em processos industriais, garantindo economia e precis\u00e3o","robots":{"index":"index","follow":"follow","max-snippet":"max-snippet:-1","max-image-preview":"max-image-preview:large","max-video-preview":"max-video-preview:-1"},"canonical":"https:\/\/www.westcorteedobra.com.br\/blog\/2024\/08\/04\/como-o-corte-a-laser-no-aco-carbono-pode-evitar-erros-de-producao-caros\/","og_locale":"pt_BR","og_type":"article","og_title":"Corte a laser no carbono: menos erros na produ\u00e7\u00e3o | West Corte","og_description":"Descubra como o corte a laser no a\u00e7o carbono pode reduzir falhas e evitar preju\u00edzos em processos industriais, garantindo economia e precis\u00e3o","og_url":"https:\/\/www.westcorteedobra.com.br\/blog\/2024\/08\/04\/como-o-corte-a-laser-no-aco-carbono-pode-evitar-erros-de-producao-caros\/","og_site_name":"Blog West Corte e Dobra","article_published_time":"2024-08-04T17:37:10+00:00","article_modified_time":"2025-06-18T14:27:48+00:00","og_image":[{"width":500,"height":400,"url":"https:\/\/www.westcorteedobra.com.br\/blog\/wp-content\/uploads\/2025\/02\/corte-a-laser-3.webp","type":"image\/webp"}],"author":"admin","twitter_card":"summary_large_image","twitter_misc":{"Written by":"admin","Est. reading time":"5 minutos"},"schema":{"@context":"https:\/\/schema.org","@graph":[{"@type":"Article","@id":"https:\/\/www.westcorteedobra.com.br\/blog\/2024\/08\/04\/como-o-corte-a-laser-no-aco-carbono-pode-evitar-erros-de-producao-caros\/#article","isPartOf":{"@id":"https:\/\/www.westcorteedobra.com.br\/blog\/2024\/08\/04\/como-o-corte-a-laser-no-aco-carbono-pode-evitar-erros-de-producao-caros\/"},"author":{"name":"admin","@id":"https:\/\/www.westcorteedobra.com.br\/blog\/#\/schema\/person\/5c41559f9b03b4970e7a15a2bb78ca16"},"headline":"Como o corte a laser no a\u00e7o carbono pode evitar erros de produ\u00e7\u00e3o caros","datePublished":"2024-08-04T17:37:10+00:00","dateModified":"2025-06-18T14:27:48+00:00","mainEntityOfPage":{"@id":"https:\/\/www.westcorteedobra.com.br\/blog\/2024\/08\/04\/como-o-corte-a-laser-no-aco-carbono-pode-evitar-erros-de-producao-caros\/"},"wordCount":794,"commentCount":0,"publisher":{"@id":"https:\/\/www.westcorteedobra.com.br\/blog\/#organization"},"image":{"@id":"https:\/\/www.westcorteedobra.com.br\/blog\/2024\/08\/04\/como-o-corte-a-laser-no-aco-carbono-pode-evitar-erros-de-producao-caros\/#primaryimage"},"thumbnailUrl":"https:\/\/www.westcorteedobra.com.br\/blog\/wp-content\/uploads\/2025\/02\/corte-a-laser-3.webp","keywords":["como evitar erros de produ\u00e7\u00e3o caros","corte a laser no a\u00e7o carbono","corte a laser no a\u00e7o carbono em Carapicu\u00edba","corte a laser no a\u00e7o carbono em Osasco","corte a laser no a\u00e7o carbono em promo\u00e7\u00e3o","corte a laser no a\u00e7o carbono em S\u00e3o Paulo","corte a laser no a\u00e7o carbono em sp","corte a laser no a\u00e7o carbono na Lapa","corte a laser no a\u00e7o carbono na zona leste","corte a laser no a\u00e7o carbono na zona norte","corte a laser no a\u00e7o carbono na zona sul","corte a laser no a\u00e7o carbono perto de mim","corte a laser no a\u00e7o carbono pre\u00e7o","corte a laser no a\u00e7o carbono pr\u00f3ximo a mim","corte a laser Osasco","corte a laser S\u00e3o Paulo","corte de a\u00e7o carbono sem erros","Corte de chapas met\u00e1licas","corte de precis\u00e3o no a\u00e7o carbono","corte industrial em Osasco","efici\u00eancia no corte industrial","empresa de corte a laser no a\u00e7o carbono","f\u00e1brica de corte a laser no a\u00e7o carbono","onde encontrar corte a laser no a\u00e7o carbono","Processos industriais","servi\u00e7o de corte a laser no a\u00e7o carbono","servi\u00e7o de corte a laser no a\u00e7o carbono em Osasco","servi\u00e7o de corte a laser no a\u00e7o carbono em S\u00e3o Paulo","tecnologia de corte a laser","vantagens do corte a laser no a\u00e7o carbono"],"articleSection":["Corte a laser"],"inLanguage":"pt-BR","potentialAction":[{"@type":"CommentAction","name":"Comment","target":["https:\/\/www.westcorteedobra.com.br\/blog\/2024\/08\/04\/como-o-corte-a-laser-no-aco-carbono-pode-evitar-erros-de-producao-caros\/#respond"]}]},{"@type":"WebPage","@id":"https:\/\/www.westcorteedobra.com.br\/blog\/2024\/08\/04\/como-o-corte-a-laser-no-aco-carbono-pode-evitar-erros-de-producao-caros\/","url":"https:\/\/www.westcorteedobra.com.br\/blog\/2024\/08\/04\/como-o-corte-a-laser-no-aco-carbono-pode-evitar-erros-de-producao-caros\/","name":"Corte a laser no carbono: menos erros na produ\u00e7\u00e3o | West Corte","isPartOf":{"@id":"https:\/\/www.westcorteedobra.com.br\/blog\/#website"},"primaryImageOfPage":{"@id":"https:\/\/www.westcorteedobra.com.br\/blog\/2024\/08\/04\/como-o-corte-a-laser-no-aco-carbono-pode-evitar-erros-de-producao-caros\/#primaryimage"},"image":{"@id":"https:\/\/www.westcorteedobra.com.br\/blog\/2024\/08\/04\/como-o-corte-a-laser-no-aco-carbono-pode-evitar-erros-de-producao-caros\/#primaryimage"},"thumbnailUrl":"https:\/\/www.westcorteedobra.com.br\/blog\/wp-content\/uploads\/2025\/02\/corte-a-laser-3.webp","datePublished":"2024-08-04T17:37:10+00:00","dateModified":"2025-06-18T14:27:48+00:00","description":"Descubra como o corte a laser no a\u00e7o carbono pode reduzir falhas e evitar preju\u00edzos em processos industriais, garantindo economia e precis\u00e3o","breadcrumb":{"@id":"https:\/\/www.westcorteedobra.com.br\/blog\/2024\/08\/04\/como-o-corte-a-laser-no-aco-carbono-pode-evitar-erros-de-producao-caros\/#breadcrumb"},"inLanguage":"pt-BR","potentialAction":[{"@type":"ReadAction","target":["https:\/\/www.westcorteedobra.com.br\/blog\/2024\/08\/04\/como-o-corte-a-laser-no-aco-carbono-pode-evitar-erros-de-producao-caros\/"]}]},{"@type":"ImageObject","inLanguage":"pt-BR","@id":"https:\/\/www.westcorteedobra.com.br\/blog\/2024\/08\/04\/como-o-corte-a-laser-no-aco-carbono-pode-evitar-erros-de-producao-caros\/#primaryimage","url":"https:\/\/www.westcorteedobra.com.br\/blog\/wp-content\/uploads\/2025\/02\/corte-a-laser-3.webp","contentUrl":"https:\/\/www.westcorteedobra.com.br\/blog\/wp-content\/uploads\/2025\/02\/corte-a-laser-3.webp","width":500,"height":400,"caption":"Como o corte a laser no a\u00e7o carbono pode evitar erros de produ\u00e7\u00e3o caros"},{"@type":"BreadcrumbList","@id":"https:\/\/www.westcorteedobra.com.br\/blog\/2024\/08\/04\/como-o-corte-a-laser-no-aco-carbono-pode-evitar-erros-de-producao-caros\/#breadcrumb","itemListElement":[{"@type":"ListItem","position":1,"name":"Home","item":"https:\/\/www.westcorteedobra.com.br\/blog\/"},{"@type":"ListItem","position":2,"name":"Como o corte a laser no a\u00e7o carbono pode evitar erros de produ\u00e7\u00e3o caros"}]},{"@type":"WebSite","@id":"https:\/\/www.westcorteedobra.com.br\/blog\/#website","url":"https:\/\/www.westcorteedobra.com.br\/blog\/","name":"Blog West Corte e Dobra","description":"","publisher":{"@id":"https:\/\/www.westcorteedobra.com.br\/blog\/#organization"},"potentialAction":[{"@type":"SearchAction","target":{"@type":"EntryPoint","urlTemplate":"https:\/\/www.westcorteedobra.com.br\/blog\/?s={search_term_string}"},"query-input":{"@type":"PropertyValueSpecification","valueRequired":true,"valueName":"search_term_string"}}],"inLanguage":"pt-BR"},{"@type":"Organization","@id":"https:\/\/www.westcorteedobra.com.br\/blog\/#organization","name":"Blog West Corte e Dobra","url":"https:\/\/www.westcorteedobra.com.br\/blog\/","logo":{"@type":"ImageObject","inLanguage":"pt-BR","@id":"https:\/\/www.westcorteedobra.com.br\/blog\/#\/schema\/logo\/image\/","url":"https:\/\/www.westcorteedobra.com.br\/blog\/wp-content\/uploads\/2024\/10\/logo-2.webp","contentUrl":"https:\/\/www.westcorteedobra.com.br\/blog\/wp-content\/uploads\/2024\/10\/logo-2.webp","width":1200,"height":280,"caption":"Blog West Corte e Dobra"},"image":{"@id":"https:\/\/www.westcorteedobra.com.br\/blog\/#\/schema\/logo\/image\/"}},{"@type":"Person","@id":"https:\/\/www.westcorteedobra.com.br\/blog\/#\/schema\/person\/5c41559f9b03b4970e7a15a2bb78ca16","name":"admin","image":{"@type":"ImageObject","inLanguage":"pt-BR","@id":"https:\/\/www.westcorteedobra.com.br\/blog\/#\/schema\/person\/image\/","url":"https:\/\/secure.gravatar.com\/avatar\/4f64c9f81bb0d4ee969aaf7b4a5a6f40?s=96&d=mm&r=g","contentUrl":"https:\/\/secure.gravatar.com\/avatar\/4f64c9f81bb0d4ee969aaf7b4a5a6f40?s=96&d=mm&r=g","caption":"admin"},"sameAs":["https:\/\/www.westcorteedobra.com.br\/blog"],"url":"https:\/\/www.westcorteedobra.com.br\/blog\/author\/admin\/"}]}},"_links":{"self":[{"href":"https:\/\/www.westcorteedobra.com.br\/blog\/wp-json\/wp\/v2\/posts\/220"}],"collection":[{"href":"https:\/\/www.westcorteedobra.com.br\/blog\/wp-json\/wp\/v2\/posts"}],"about":[{"href":"https:\/\/www.westcorteedobra.com.br\/blog\/wp-json\/wp\/v2\/types\/post"}],"author":[{"embeddable":true,"href":"https:\/\/www.westcorteedobra.com.br\/blog\/wp-json\/wp\/v2\/users\/1"}],"replies":[{"embeddable":true,"href":"https:\/\/www.westcorteedobra.com.br\/blog\/wp-json\/wp\/v2\/comments?post=220"}],"version-history":[{"count":1,"href":"https:\/\/www.westcorteedobra.com.br\/blog\/wp-json\/wp\/v2\/posts\/220\/revisions"}],"predecessor-version":[{"id":223,"href":"https:\/\/www.westcorteedobra.com.br\/blog\/wp-json\/wp\/v2\/posts\/220\/revisions\/223"}],"wp:featuredmedia":[{"embeddable":true,"href":"https:\/\/www.westcorteedobra.com.br\/blog\/wp-json\/wp\/v2\/media\/221"}],"wp:attachment":[{"href":"https:\/\/www.westcorteedobra.com.br\/blog\/wp-json\/wp\/v2\/media?parent=220"}],"wp:term":[{"taxonomy":"category","embeddable":true,"href":"https:\/\/www.westcorteedobra.com.br\/blog\/wp-json\/wp\/v2\/categories?post=220"},{"taxonomy":"post_tag","embeddable":true,"href":"https:\/\/www.westcorteedobra.com.br\/blog\/wp-json\/wp\/v2\/tags?post=220"}],"curies":[{"name":"wp","href":"https:\/\/api.w.org\/{rel}","templated":true}]}}