{"id":192,"date":"2025-02-04T13:10:18","date_gmt":"2025-02-04T16:10:18","guid":{"rendered":"https:\/\/www.westcorteedobra.com.br\/blog\/?p=192"},"modified":"2025-06-18T10:45:13","modified_gmt":"2025-06-18T13:45:13","slug":"corte-em-guilhotina-ou-corte-a-laser-qual-a-melhor-opcao-para-aco-carbono","status":"publish","type":"post","link":"https:\/\/www.westcorteedobra.com.br\/blog\/2025\/02\/04\/corte-em-guilhotina-ou-corte-a-laser-qual-a-melhor-opcao-para-aco-carbono\/","title":{"rendered":"Corte em guilhotina ou corte a laser: qual a melhor op\u00e7\u00e3o para a\u00e7o carbono?"},"content":{"rendered":"\n<p class=\"has-medium-font-size\"><strong><em>Descubra as diferen\u00e7as entre o corte em guilhotina e o corte a laser para a\u00e7o carbono, inox e alum\u00ednio, e saiba qual \u00e9 a melhor op\u00e7\u00e3o para o seu projeto<\/em><\/strong><\/p>\n\n\n\n<p>O corte de metais, especialmente quando falamos em materiais como <strong>a\u00e7o carbono, inox e alum\u00ednio<\/strong>, \u00e9 uma etapa fundamental em diversos setores, como a <strong>ind\u00fastria metal\u00fargica, automotiva, constru\u00e7\u00e3o civil e aliment\u00edcia<\/strong>.<\/p>\n\n\n\n<p>&nbsp;Com a crescente demanda por precis\u00e3o e efici\u00eancia, escolher entre <strong>corte em guilhotina<\/strong> ou <strong>corte a laser<\/strong> se tornou uma decis\u00e3o estrat\u00e9gica para muitas empresas. Mas afinal, qual deles \u00e9 o mais indicado para suas necessidades?<\/p>\n\n\n\n<ul class=\"wp-block-list\">\n<li><a href=\"https:\/\/www.westcorteedobra.com.br\/blog\/2025\/02\/04\/corte-e-dobra-de-chapas-garanta-precisao-e-qualidade-na-personalizacao-de-chapas-metalicas\/\">Corte e dobra de chapas: garanta precis\u00e3o e qualidade na personaliza\u00e7\u00e3o de chapas met\u00e1licas<\/a><\/li>\n<\/ul>\n\n\n\n<h2 class=\"wp-block-heading\"><strong>Como funciona o corte em guilhotina?<\/strong><\/h2>\n\n\n\n<p>O <strong>corte em guilhotina<\/strong> \u00e9 uma t\u00e9cnica mec\u00e2nica de corte que utiliza uma l\u00e2mina afiada para aplicar for\u00e7a direta sobre a chapa de metal.<\/p>\n\n\n<div class=\"wp-block-image\">\n<figure class=\"alignright size-full is-resized\"><img loading=\"lazy\" decoding=\"async\" width=\"500\" height=\"400\" src=\"https:\/\/www.westcorteedobra.com.br\/blog\/wp-content\/uploads\/2025\/02\/corte-guilhotina-1.webp\" alt=\"\" class=\"wp-image-196\" style=\"width:398px;height:auto\" srcset=\"https:\/\/www.westcorteedobra.com.br\/blog\/wp-content\/uploads\/2025\/02\/corte-guilhotina-1.webp 500w, https:\/\/www.westcorteedobra.com.br\/blog\/wp-content\/uploads\/2025\/02\/corte-guilhotina-1-300x240.webp 300w\" sizes=\"(max-width: 500px) 100vw, 500px\" \/><\/figure><\/div>\n\n\n<p>&nbsp;O processo \u00e9 semelhante ao corte de papel em guilhotinas tradicionais, mas adaptado para chapas met\u00e1licas.<\/p>\n\n\n\n<p>Essa tecnologia \u00e9 amplamente utilizada na <strong>ind\u00fastria metal\u00fargica, automotiva e na constru\u00e7\u00e3o civil<\/strong>, principalmente pela sua capacidade de cortar grandes volumes de material com rapidez e custo reduzido.&nbsp;<\/p>\n\n\n\n<p><strong>Chapas de a\u00e7o carbono, inox e alum\u00ednio<\/strong> s\u00e3o cortadas de forma eficiente, sem gerar calor excessivo ou deforma\u00e7\u00f5es.<\/p>\n\n\n\n<h3 class=\"wp-block-heading\"><strong>Vantagens do corte em guilhotina<\/strong><\/h3>\n\n\n\n<ul class=\"wp-block-list\">\n<li><strong>Efici\u00eancia no corte de chapas grossas<\/strong>: Ideal para chapas com espessuras maiores, garantindo cortes retos e precisos;<br><\/li>\n\n\n\n<li><strong>Custo-benef\u00edcio<\/strong>: \u00c9 uma solu\u00e7\u00e3o econ\u00f4mica para projetos que exigem grandes volumes de produ\u00e7\u00e3o;<br><\/li>\n\n\n\n<li><strong>Velocidade de produ\u00e7\u00e3o<\/strong>: Capaz de cortar diversas chapas em sequ\u00eancia sem perda de qualidade;<br><\/li>\n\n\n\n<li><strong>Sem deforma\u00e7\u00f5es t\u00e9rmicas<\/strong>: Como o corte \u00e9 mec\u00e2nico, n\u00e3o h\u00e1 aquecimento excessivo, minimizando o risco de distor\u00e7\u00f5es no material.<\/li>\n<\/ul>\n\n\n\n<p>Esse m\u00e9todo \u00e9 particularmente vantajoso para chapas de a\u00e7o carbono com espessuras m\u00e9dias e altas, al\u00e9m de ser amplamente utilizado na confec\u00e7\u00e3o de pe\u00e7as para o setor automotivo e na <strong>ind\u00fastria aliment\u00edcia e qu\u00edmica<\/strong>.<\/p>\n\n\n\n<ul class=\"wp-block-list\">\n<li><a href=\"https:\/\/www.westcorteedobra.com.br\/blog\/2025\/02\/04\/5-vantagens-de-terceirizar-o-corte-de-chapas-de-aluminio\/\">5 vantagens de terceirizar o corte de chapas de alum\u00ednio<\/a><\/li>\n<\/ul>\n\n\n\n<h2 class=\"wp-block-heading\"><strong>Como funciona o corte a laser?<\/strong><\/h2>\n\n\n\n<p>J\u00e1 o <strong>corte a laser<\/strong> utiliza um feixe de luz altamente concentrado para fundir, vaporizar ou queimar o material. O processo \u00e9 guiado por um software, o que permite cortes complexos, precisos e detalhados.<\/p>\n\n\n<div class=\"wp-block-image\">\n<figure class=\"alignright size-full is-resized\"><img loading=\"lazy\" decoding=\"async\" width=\"500\" height=\"400\" src=\"https:\/\/www.westcorteedobra.com.br\/blog\/wp-content\/uploads\/2025\/02\/corte-a-laser.webp\" alt=\"\" class=\"wp-image-194\" style=\"width:379px;height:auto\" srcset=\"https:\/\/www.westcorteedobra.com.br\/blog\/wp-content\/uploads\/2025\/02\/corte-a-laser.webp 500w, https:\/\/www.westcorteedobra.com.br\/blog\/wp-content\/uploads\/2025\/02\/corte-a-laser-300x240.webp 300w\" sizes=\"(max-width: 500px) 100vw, 500px\" \/><\/figure><\/div>\n\n\n<p>Essa tecnologia \u00e9 indicada para projetos que exigem alta precis\u00e3o, cortes personalizados e acabamentos impec\u00e1veis.<\/p>\n\n\n\n<p>&nbsp;Com capacidade para trabalhar com materiais como <strong>a\u00e7o carbono, inox e alum\u00ednio<\/strong>, o corte a laser \u00e9 muito utilizado na fabrica\u00e7\u00e3o de pe\u00e7as delicadas e em ind\u00fastrias que necessitam de personaliza\u00e7\u00e3o, como a <strong>ind\u00fastria qu\u00edmica, metal\u00fargica e de eletrodom\u00e9sticos<\/strong>.<\/p>\n\n\n\n<h3 class=\"wp-block-heading\"><strong>Vantagens do corte a laser<\/strong><\/h3>\n\n\n\n<ul class=\"wp-block-list\">\n<li><strong>Alta precis\u00e3o e complexidade<\/strong>: Ideal para projetos detalhados, com cortes curvos, buracos pequenos ou formas personalizadas;<br><\/li>\n\n\n\n<li><strong>Cortes limpos e sem rebarbas<\/strong>: Minimiza a necessidade de retrabalho ou acabamento adicional;<br><\/li>\n\n\n\n<li><strong>Versatilidade de materiais<\/strong>: Pode cortar materiais diversos com diferentes espessuras, desde chapas finas at\u00e9 m\u00e9dias;<br><\/li>\n\n\n\n<li><strong>Automatiza\u00e7\u00e3o e controle digital<\/strong>: O uso de software facilita a execu\u00e7\u00e3o de cortes personalizados e grandes lotes com repetibilidade perfeita.<\/li>\n<\/ul>\n\n\n\n<p>O corte a laser \u00e9 especialmente vantajoso para pe\u00e7as de <strong>a\u00e7o carbono e inox<\/strong> que demandam precis\u00e3o e design espec\u00edfico, sendo amplamente aplicado na fabrica\u00e7\u00e3o de componentes para m\u00e1quinas e equipamentos industriais.<\/p>\n\n\n\n<ul class=\"wp-block-list\">\n<li><a href=\"https:\/\/www.westcorteedobra.com.br\/blog\/2025\/02\/03\/corte-e-dobra-de-aco-inox\/\">Corte e dobra de a\u00e7o inox: precis\u00e3o e efici\u00eancia para projetos industriais<\/a><\/li>\n<\/ul>\n\n\n\n<h2 class=\"wp-block-heading\"><strong>Corte em guilhotina ou a laser: quando escolher cada um?<\/strong><\/h2>\n\n\n\n<p>A escolha entre o <strong>corte em guilhotina<\/strong> e o <strong>corte a laser<\/strong> depende de diversos fatores, como o tipo de material, a espessura da chapa e o n\u00edvel de precis\u00e3o necess\u00e1rio. Veja algumas recomenda\u00e7\u00f5es:<\/p>\n\n\n\n<ul class=\"wp-block-list\">\n<li><strong>Prefira o corte em guilhotina quando:<\/strong>\n<ul class=\"wp-block-list\">\n<li>O projeto envolve cortes simples, retos e em grandes volumes.<\/li>\n\n\n\n<li>O material tem espessura m\u00e9dia ou alta, como chapas de a\u00e7o carbono.<\/li>\n\n\n\n<li>O objetivo \u00e9 reduzir custos e maximizar a produtividade.<\/li>\n<\/ul>\n<\/li>\n\n\n\n<li><strong>Prefira o corte a laser quando:<\/strong>\n<ul class=\"wp-block-list\">\n<li>O projeto exige cortes detalhados, com formas complexas.<\/li>\n\n\n\n<li>H\u00e1 necessidade de cortes sem rebarbas e com acabamento perfeito.<\/li>\n\n\n\n<li>O material \u00e9 mais fino ou precisa de um design personalizado, como pe\u00e7as em inox e alum\u00ednio.<\/li>\n<\/ul>\n<\/li>\n<\/ul>\n\n\n\n<h2 class=\"wp-block-heading\"><strong>E as aplica\u00e7\u00f5es para inox e alum\u00ednio?<\/strong><\/h2>\n\n\n\n<p>Embora o foco principal seja o corte de <strong>a\u00e7o carbono<\/strong>, tanto o <strong>corte em guilhotina<\/strong> quanto o <strong>corte a laser<\/strong> s\u00e3o amplamente utilizados para outros materiais, como <strong>alum\u00ednio e inox<\/strong>.<\/p>\n\n\n\n<ul class=\"wp-block-list\">\n<li><strong>No caso do alum\u00ednio:<\/strong> O corte a laser \u00e9 indicado para chapas finas, pois evita deforma\u00e7\u00f5es e garante cortes precisos para pe\u00e7as decorativas ou componentes t\u00e9cnicos. J\u00e1 o corte em guilhotina \u00e9 mais eficiente em chapas de maior espessura, como estruturas met\u00e1licas.<\/li>\n<\/ul>\n\n\n\n<ul class=\"wp-block-list\">\n<li><strong>Para o inox:<\/strong> O corte a laser \u00e9 preferido quando se busca um acabamento limpo e preciso, muito utilizado em cozinhas industriais e equipamentos m\u00e9dicos. J\u00e1 o corte em guilhotina \u00e9 ideal para cortes simples e r\u00e1pidos em chapas de maior espessura.<\/li>\n<\/ul>\n\n\n\n<h2 class=\"wp-block-heading\"><strong>A West Corte e Dobra: solu\u00e7\u00f5es de corte sob medida em Osasco<\/strong><\/h2>\n\n\n\n<p>Para empresas que buscam servi\u00e7os de corte de alta qualidade, a <strong>West Corte e Dobra<\/strong> \u00e9 uma refer\u00eancia na regi\u00e3o de Osasco.<\/p>\n\n\n\n<p>Com ampla experi\u00eancia no setor, a empresa oferece tanto <strong>corte em guilhotina<\/strong> quanto <strong>corte a laser<\/strong>, atendendo a projetos personalizados para diferentes segmentos, como <strong>ind\u00fastria automotiva, constru\u00e7\u00e3o civil, metal\u00fargica e aliment\u00edcia<\/strong>.<\/p>\n\n\n\n<p>A <strong>West Corte e Dobra<\/strong> se destaca pela precis\u00e3o dos cortes, pontualidade na entrega e um atendimento personalizado, entendendo as necessidades espec\u00edficas de cada cliente.<\/p>\n\n\n\n<p>Seja para cortes retos de grandes volumes em a\u00e7o carbono ou cortes detalhados em alum\u00ednio e inox, a empresa tem a solu\u00e7\u00e3o ideal.<\/p>\n\n\n\n<h2 class=\"wp-block-heading\"><strong>Qual a melhor escolha para o seu projeto?<\/strong><\/h2>\n\n\n\n<p>Em resumo, tanto o <strong>corte em guilhotina<\/strong> quanto o <strong>corte a laser<\/strong> t\u00eam suas vantagens e aplica\u00e7\u00f5es espec\u00edficas.&nbsp;<\/p>\n\n\n\n<p>Se o seu projeto envolve chapas grossas, grandes volumes e cortes simples, a guilhotina \u00e9 a escolha certa. Mas, se voc\u00ea precisa de precis\u00e3o, cortes complexos ou acabamento superior, o laser \u00e9 imbat\u00edvel.<\/p>\n\n\n\n<p>Na d\u00favida, conte com os especialistas da <strong>West Corte e Dobra<\/strong> para ajudar na escolha da melhor tecnologia para o seu projeto.<\/p>\n\n\n\n<p><strong><em>Solicite uma consulta personalizada e descubra como o corte ideal pode otimizar os seus resultados.<\/em><\/strong><\/p>\n","protected":false},"excerpt":{"rendered":"<p>Descubra as diferen\u00e7as entre o corte em guilhotina e o corte a laser para a\u00e7o carbono, inox e alum\u00ednio, e saiba qual \u00e9 a melhor op\u00e7\u00e3o para o seu projeto O corte de metais, especialmente quando falamos em materiais como a\u00e7o carbono, inox e alum\u00ednio, \u00e9 uma etapa fundamental em diversos setores, como a ind\u00fastria &hellip; <\/p>\n","protected":false},"author":1,"featured_media":193,"comment_status":"open","ping_status":"open","sticky":false,"template":"","format":"standard","meta":{"footnotes":""},"categories":[102,82],"tags":[1509,1510,129,121,122,119,118,1517,1512,128,1515,124,117,125,206,190,192,186,184,1518,1513,1519,1516,196,182,198,299,178,1511,699,297,1508,316,1514],"class_list":["post-192","post","type-post","status-publish","format-standard","has-post-thumbnail","hentry","category-corte-a-laser","category-corte-em-guilhotina","tag-comprar-corte-a-laser","tag-comprar-corte-em-guilhotina","tag-corte-a-laser-em-carapicuiba","tag-corte-a-laser-em-osasco","tag-corte-a-laser-em-promocao","tag-corte-a-laser-em-sao-paulo","tag-corte-a-laser-em-sp","tag-corte-a-laser-na-vila-jaguara","tag-corte-a-laser-na-zona-leste","tag-corte-a-laser-na-zona-norte","tag-corte-a-laser-na-zona-sul","tag-corte-a-laser-perto-de-mim","tag-corte-a-laser-preco","tag-corte-a-laser-proximo-a-mim","tag-corte-em-guilhotina-em-carapicuiba","tag-corte-em-guilhotina-em-osasco","tag-corte-em-guilhotina-em-promocao","tag-corte-em-guilhotina-em-sao-paulo","tag-corte-em-guilhotina-em-sp","tag-corte-em-guilhotina-na-vila-jaguara","tag-corte-em-guilhotina-na-zona-leste","tag-corte-em-guilhotina-na-zona-norte","tag-corte-em-guilhotina-na-zona-sul","tag-corte-em-guilhotina-perto-de-mim","tag-corte-em-guilhotina-preco","tag-corte-em-guilhotina-proximo-a-mim","tag-empresa-de-corte-a-laser","tag-empresa-de-corte-em-guilhotina","tag-loja-de-corte-a-laser","tag-loja-de-corte-em-guilhotina","tag-onde-encontrar-corte-a-laser","tag-onde-encontrar-corte-em-guilhotina","tag-servico-de-corte-a-laser","tag-servico-de-corte-em-guilhotina","latest_post"],"yoast_head":"<!-- This site is optimized with the Yoast SEO plugin v25.2 - https:\/\/yoast.com\/wordpress\/plugins\/seo\/ -->\n<title>Corte: guilhotina ou laser para a\u00e7o carbono? | West Corte<\/title>\n<meta name=\"description\" content=\"Descubra as diferen\u00e7as entre o corte em guilhotina e o corte a laser para a\u00e7o carbono, inox e alum\u00ednio, e saiba qual \u00e9 a melhor op\u00e7\u00e3o para o seu projeto\" \/>\n<meta name=\"robots\" content=\"index, follow, max-snippet:-1, max-image-preview:large, max-video-preview:-1\" \/>\n<link rel=\"canonical\" href=\"https:\/\/www.westcorteedobra.com.br\/blog\/2025\/02\/04\/corte-em-guilhotina-ou-corte-a-laser-qual-a-melhor-opcao-para-aco-carbono\/\" \/>\n<meta property=\"og:locale\" content=\"pt_BR\" \/>\n<meta property=\"og:type\" content=\"article\" \/>\n<meta property=\"og:title\" content=\"Corte: guilhotina ou laser para a\u00e7o carbono? | West Corte\" \/>\n<meta property=\"og:description\" content=\"Descubra as diferen\u00e7as entre o corte em guilhotina e o corte a laser para a\u00e7o carbono, inox e alum\u00ednio, e saiba qual \u00e9 a melhor op\u00e7\u00e3o para o seu projeto\" \/>\n<meta property=\"og:url\" content=\"https:\/\/www.westcorteedobra.com.br\/blog\/2025\/02\/04\/corte-em-guilhotina-ou-corte-a-laser-qual-a-melhor-opcao-para-aco-carbono\/\" \/>\n<meta property=\"og:site_name\" content=\"Blog West Corte e Dobra\" \/>\n<meta property=\"article:published_time\" content=\"2025-02-04T16:10:18+00:00\" \/>\n<meta property=\"article:modified_time\" content=\"2025-06-18T13:45:13+00:00\" \/>\n<meta property=\"og:image\" content=\"https:\/\/www.westcorteedobra.com.br\/blog\/wp-content\/uploads\/2025\/02\/corte-guilhotina.webp\" \/>\n\t<meta property=\"og:image:width\" content=\"500\" \/>\n\t<meta property=\"og:image:height\" content=\"400\" \/>\n\t<meta property=\"og:image:type\" content=\"image\/webp\" \/>\n<meta name=\"author\" content=\"admin\" \/>\n<meta name=\"twitter:card\" content=\"summary_large_image\" \/>\n<meta name=\"twitter:label1\" content=\"Written by\" \/>\n\t<meta name=\"twitter:data1\" content=\"admin\" \/>\n\t<meta name=\"twitter:label2\" content=\"Est. reading time\" \/>\n\t<meta name=\"twitter:data2\" content=\"6 minutos\" \/>\n<script type=\"application\/ld+json\" class=\"yoast-schema-graph\">{\"@context\":\"https:\/\/schema.org\",\"@graph\":[{\"@type\":\"Article\",\"@id\":\"https:\/\/www.westcorteedobra.com.br\/blog\/2025\/02\/04\/corte-em-guilhotina-ou-corte-a-laser-qual-a-melhor-opcao-para-aco-carbono\/#article\",\"isPartOf\":{\"@id\":\"https:\/\/www.westcorteedobra.com.br\/blog\/2025\/02\/04\/corte-em-guilhotina-ou-corte-a-laser-qual-a-melhor-opcao-para-aco-carbono\/\"},\"author\":{\"name\":\"admin\",\"@id\":\"https:\/\/www.westcorteedobra.com.br\/blog\/#\/schema\/person\/5c41559f9b03b4970e7a15a2bb78ca16\"},\"headline\":\"Corte em guilhotina ou corte a laser: qual a melhor op\u00e7\u00e3o para a\u00e7o carbono?\",\"datePublished\":\"2025-02-04T16:10:18+00:00\",\"dateModified\":\"2025-06-18T13:45:13+00:00\",\"mainEntityOfPage\":{\"@id\":\"https:\/\/www.westcorteedobra.com.br\/blog\/2025\/02\/04\/corte-em-guilhotina-ou-corte-a-laser-qual-a-melhor-opcao-para-aco-carbono\/\"},\"wordCount\":1088,\"commentCount\":0,\"publisher\":{\"@id\":\"https:\/\/www.westcorteedobra.com.br\/blog\/#organization\"},\"image\":{\"@id\":\"https:\/\/www.westcorteedobra.com.br\/blog\/2025\/02\/04\/corte-em-guilhotina-ou-corte-a-laser-qual-a-melhor-opcao-para-aco-carbono\/#primaryimage\"},\"thumbnailUrl\":\"https:\/\/www.westcorteedobra.com.br\/blog\/wp-content\/uploads\/2025\/02\/corte-guilhotina.webp\",\"keywords\":[\"comprar corte a laser\",\"comprar corte em guilhotina\",\"corte a laser em Carapicu\u00edba\",\"corte a laser em osasco\",\"corte a laser em promo\u00e7\u00e3o\",\"corte a laser em s\u00e3o paulo\",\"corte a laser em sp\",\"corte a laser na Vila Jaguara\",\"corte a laser na zona leste\",\"corte a laser na zona norte\",\"corte a laser na zona sul\",\"corte a laser perto de mim\",\"corte a laser pre\u00e7o\",\"corte a laser pr\u00f3ximo a mim\",\"corte em guilhotina em carapicu\u00edba\",\"corte em guilhotina em osasco\",\"corte em guilhotina em promo\u00e7\u00e3o\",\"corte em guilhotina em s\u00e3o paulo\",\"corte em guilhotina em sp\",\"corte em guilhotina na Vila Jaguara\",\"corte em guilhotina na zona leste\",\"corte em guilhotina na zona norte\",\"corte em guilhotina na zona sul\",\"corte em guilhotina perto de mim\",\"corte em guilhotina pre\u00e7o\",\"corte em guilhotina pr\u00f3ximo a mim\",\"empresa de corte a laser\",\"empresa de corte em guilhotina\",\"loja de corte a laser\",\"loja de corte em guilhotina\",\"onde encontrar corte a laser\",\"onde encontrar corte em guilhotina\",\"servi\u00e7o de corte a laser\",\"servi\u00e7o de corte em guilhotina\"],\"articleSection\":[\"Corte a laser\",\"Corte em guilhotina\"],\"inLanguage\":\"pt-BR\",\"potentialAction\":[{\"@type\":\"CommentAction\",\"name\":\"Comment\",\"target\":[\"https:\/\/www.westcorteedobra.com.br\/blog\/2025\/02\/04\/corte-em-guilhotina-ou-corte-a-laser-qual-a-melhor-opcao-para-aco-carbono\/#respond\"]}]},{\"@type\":\"WebPage\",\"@id\":\"https:\/\/www.westcorteedobra.com.br\/blog\/2025\/02\/04\/corte-em-guilhotina-ou-corte-a-laser-qual-a-melhor-opcao-para-aco-carbono\/\",\"url\":\"https:\/\/www.westcorteedobra.com.br\/blog\/2025\/02\/04\/corte-em-guilhotina-ou-corte-a-laser-qual-a-melhor-opcao-para-aco-carbono\/\",\"name\":\"Corte: guilhotina ou laser para a\u00e7o carbono? | West Corte\",\"isPartOf\":{\"@id\":\"https:\/\/www.westcorteedobra.com.br\/blog\/#website\"},\"primaryImageOfPage\":{\"@id\":\"https:\/\/www.westcorteedobra.com.br\/blog\/2025\/02\/04\/corte-em-guilhotina-ou-corte-a-laser-qual-a-melhor-opcao-para-aco-carbono\/#primaryimage\"},\"image\":{\"@id\":\"https:\/\/www.westcorteedobra.com.br\/blog\/2025\/02\/04\/corte-em-guilhotina-ou-corte-a-laser-qual-a-melhor-opcao-para-aco-carbono\/#primaryimage\"},\"thumbnailUrl\":\"https:\/\/www.westcorteedobra.com.br\/blog\/wp-content\/uploads\/2025\/02\/corte-guilhotina.webp\",\"datePublished\":\"2025-02-04T16:10:18+00:00\",\"dateModified\":\"2025-06-18T13:45:13+00:00\",\"description\":\"Descubra as diferen\u00e7as entre o corte em guilhotina e o corte a laser para a\u00e7o carbono, inox e alum\u00ednio, e saiba qual \u00e9 a melhor op\u00e7\u00e3o para o seu projeto\",\"breadcrumb\":{\"@id\":\"https:\/\/www.westcorteedobra.com.br\/blog\/2025\/02\/04\/corte-em-guilhotina-ou-corte-a-laser-qual-a-melhor-opcao-para-aco-carbono\/#breadcrumb\"},\"inLanguage\":\"pt-BR\",\"potentialAction\":[{\"@type\":\"ReadAction\",\"target\":[\"https:\/\/www.westcorteedobra.com.br\/blog\/2025\/02\/04\/corte-em-guilhotina-ou-corte-a-laser-qual-a-melhor-opcao-para-aco-carbono\/\"]}]},{\"@type\":\"ImageObject\",\"inLanguage\":\"pt-BR\",\"@id\":\"https:\/\/www.westcorteedobra.com.br\/blog\/2025\/02\/04\/corte-em-guilhotina-ou-corte-a-laser-qual-a-melhor-opcao-para-aco-carbono\/#primaryimage\",\"url\":\"https:\/\/www.westcorteedobra.com.br\/blog\/wp-content\/uploads\/2025\/02\/corte-guilhotina.webp\",\"contentUrl\":\"https:\/\/www.westcorteedobra.com.br\/blog\/wp-content\/uploads\/2025\/02\/corte-guilhotina.webp\",\"width\":500,\"height\":400,\"caption\":\"Corte em guilhotina ou corte a laser: qual a melhor op\u00e7\u00e3o para a\u00e7o carbono?\"},{\"@type\":\"BreadcrumbList\",\"@id\":\"https:\/\/www.westcorteedobra.com.br\/blog\/2025\/02\/04\/corte-em-guilhotina-ou-corte-a-laser-qual-a-melhor-opcao-para-aco-carbono\/#breadcrumb\",\"itemListElement\":[{\"@type\":\"ListItem\",\"position\":1,\"name\":\"Home\",\"item\":\"https:\/\/www.westcorteedobra.com.br\/blog\/\"},{\"@type\":\"ListItem\",\"position\":2,\"name\":\"Corte em guilhotina ou corte a laser: qual a melhor op\u00e7\u00e3o para a\u00e7o carbono?\"}]},{\"@type\":\"WebSite\",\"@id\":\"https:\/\/www.westcorteedobra.com.br\/blog\/#website\",\"url\":\"https:\/\/www.westcorteedobra.com.br\/blog\/\",\"name\":\"Blog West Corte e Dobra\",\"description\":\"\",\"publisher\":{\"@id\":\"https:\/\/www.westcorteedobra.com.br\/blog\/#organization\"},\"potentialAction\":[{\"@type\":\"SearchAction\",\"target\":{\"@type\":\"EntryPoint\",\"urlTemplate\":\"https:\/\/www.westcorteedobra.com.br\/blog\/?s={search_term_string}\"},\"query-input\":{\"@type\":\"PropertyValueSpecification\",\"valueRequired\":true,\"valueName\":\"search_term_string\"}}],\"inLanguage\":\"pt-BR\"},{\"@type\":\"Organization\",\"@id\":\"https:\/\/www.westcorteedobra.com.br\/blog\/#organization\",\"name\":\"Blog West Corte e Dobra\",\"url\":\"https:\/\/www.westcorteedobra.com.br\/blog\/\",\"logo\":{\"@type\":\"ImageObject\",\"inLanguage\":\"pt-BR\",\"@id\":\"https:\/\/www.westcorteedobra.com.br\/blog\/#\/schema\/logo\/image\/\",\"url\":\"https:\/\/www.westcorteedobra.com.br\/blog\/wp-content\/uploads\/2024\/10\/logo-2.webp\",\"contentUrl\":\"https:\/\/www.westcorteedobra.com.br\/blog\/wp-content\/uploads\/2024\/10\/logo-2.webp\",\"width\":1200,\"height\":280,\"caption\":\"Blog West Corte e Dobra\"},\"image\":{\"@id\":\"https:\/\/www.westcorteedobra.com.br\/blog\/#\/schema\/logo\/image\/\"}},{\"@type\":\"Person\",\"@id\":\"https:\/\/www.westcorteedobra.com.br\/blog\/#\/schema\/person\/5c41559f9b03b4970e7a15a2bb78ca16\",\"name\":\"admin\",\"image\":{\"@type\":\"ImageObject\",\"inLanguage\":\"pt-BR\",\"@id\":\"https:\/\/www.westcorteedobra.com.br\/blog\/#\/schema\/person\/image\/\",\"url\":\"https:\/\/secure.gravatar.com\/avatar\/4f64c9f81bb0d4ee969aaf7b4a5a6f40?s=96&d=mm&r=g\",\"contentUrl\":\"https:\/\/secure.gravatar.com\/avatar\/4f64c9f81bb0d4ee969aaf7b4a5a6f40?s=96&d=mm&r=g\",\"caption\":\"admin\"},\"sameAs\":[\"https:\/\/www.westcorteedobra.com.br\/blog\"],\"url\":\"https:\/\/www.westcorteedobra.com.br\/blog\/author\/admin\/\"}]}<\/script>\n<!-- \/ Yoast SEO plugin. -->","yoast_head_json":{"title":"Corte: guilhotina ou laser para a\u00e7o carbono? | West Corte","description":"Descubra as diferen\u00e7as entre o corte em guilhotina e o corte a laser para a\u00e7o carbono, inox e alum\u00ednio, e saiba qual \u00e9 a melhor op\u00e7\u00e3o para o seu projeto","robots":{"index":"index","follow":"follow","max-snippet":"max-snippet:-1","max-image-preview":"max-image-preview:large","max-video-preview":"max-video-preview:-1"},"canonical":"https:\/\/www.westcorteedobra.com.br\/blog\/2025\/02\/04\/corte-em-guilhotina-ou-corte-a-laser-qual-a-melhor-opcao-para-aco-carbono\/","og_locale":"pt_BR","og_type":"article","og_title":"Corte: guilhotina ou laser para a\u00e7o carbono? | West Corte","og_description":"Descubra as diferen\u00e7as entre o corte em guilhotina e o corte a laser para a\u00e7o carbono, inox e alum\u00ednio, e saiba qual \u00e9 a melhor op\u00e7\u00e3o para o seu projeto","og_url":"https:\/\/www.westcorteedobra.com.br\/blog\/2025\/02\/04\/corte-em-guilhotina-ou-corte-a-laser-qual-a-melhor-opcao-para-aco-carbono\/","og_site_name":"Blog West Corte e Dobra","article_published_time":"2025-02-04T16:10:18+00:00","article_modified_time":"2025-06-18T13:45:13+00:00","og_image":[{"width":500,"height":400,"url":"https:\/\/www.westcorteedobra.com.br\/blog\/wp-content\/uploads\/2025\/02\/corte-guilhotina.webp","type":"image\/webp"}],"author":"admin","twitter_card":"summary_large_image","twitter_misc":{"Written by":"admin","Est. reading time":"6 minutos"},"schema":{"@context":"https:\/\/schema.org","@graph":[{"@type":"Article","@id":"https:\/\/www.westcorteedobra.com.br\/blog\/2025\/02\/04\/corte-em-guilhotina-ou-corte-a-laser-qual-a-melhor-opcao-para-aco-carbono\/#article","isPartOf":{"@id":"https:\/\/www.westcorteedobra.com.br\/blog\/2025\/02\/04\/corte-em-guilhotina-ou-corte-a-laser-qual-a-melhor-opcao-para-aco-carbono\/"},"author":{"name":"admin","@id":"https:\/\/www.westcorteedobra.com.br\/blog\/#\/schema\/person\/5c41559f9b03b4970e7a15a2bb78ca16"},"headline":"Corte em guilhotina ou corte a laser: qual a melhor op\u00e7\u00e3o para a\u00e7o carbono?","datePublished":"2025-02-04T16:10:18+00:00","dateModified":"2025-06-18T13:45:13+00:00","mainEntityOfPage":{"@id":"https:\/\/www.westcorteedobra.com.br\/blog\/2025\/02\/04\/corte-em-guilhotina-ou-corte-a-laser-qual-a-melhor-opcao-para-aco-carbono\/"},"wordCount":1088,"commentCount":0,"publisher":{"@id":"https:\/\/www.westcorteedobra.com.br\/blog\/#organization"},"image":{"@id":"https:\/\/www.westcorteedobra.com.br\/blog\/2025\/02\/04\/corte-em-guilhotina-ou-corte-a-laser-qual-a-melhor-opcao-para-aco-carbono\/#primaryimage"},"thumbnailUrl":"https:\/\/www.westcorteedobra.com.br\/blog\/wp-content\/uploads\/2025\/02\/corte-guilhotina.webp","keywords":["comprar corte a laser","comprar corte em guilhotina","corte a laser em Carapicu\u00edba","corte a laser em osasco","corte a laser em promo\u00e7\u00e3o","corte a laser em s\u00e3o paulo","corte a laser em sp","corte a laser na Vila Jaguara","corte a laser na zona leste","corte a laser na zona norte","corte a laser na zona sul","corte a laser perto de mim","corte a laser pre\u00e7o","corte a laser pr\u00f3ximo a mim","corte em guilhotina em carapicu\u00edba","corte em guilhotina em osasco","corte em guilhotina em promo\u00e7\u00e3o","corte em guilhotina em s\u00e3o paulo","corte em guilhotina em sp","corte em guilhotina na Vila Jaguara","corte em guilhotina na zona leste","corte em guilhotina na zona norte","corte em guilhotina na zona sul","corte em guilhotina perto de mim","corte em guilhotina pre\u00e7o","corte em guilhotina pr\u00f3ximo a mim","empresa de corte a laser","empresa de corte em guilhotina","loja de corte a laser","loja de corte em guilhotina","onde encontrar corte a laser","onde encontrar corte em guilhotina","servi\u00e7o de corte a laser","servi\u00e7o de corte em guilhotina"],"articleSection":["Corte a laser","Corte em guilhotina"],"inLanguage":"pt-BR","potentialAction":[{"@type":"CommentAction","name":"Comment","target":["https:\/\/www.westcorteedobra.com.br\/blog\/2025\/02\/04\/corte-em-guilhotina-ou-corte-a-laser-qual-a-melhor-opcao-para-aco-carbono\/#respond"]}]},{"@type":"WebPage","@id":"https:\/\/www.westcorteedobra.com.br\/blog\/2025\/02\/04\/corte-em-guilhotina-ou-corte-a-laser-qual-a-melhor-opcao-para-aco-carbono\/","url":"https:\/\/www.westcorteedobra.com.br\/blog\/2025\/02\/04\/corte-em-guilhotina-ou-corte-a-laser-qual-a-melhor-opcao-para-aco-carbono\/","name":"Corte: guilhotina ou laser para a\u00e7o carbono? | West Corte","isPartOf":{"@id":"https:\/\/www.westcorteedobra.com.br\/blog\/#website"},"primaryImageOfPage":{"@id":"https:\/\/www.westcorteedobra.com.br\/blog\/2025\/02\/04\/corte-em-guilhotina-ou-corte-a-laser-qual-a-melhor-opcao-para-aco-carbono\/#primaryimage"},"image":{"@id":"https:\/\/www.westcorteedobra.com.br\/blog\/2025\/02\/04\/corte-em-guilhotina-ou-corte-a-laser-qual-a-melhor-opcao-para-aco-carbono\/#primaryimage"},"thumbnailUrl":"https:\/\/www.westcorteedobra.com.br\/blog\/wp-content\/uploads\/2025\/02\/corte-guilhotina.webp","datePublished":"2025-02-04T16:10:18+00:00","dateModified":"2025-06-18T13:45:13+00:00","description":"Descubra as diferen\u00e7as entre o corte em guilhotina e o corte a laser para a\u00e7o carbono, inox e alum\u00ednio, e saiba qual \u00e9 a melhor op\u00e7\u00e3o para o seu projeto","breadcrumb":{"@id":"https:\/\/www.westcorteedobra.com.br\/blog\/2025\/02\/04\/corte-em-guilhotina-ou-corte-a-laser-qual-a-melhor-opcao-para-aco-carbono\/#breadcrumb"},"inLanguage":"pt-BR","potentialAction":[{"@type":"ReadAction","target":["https:\/\/www.westcorteedobra.com.br\/blog\/2025\/02\/04\/corte-em-guilhotina-ou-corte-a-laser-qual-a-melhor-opcao-para-aco-carbono\/"]}]},{"@type":"ImageObject","inLanguage":"pt-BR","@id":"https:\/\/www.westcorteedobra.com.br\/blog\/2025\/02\/04\/corte-em-guilhotina-ou-corte-a-laser-qual-a-melhor-opcao-para-aco-carbono\/#primaryimage","url":"https:\/\/www.westcorteedobra.com.br\/blog\/wp-content\/uploads\/2025\/02\/corte-guilhotina.webp","contentUrl":"https:\/\/www.westcorteedobra.com.br\/blog\/wp-content\/uploads\/2025\/02\/corte-guilhotina.webp","width":500,"height":400,"caption":"Corte em guilhotina ou corte a laser: qual a melhor op\u00e7\u00e3o para a\u00e7o carbono?"},{"@type":"BreadcrumbList","@id":"https:\/\/www.westcorteedobra.com.br\/blog\/2025\/02\/04\/corte-em-guilhotina-ou-corte-a-laser-qual-a-melhor-opcao-para-aco-carbono\/#breadcrumb","itemListElement":[{"@type":"ListItem","position":1,"name":"Home","item":"https:\/\/www.westcorteedobra.com.br\/blog\/"},{"@type":"ListItem","position":2,"name":"Corte em guilhotina ou corte a laser: qual a melhor op\u00e7\u00e3o para a\u00e7o carbono?"}]},{"@type":"WebSite","@id":"https:\/\/www.westcorteedobra.com.br\/blog\/#website","url":"https:\/\/www.westcorteedobra.com.br\/blog\/","name":"Blog West Corte e Dobra","description":"","publisher":{"@id":"https:\/\/www.westcorteedobra.com.br\/blog\/#organization"},"potentialAction":[{"@type":"SearchAction","target":{"@type":"EntryPoint","urlTemplate":"https:\/\/www.westcorteedobra.com.br\/blog\/?s={search_term_string}"},"query-input":{"@type":"PropertyValueSpecification","valueRequired":true,"valueName":"search_term_string"}}],"inLanguage":"pt-BR"},{"@type":"Organization","@id":"https:\/\/www.westcorteedobra.com.br\/blog\/#organization","name":"Blog West Corte e Dobra","url":"https:\/\/www.westcorteedobra.com.br\/blog\/","logo":{"@type":"ImageObject","inLanguage":"pt-BR","@id":"https:\/\/www.westcorteedobra.com.br\/blog\/#\/schema\/logo\/image\/","url":"https:\/\/www.westcorteedobra.com.br\/blog\/wp-content\/uploads\/2024\/10\/logo-2.webp","contentUrl":"https:\/\/www.westcorteedobra.com.br\/blog\/wp-content\/uploads\/2024\/10\/logo-2.webp","width":1200,"height":280,"caption":"Blog West Corte e Dobra"},"image":{"@id":"https:\/\/www.westcorteedobra.com.br\/blog\/#\/schema\/logo\/image\/"}},{"@type":"Person","@id":"https:\/\/www.westcorteedobra.com.br\/blog\/#\/schema\/person\/5c41559f9b03b4970e7a15a2bb78ca16","name":"admin","image":{"@type":"ImageObject","inLanguage":"pt-BR","@id":"https:\/\/www.westcorteedobra.com.br\/blog\/#\/schema\/person\/image\/","url":"https:\/\/secure.gravatar.com\/avatar\/4f64c9f81bb0d4ee969aaf7b4a5a6f40?s=96&d=mm&r=g","contentUrl":"https:\/\/secure.gravatar.com\/avatar\/4f64c9f81bb0d4ee969aaf7b4a5a6f40?s=96&d=mm&r=g","caption":"admin"},"sameAs":["https:\/\/www.westcorteedobra.com.br\/blog"],"url":"https:\/\/www.westcorteedobra.com.br\/blog\/author\/admin\/"}]}},"_links":{"self":[{"href":"https:\/\/www.westcorteedobra.com.br\/blog\/wp-json\/wp\/v2\/posts\/192"}],"collection":[{"href":"https:\/\/www.westcorteedobra.com.br\/blog\/wp-json\/wp\/v2\/posts"}],"about":[{"href":"https:\/\/www.westcorteedobra.com.br\/blog\/wp-json\/wp\/v2\/types\/post"}],"author":[{"embeddable":true,"href":"https:\/\/www.westcorteedobra.com.br\/blog\/wp-json\/wp\/v2\/users\/1"}],"replies":[{"embeddable":true,"href":"https:\/\/www.westcorteedobra.com.br\/blog\/wp-json\/wp\/v2\/comments?post=192"}],"version-history":[{"count":2,"href":"https:\/\/www.westcorteedobra.com.br\/blog\/wp-json\/wp\/v2\/posts\/192\/revisions"}],"predecessor-version":[{"id":198,"href":"https:\/\/www.westcorteedobra.com.br\/blog\/wp-json\/wp\/v2\/posts\/192\/revisions\/198"}],"wp:featuredmedia":[{"embeddable":true,"href":"https:\/\/www.westcorteedobra.com.br\/blog\/wp-json\/wp\/v2\/media\/193"}],"wp:attachment":[{"href":"https:\/\/www.westcorteedobra.com.br\/blog\/wp-json\/wp\/v2\/media?parent=192"}],"wp:term":[{"taxonomy":"category","embeddable":true,"href":"https:\/\/www.westcorteedobra.com.br\/blog\/wp-json\/wp\/v2\/categories?post=192"},{"taxonomy":"post_tag","embeddable":true,"href":"https:\/\/www.westcorteedobra.com.br\/blog\/wp-json\/wp\/v2\/tags?post=192"}],"curies":[{"name":"wp","href":"https:\/\/api.w.org\/{rel}","templated":true}]}}