{"id":149,"date":"2025-01-15T14:49:07","date_gmt":"2025-01-15T17:49:07","guid":{"rendered":"https:\/\/www.westcorteedobra.com.br\/blog\/?p=149"},"modified":"2025-06-18T11:26:45","modified_gmt":"2025-06-18T14:26:45","slug":"corte-a-laser-em-aco-carbono-invista-em-qualidade-e-durabilidade-na-producao-de-pecas","status":"publish","type":"post","link":"https:\/\/www.westcorteedobra.com.br\/blog\/2025\/01\/15\/corte-a-laser-em-aco-carbono-invista-em-qualidade-e-durabilidade-na-producao-de-pecas\/","title":{"rendered":"Corte a laser em a\u00e7o carbono: invista em qualidade e durabilidade na produ\u00e7\u00e3o de pe\u00e7as"},"content":{"rendered":"\n<p><strong><em>Descubra como o corte a laser em a\u00e7o carbono pode transformar a produ\u00e7\u00e3o de pe\u00e7as com precis\u00e3o, qualidade e durabilidade excepcionais.<\/em><\/strong><\/p>\n\n\n\n<p>O a\u00e7o carbono \u00e9 um dos materiais mais utilizados em diversos setores industriais devido \u00e0 sua resist\u00eancia, durabilidade e versatilidade. Por\u00e9m, trabalhar com este material exige m\u00e9todos eficientes para manter suas propriedades intactas.<\/p>\n\n\n\n<p>Nesse contexto, o corte a laser em a\u00e7o carbono se destaca como uma solu\u00e7\u00e3o moderna e precisa. Esta tecnologia permite a fabrica\u00e7\u00e3o de pe\u00e7as com bordas impec\u00e1veis, garantindo alta qualidade em processos industriais.<\/p>\n\n\n\n<p>Se voc\u00ea busca uma forma eficiente de otimizar a produ\u00e7\u00e3o, invista no corte a laser em a\u00e7o carbono, uma t\u00e9cnica que une precis\u00e3o e produtividade para atender \u00e0s demandas mais exigentes do mercado.<\/p>\n\n\n\n<p><a href=\"https:\/\/www.westcorteedobra.com.br\/blog\/2025\/01\/15\/corte-de-chapas-de-aco-5-razoes-para-trocar-sua-tecnica-pelo-plasma-agora\/\">Corte de chapas de a\u00e7o: 5 raz\u00f5es para trocar sua t\u00e9cnica pelo plasma agora<\/a><\/p>\n\n\n\n<h2 class=\"wp-block-heading\"><strong>O que \u00e9 o corte a laser em a\u00e7o carbono?<\/strong><\/h2>\n\n\n\n<p>O corte a laser \u00e9 uma t\u00e9cnica avan\u00e7ada que utiliza <strong>feixes de luz concentrada<\/strong> para realizar cortes em materiais com alta precis\u00e3o.&nbsp;<\/p>\n\n\n\n<p>Quando aplicado ao a\u00e7o carbono, o processo \u00e9 realizado de forma a garantir cortes exatos, bordas lisas e sem deforma\u00e7\u00f5es, mesmo em chapas espessas.<\/p>\n\n\n\n<p>Esse m\u00e9todo \u00e9 altamente control\u00e1vel, permitindo ajustes milim\u00e9tricos para atender a designs complexos. Assim, o <strong>corte a laser<\/strong> n\u00e3o apenas otimiza o tempo de produ\u00e7\u00e3o, mas tamb\u00e9m reduz desperd\u00edcios de material.<\/p>\n\n\n\n<h2 class=\"wp-block-heading\"><strong>Benef\u00edcios do corte a laser em a\u00e7o carbono<\/strong><\/h2>\n\n\n\n<h4 class=\"wp-block-heading\"><strong>1. Alta precis\u00e3o<\/strong><\/h4>\n\n\n\n<p>Um dos grandes diferenciais do corte a laser \u00e9 a capacidade de realizar cortes detalhados e sem falhas. A tecnologia permite trabalhar em escalas menores e garantir que cada pe\u00e7a seja fabricada exatamente conforme o projeto.<\/p>\n\n\n\n<h4 class=\"wp-block-heading\"><strong>2. Versatilidade no design<\/strong><\/h4>\n\n\n\n<p>Com o corte a laser, \u00e9 poss\u00edvel criar pe\u00e7as com designs complexos, atendendo a demandas espec\u00edficas de diferentes setores industriais. Isso \u00e9 essencial para projetos que requerem personaliza\u00e7\u00e3o e acabamentos diferenciados.<\/p>\n\n\n\n<h4 class=\"wp-block-heading\"><strong>3. Redu\u00e7\u00e3o de desperd\u00edcios<\/strong><\/h4>\n\n\n\n<p>O a\u00e7o carbono \u00e9 um material valioso, e minimizar desperd\u00edcios \u00e9 fundamental. O corte a laser \u00e9 uma t\u00e9cnica que maximiza o aproveitamento da mat\u00e9ria-prima, gerando economia e sustentabilidade.<\/p>\n\n\n\n<h4 class=\"wp-block-heading\"><strong>4. Agilidade e efici\u00eancia<\/strong><\/h4>\n\n\n\n<p>Comparado a m\u00e9todos tradicionais, o corte a laser oferece velocidade e efici\u00eancia superiores. Isso significa maior produtividade em menos tempo, sem comprometer a qualidade das pe\u00e7as.<\/p>\n\n\n\n<h4 class=\"wp-block-heading\"><strong>5. Acabamento impec\u00e1vel<\/strong><\/h4>\n\n\n\n<p>Com bordas lisas e sem rebarbas, as pe\u00e7as cortadas a laser dispensam etapas adicionais de polimento, otimizando ainda mais o processo de fabrica\u00e7\u00e3o.<\/p>\n\n\n\n<h2 class=\"wp-block-heading\"><strong>Aplica\u00e7\u00f5es do corte a laser em a\u00e7o carbono<\/strong><\/h2>\n\n\n\n<p>O a\u00e7o carbono \u00e9 amplamente utilizado na fabrica\u00e7\u00e3o de componentes estruturais, pe\u00e7as automotivas, maquin\u00e1rios industriais e projetos arquitet\u00f4nicos. Com o corte a laser, esses setores podem garantir maior precis\u00e3o e acabamento em:<\/p>\n\n\n\n<ul class=\"wp-block-list\">\n<li>Chapas para constru\u00e7\u00e3o civil;<\/li>\n\n\n\n<li>Estruturas met\u00e1licas;<\/li>\n\n\n\n<li>Pe\u00e7as automotivas complexas;<\/li>\n\n\n\n<li>Equipamentos industriais personalizados;<\/li>\n\n\n\n<li>Itens decorativos.<\/li>\n<\/ul>\n\n\n\n<p>A versatilidade do a\u00e7o carbono combinada com a precis\u00e3o do corte a laser torna essa t\u00e9cnica indispens\u00e1vel para produ\u00e7\u00f5es de alta qualidade.<\/p>\n\n\n\n<h2 class=\"wp-block-heading\"><strong>Como o corte a laser eleva a qualidade da sua produ\u00e7\u00e3o?<\/strong><\/h2>\n\n\n\n<p>O corte a laser eleva a qualidade da produ\u00e7\u00e3o ao incorporar tecnologia avan\u00e7ada e precis\u00e3o nos processos industriais.&nbsp;<\/p>\n\n\n<div class=\"wp-block-image\">\n<figure class=\"alignright size-full is-resized\"><img loading=\"lazy\" decoding=\"async\" width=\"500\" height=\"400\" src=\"https:\/\/www.westcorteedobra.com.br\/blog\/wp-content\/uploads\/2024\/12\/corte-a-laser-1.jpg\" alt=\"\" class=\"wp-image-124\" style=\"width:272px;height:auto\" srcset=\"https:\/\/www.westcorteedobra.com.br\/blog\/wp-content\/uploads\/2024\/12\/corte-a-laser-1.jpg 500w, https:\/\/www.westcorteedobra.com.br\/blog\/wp-content\/uploads\/2024\/12\/corte-a-laser-1-300x240.jpg 300w\" sizes=\"(max-width: 500px) 100vw, 500px\" \/><\/figure><\/div>\n\n\n<p>As m\u00e1quinas modernas garantem<strong> cortes consistentes e alta qualidade<\/strong>, mesmo em grandes volumes, mantendo padr\u00f5es rigorosos em produ\u00e7\u00f5es de diferentes escalas.<\/p>\n\n\n\n<p>Essa precis\u00e3o <strong>reduz falhas estruturais e imperfei\u00e7\u00f5es<\/strong>, entregando produtos finais mais resistentes e dur\u00e1veis. No caso do a\u00e7o carbono, o m\u00e9todo preserva as propriedades do material, garantindo pe\u00e7as que atendem \u00e0s maiores exig\u00eancias.<\/p>\n\n\n\n<p>Al\u00e9m disso, o corte a laser f<strong>acilita a produ\u00e7\u00e3o dentro das normas t\u00e9cnicas<\/strong>, assegurando confiabilidade e seguran\u00e7a nos produtos. Isso melhora a reputa\u00e7\u00e3o da empresa e reduz custos com retrabalho e desperd\u00edcios, tornando-se uma solu\u00e7\u00e3o essencial para excel\u00eancia na fabrica\u00e7\u00e3o.<\/p>\n\n\n\n<h2 class=\"wp-block-heading\"><strong>Por que escolher a West Corte e Dobra?<\/strong><\/h2>\n\n\n\n<p>A West Corte e Dobra se destaca como uma refer\u00eancia no mercado de corte a laser em a\u00e7o carbono. A empresa alia tecnologia de ponta a uma equipe altamente capacitada para atender demandas de diferentes segmentos.<\/p>\n\n\n\n<p>Com equipamentos modernos, a West Corte e Dobra oferece servi\u00e7os que garantem:<\/p>\n\n\n\n<ul class=\"wp-block-list\">\n<li><strong>Precis\u00e3o m\u00e1xima<\/strong> em cada corte;<\/li>\n\n\n\n<li><strong>Entrega r\u00e1pida e eficiente<\/strong>;<\/li>\n\n\n\n<li><strong>Atendimento personalizado<\/strong>, adaptado \u00e0s suas necessidades.<\/li>\n<\/ul>\n\n\n\n<p><a href=\"https:\/\/www.westcorteedobra.com.br\/blog\/2025\/01\/15\/por-que-o-corte-em-guilhotina-e-a-melhor-opcao-para-aco-carbono\/\">Por que o corte em guilhotina \u00e9 a melhor op\u00e7\u00e3o para a\u00e7o carbono?<\/a><\/p>\n\n\n\n<h2 class=\"wp-block-heading\"><strong>Aposte no corte a laser em a\u00e7o carbono da West Corte e Dobra<\/strong><\/h2>\n\n\n\n<p>Seja para produ\u00e7\u00e3o em larga escala ou projetos personalizados, o corte a laser em a\u00e7o carbono oferecido pela West Corte e Dobra \u00e9 a solu\u00e7\u00e3o ideal para garantir qualidade, efici\u00eancia e durabilidade.<\/p>\n\n\n\n<p><a href=\"https:\/\/www.westcorteedobra.com.br\/\">Entre em contato<\/a> com a equipe da West Corte e Dobra e descubra como essa tecnologia pode transformar o seu processo produtivo.\u00a0<\/p>\n","protected":false},"excerpt":{"rendered":"<p>Descubra como o corte a laser em a\u00e7o carbono pode transformar a produ\u00e7\u00e3o de pe\u00e7as com precis\u00e3o, qualidade e durabilidade excepcionais. O a\u00e7o carbono \u00e9 um dos materiais mais utilizados em diversos setores industriais devido \u00e0 sua resist\u00eancia, durabilidade e versatilidade. Por\u00e9m, trabalhar com este material exige m\u00e9todos eficientes para manter suas propriedades intactas. Nesse &hellip; <\/p>\n","protected":false},"author":1,"featured_media":123,"comment_status":"open","ping_status":"open","sticky":false,"template":"","format":"standard","meta":{"footnotes":""},"categories":[102],"tags":[1168,269,1163,783,1161,104,1151,1150,1158,1155,1152,1149,1148,1156,1157,1153,1147,1154,1162,1167,1145,1166,1141,1169,1142,1160,1143,1144,1146,1164,1159,270,1165,1170,287,114,110],"class_list":["post-149","post","type-post","status-publish","format-standard","has-post-thumbnail","hentry","category-corte-a-laser","tag-acabamentos-no-aco-carbono","tag-beneficios-do-corte-a-laser","tag-bordas-lisas-com-corte-a-laser","tag-chapas-de-aco-carbono","tag-corte-a-laser-de-alta-precisao","tag-corte-a-laser-em-aco-carbono","tag-corte-a-laser-em-aco-carbono-em-alphaville","tag-corte-a-laser-em-aco-carbono-em-barueri","tag-corte-a-laser-em-aco-carbono-em-itapevi","tag-corte-a-laser-em-aco-carbono-em-osasco","tag-corte-a-laser-em-aco-carbono-em-promocao","tag-corte-a-laser-em-aco-carbono-em-sao-paulo","tag-corte-a-laser-em-aco-carbono-em-sp","tag-corte-a-laser-em-aco-carbono-na-lapa","tag-corte-a-laser-em-aco-carbono-na-zona-oeste","tag-corte-a-laser-em-aco-carbono-perto-de-mim","tag-corte-a-laser-em-aco-carbono-preco","tag-corte-a-laser-em-aco-carbono-proximo-a-mim","tag-corte-industrial-em-aco-carbono","tag-corte-para-pecas-automotivas","tag-distribuidor-de-corte-a-laser-em-aco-carbono","tag-eficiencia-na-producao-de-pecas","tag-empresa-de-corte-a-laser-em-aco-carbono","tag-equipamentos-industriais-em-aco-carbono","tag-fabrica-de-corte-a-laser-em-aco-carbono","tag-fabricacao-de-pecas-em-aco-carbono","tag-fabricante-de-corte-a-laser-em-aco-carbono","tag-fornecedor-de-corte-a-laser-em-aco-carbono","tag-loja-de-corte-a-laser-em-aco-carbono","tag-personalizacao-no-corte-a-laser","tag-precisao-em-corte-de-aco-carbono","tag-qualidade-no-corte-a-laser","tag-reducao-de-desperdicios-com-corte-a-laser","tag-servicos-da-west-corte-e-dobra","tag-sustentabilidade-no-corte-a-laser","tag-tecnologia-de-corte-a-laser","tag-west-corte-e-dobra","latest_post"],"yoast_head":"<!-- This site is optimized with the Yoast SEO plugin v25.2 - https:\/\/yoast.com\/wordpress\/plugins\/seo\/ -->\n<title>Corte a laser em a\u00e7o carbono: mais durabilidade | West Corte<\/title>\n<meta name=\"description\" content=\"Descubra como o corte a laser em a\u00e7o carbono pode transformar a produ\u00e7\u00e3o de pe\u00e7as com precis\u00e3o, qualidade e durabilidade excepcionais.\" \/>\n<meta name=\"robots\" content=\"index, follow, max-snippet:-1, max-image-preview:large, max-video-preview:-1\" \/>\n<link rel=\"canonical\" href=\"https:\/\/www.westcorteedobra.com.br\/blog\/2025\/01\/15\/corte-a-laser-em-aco-carbono-invista-em-qualidade-e-durabilidade-na-producao-de-pecas\/\" \/>\n<meta property=\"og:locale\" content=\"pt_BR\" \/>\n<meta property=\"og:type\" content=\"article\" \/>\n<meta property=\"og:title\" content=\"Corte a laser em a\u00e7o carbono: mais durabilidade | West Corte\" \/>\n<meta property=\"og:description\" content=\"Descubra como o corte a laser em a\u00e7o carbono pode transformar a produ\u00e7\u00e3o de pe\u00e7as com precis\u00e3o, qualidade e durabilidade excepcionais.\" \/>\n<meta property=\"og:url\" content=\"https:\/\/www.westcorteedobra.com.br\/blog\/2025\/01\/15\/corte-a-laser-em-aco-carbono-invista-em-qualidade-e-durabilidade-na-producao-de-pecas\/\" \/>\n<meta property=\"og:site_name\" content=\"Blog West Corte e Dobra\" \/>\n<meta property=\"article:published_time\" content=\"2025-01-15T17:49:07+00:00\" \/>\n<meta property=\"article:modified_time\" content=\"2025-06-18T14:26:45+00:00\" \/>\n<meta property=\"og:image\" content=\"https:\/\/www.westcorteedobra.com.br\/blog\/wp-content\/uploads\/2024\/12\/60300.jpg\" \/>\n\t<meta property=\"og:image:width\" content=\"1000\" \/>\n\t<meta property=\"og:image:height\" content=\"667\" \/>\n\t<meta property=\"og:image:type\" content=\"image\/jpeg\" \/>\n<meta name=\"author\" content=\"admin\" \/>\n<meta name=\"twitter:card\" content=\"summary_large_image\" \/>\n<meta name=\"twitter:label1\" content=\"Written by\" \/>\n\t<meta name=\"twitter:data1\" content=\"admin\" \/>\n\t<meta name=\"twitter:label2\" content=\"Est. reading time\" \/>\n\t<meta name=\"twitter:data2\" content=\"5 minutos\" \/>\n<script type=\"application\/ld+json\" class=\"yoast-schema-graph\">{\"@context\":\"https:\/\/schema.org\",\"@graph\":[{\"@type\":\"Article\",\"@id\":\"https:\/\/www.westcorteedobra.com.br\/blog\/2025\/01\/15\/corte-a-laser-em-aco-carbono-invista-em-qualidade-e-durabilidade-na-producao-de-pecas\/#article\",\"isPartOf\":{\"@id\":\"https:\/\/www.westcorteedobra.com.br\/blog\/2025\/01\/15\/corte-a-laser-em-aco-carbono-invista-em-qualidade-e-durabilidade-na-producao-de-pecas\/\"},\"author\":{\"name\":\"admin\",\"@id\":\"https:\/\/www.westcorteedobra.com.br\/blog\/#\/schema\/person\/5c41559f9b03b4970e7a15a2bb78ca16\"},\"headline\":\"Corte a laser em a\u00e7o carbono: invista em qualidade e durabilidade na produ\u00e7\u00e3o de pe\u00e7as\",\"datePublished\":\"2025-01-15T17:49:07+00:00\",\"dateModified\":\"2025-06-18T14:26:45+00:00\",\"mainEntityOfPage\":{\"@id\":\"https:\/\/www.westcorteedobra.com.br\/blog\/2025\/01\/15\/corte-a-laser-em-aco-carbono-invista-em-qualidade-e-durabilidade-na-producao-de-pecas\/\"},\"wordCount\":847,\"commentCount\":0,\"publisher\":{\"@id\":\"https:\/\/www.westcorteedobra.com.br\/blog\/#organization\"},\"image\":{\"@id\":\"https:\/\/www.westcorteedobra.com.br\/blog\/2025\/01\/15\/corte-a-laser-em-aco-carbono-invista-em-qualidade-e-durabilidade-na-producao-de-pecas\/#primaryimage\"},\"thumbnailUrl\":\"https:\/\/www.westcorteedobra.com.br\/blog\/wp-content\/uploads\/2024\/12\/60300.jpg\",\"keywords\":[\"acabamentos no a\u00e7o carbono\",\"benef\u00edcios do corte a laser\",\"bordas lisas com corte a laser\",\"chapas de a\u00e7o carbono\",\"corte a laser de alta precis\u00e3o\",\"corte a laser em a\u00e7o carbono\",\"corte a laser em a\u00e7o carbono em Alphaville\",\"corte a laser em a\u00e7o carbono em Barueri\",\"corte a laser em a\u00e7o carbono em Itapevi\",\"corte a laser em a\u00e7o carbono em Osasco\",\"corte a laser em a\u00e7o carbono em promo\u00e7\u00e3o\",\"corte a laser em a\u00e7o carbono em s\u00e3o paulo\",\"corte a laser em a\u00e7o carbono em sp\",\"corte a laser em a\u00e7o carbono na Lapa\",\"corte a laser em a\u00e7o carbono na zona oeste\",\"corte a laser em a\u00e7o carbono perto de mim\",\"corte a laser em a\u00e7o carbono pre\u00e7o\",\"corte a laser em a\u00e7o carbono pr\u00f3ximo a mim\",\"corte industrial em a\u00e7o carbono\",\"corte para pe\u00e7as automotivas\",\"distribuidor de corte a laser em a\u00e7o carbono\",\"efici\u00eancia na produ\u00e7\u00e3o de pe\u00e7as\",\"empresa de corte a laser em a\u00e7o carbono\",\"equipamentos industriais em a\u00e7o carbono\",\"f\u00e1brica de corte a laser em a\u00e7o carbono\",\"fabrica\u00e7\u00e3o de pe\u00e7as em a\u00e7o carbono\",\"fabricante de corte a laser em a\u00e7o carbono\",\"fornecedor de corte a laser em a\u00e7o carbono\",\"loja de corte a laser em a\u00e7o carbono\",\"personaliza\u00e7\u00e3o no corte a laser\",\"precis\u00e3o em corte de a\u00e7o carbono\",\"qualidade no corte a laser\",\"redu\u00e7\u00e3o de desperd\u00edcios com corte a laser\",\"servi\u00e7os da West Corte e Dobra\",\"sustentabilidade no corte a laser\",\"tecnologia de corte a laser\",\"West Corte e Dobra\"],\"articleSection\":[\"Corte a laser\"],\"inLanguage\":\"pt-BR\",\"potentialAction\":[{\"@type\":\"CommentAction\",\"name\":\"Comment\",\"target\":[\"https:\/\/www.westcorteedobra.com.br\/blog\/2025\/01\/15\/corte-a-laser-em-aco-carbono-invista-em-qualidade-e-durabilidade-na-producao-de-pecas\/#respond\"]}]},{\"@type\":\"WebPage\",\"@id\":\"https:\/\/www.westcorteedobra.com.br\/blog\/2025\/01\/15\/corte-a-laser-em-aco-carbono-invista-em-qualidade-e-durabilidade-na-producao-de-pecas\/\",\"url\":\"https:\/\/www.westcorteedobra.com.br\/blog\/2025\/01\/15\/corte-a-laser-em-aco-carbono-invista-em-qualidade-e-durabilidade-na-producao-de-pecas\/\",\"name\":\"Corte a laser em a\u00e7o carbono: mais durabilidade | West Corte\",\"isPartOf\":{\"@id\":\"https:\/\/www.westcorteedobra.com.br\/blog\/#website\"},\"primaryImageOfPage\":{\"@id\":\"https:\/\/www.westcorteedobra.com.br\/blog\/2025\/01\/15\/corte-a-laser-em-aco-carbono-invista-em-qualidade-e-durabilidade-na-producao-de-pecas\/#primaryimage\"},\"image\":{\"@id\":\"https:\/\/www.westcorteedobra.com.br\/blog\/2025\/01\/15\/corte-a-laser-em-aco-carbono-invista-em-qualidade-e-durabilidade-na-producao-de-pecas\/#primaryimage\"},\"thumbnailUrl\":\"https:\/\/www.westcorteedobra.com.br\/blog\/wp-content\/uploads\/2024\/12\/60300.jpg\",\"datePublished\":\"2025-01-15T17:49:07+00:00\",\"dateModified\":\"2025-06-18T14:26:45+00:00\",\"description\":\"Descubra como o corte a laser em a\u00e7o carbono pode transformar a produ\u00e7\u00e3o de pe\u00e7as com precis\u00e3o, qualidade e durabilidade excepcionais.\",\"breadcrumb\":{\"@id\":\"https:\/\/www.westcorteedobra.com.br\/blog\/2025\/01\/15\/corte-a-laser-em-aco-carbono-invista-em-qualidade-e-durabilidade-na-producao-de-pecas\/#breadcrumb\"},\"inLanguage\":\"pt-BR\",\"potentialAction\":[{\"@type\":\"ReadAction\",\"target\":[\"https:\/\/www.westcorteedobra.com.br\/blog\/2025\/01\/15\/corte-a-laser-em-aco-carbono-invista-em-qualidade-e-durabilidade-na-producao-de-pecas\/\"]}]},{\"@type\":\"ImageObject\",\"inLanguage\":\"pt-BR\",\"@id\":\"https:\/\/www.westcorteedobra.com.br\/blog\/2025\/01\/15\/corte-a-laser-em-aco-carbono-invista-em-qualidade-e-durabilidade-na-producao-de-pecas\/#primaryimage\",\"url\":\"https:\/\/www.westcorteedobra.com.br\/blog\/wp-content\/uploads\/2024\/12\/60300.jpg\",\"contentUrl\":\"https:\/\/www.westcorteedobra.com.br\/blog\/wp-content\/uploads\/2024\/12\/60300.jpg\",\"width\":1000,\"height\":667,\"caption\":\"Corte a laser em a\u00e7o carbono: invista em qualidade e durabilidade na produ\u00e7\u00e3o de pe\u00e7as\"},{\"@type\":\"BreadcrumbList\",\"@id\":\"https:\/\/www.westcorteedobra.com.br\/blog\/2025\/01\/15\/corte-a-laser-em-aco-carbono-invista-em-qualidade-e-durabilidade-na-producao-de-pecas\/#breadcrumb\",\"itemListElement\":[{\"@type\":\"ListItem\",\"position\":1,\"name\":\"Home\",\"item\":\"https:\/\/www.westcorteedobra.com.br\/blog\/\"},{\"@type\":\"ListItem\",\"position\":2,\"name\":\"Corte a laser em a\u00e7o carbono: invista em qualidade e durabilidade na produ\u00e7\u00e3o de pe\u00e7as\"}]},{\"@type\":\"WebSite\",\"@id\":\"https:\/\/www.westcorteedobra.com.br\/blog\/#website\",\"url\":\"https:\/\/www.westcorteedobra.com.br\/blog\/\",\"name\":\"Blog West Corte e Dobra\",\"description\":\"\",\"publisher\":{\"@id\":\"https:\/\/www.westcorteedobra.com.br\/blog\/#organization\"},\"potentialAction\":[{\"@type\":\"SearchAction\",\"target\":{\"@type\":\"EntryPoint\",\"urlTemplate\":\"https:\/\/www.westcorteedobra.com.br\/blog\/?s={search_term_string}\"},\"query-input\":{\"@type\":\"PropertyValueSpecification\",\"valueRequired\":true,\"valueName\":\"search_term_string\"}}],\"inLanguage\":\"pt-BR\"},{\"@type\":\"Organization\",\"@id\":\"https:\/\/www.westcorteedobra.com.br\/blog\/#organization\",\"name\":\"Blog West Corte e Dobra\",\"url\":\"https:\/\/www.westcorteedobra.com.br\/blog\/\",\"logo\":{\"@type\":\"ImageObject\",\"inLanguage\":\"pt-BR\",\"@id\":\"https:\/\/www.westcorteedobra.com.br\/blog\/#\/schema\/logo\/image\/\",\"url\":\"https:\/\/www.westcorteedobra.com.br\/blog\/wp-content\/uploads\/2024\/10\/logo-2.webp\",\"contentUrl\":\"https:\/\/www.westcorteedobra.com.br\/blog\/wp-content\/uploads\/2024\/10\/logo-2.webp\",\"width\":1200,\"height\":280,\"caption\":\"Blog West Corte e Dobra\"},\"image\":{\"@id\":\"https:\/\/www.westcorteedobra.com.br\/blog\/#\/schema\/logo\/image\/\"}},{\"@type\":\"Person\",\"@id\":\"https:\/\/www.westcorteedobra.com.br\/blog\/#\/schema\/person\/5c41559f9b03b4970e7a15a2bb78ca16\",\"name\":\"admin\",\"image\":{\"@type\":\"ImageObject\",\"inLanguage\":\"pt-BR\",\"@id\":\"https:\/\/www.westcorteedobra.com.br\/blog\/#\/schema\/person\/image\/\",\"url\":\"https:\/\/secure.gravatar.com\/avatar\/4f64c9f81bb0d4ee969aaf7b4a5a6f40?s=96&d=mm&r=g\",\"contentUrl\":\"https:\/\/secure.gravatar.com\/avatar\/4f64c9f81bb0d4ee969aaf7b4a5a6f40?s=96&d=mm&r=g\",\"caption\":\"admin\"},\"sameAs\":[\"https:\/\/www.westcorteedobra.com.br\/blog\"],\"url\":\"https:\/\/www.westcorteedobra.com.br\/blog\/author\/admin\/\"}]}<\/script>\n<!-- \/ Yoast SEO plugin. -->","yoast_head_json":{"title":"Corte a laser em a\u00e7o carbono: mais durabilidade | West Corte","description":"Descubra como o corte a laser em a\u00e7o carbono pode transformar a produ\u00e7\u00e3o de pe\u00e7as com precis\u00e3o, qualidade e durabilidade excepcionais.","robots":{"index":"index","follow":"follow","max-snippet":"max-snippet:-1","max-image-preview":"max-image-preview:large","max-video-preview":"max-video-preview:-1"},"canonical":"https:\/\/www.westcorteedobra.com.br\/blog\/2025\/01\/15\/corte-a-laser-em-aco-carbono-invista-em-qualidade-e-durabilidade-na-producao-de-pecas\/","og_locale":"pt_BR","og_type":"article","og_title":"Corte a laser em a\u00e7o carbono: mais durabilidade | West Corte","og_description":"Descubra como o corte a laser em a\u00e7o carbono pode transformar a produ\u00e7\u00e3o de pe\u00e7as com precis\u00e3o, qualidade e durabilidade excepcionais.","og_url":"https:\/\/www.westcorteedobra.com.br\/blog\/2025\/01\/15\/corte-a-laser-em-aco-carbono-invista-em-qualidade-e-durabilidade-na-producao-de-pecas\/","og_site_name":"Blog West Corte e Dobra","article_published_time":"2025-01-15T17:49:07+00:00","article_modified_time":"2025-06-18T14:26:45+00:00","og_image":[{"width":1000,"height":667,"url":"https:\/\/www.westcorteedobra.com.br\/blog\/wp-content\/uploads\/2024\/12\/60300.jpg","type":"image\/jpeg"}],"author":"admin","twitter_card":"summary_large_image","twitter_misc":{"Written by":"admin","Est. reading time":"5 minutos"},"schema":{"@context":"https:\/\/schema.org","@graph":[{"@type":"Article","@id":"https:\/\/www.westcorteedobra.com.br\/blog\/2025\/01\/15\/corte-a-laser-em-aco-carbono-invista-em-qualidade-e-durabilidade-na-producao-de-pecas\/#article","isPartOf":{"@id":"https:\/\/www.westcorteedobra.com.br\/blog\/2025\/01\/15\/corte-a-laser-em-aco-carbono-invista-em-qualidade-e-durabilidade-na-producao-de-pecas\/"},"author":{"name":"admin","@id":"https:\/\/www.westcorteedobra.com.br\/blog\/#\/schema\/person\/5c41559f9b03b4970e7a15a2bb78ca16"},"headline":"Corte a laser em a\u00e7o carbono: invista em qualidade e durabilidade na produ\u00e7\u00e3o de pe\u00e7as","datePublished":"2025-01-15T17:49:07+00:00","dateModified":"2025-06-18T14:26:45+00:00","mainEntityOfPage":{"@id":"https:\/\/www.westcorteedobra.com.br\/blog\/2025\/01\/15\/corte-a-laser-em-aco-carbono-invista-em-qualidade-e-durabilidade-na-producao-de-pecas\/"},"wordCount":847,"commentCount":0,"publisher":{"@id":"https:\/\/www.westcorteedobra.com.br\/blog\/#organization"},"image":{"@id":"https:\/\/www.westcorteedobra.com.br\/blog\/2025\/01\/15\/corte-a-laser-em-aco-carbono-invista-em-qualidade-e-durabilidade-na-producao-de-pecas\/#primaryimage"},"thumbnailUrl":"https:\/\/www.westcorteedobra.com.br\/blog\/wp-content\/uploads\/2024\/12\/60300.jpg","keywords":["acabamentos no a\u00e7o carbono","benef\u00edcios do corte a laser","bordas lisas com corte a laser","chapas de a\u00e7o carbono","corte a laser de alta precis\u00e3o","corte a laser em a\u00e7o carbono","corte a laser em a\u00e7o carbono em Alphaville","corte a laser em a\u00e7o carbono em Barueri","corte a laser em a\u00e7o carbono em Itapevi","corte a laser em a\u00e7o carbono em Osasco","corte a laser em a\u00e7o carbono em promo\u00e7\u00e3o","corte a laser em a\u00e7o carbono em s\u00e3o paulo","corte a laser em a\u00e7o carbono em sp","corte a laser em a\u00e7o carbono na Lapa","corte a laser em a\u00e7o carbono na zona oeste","corte a laser em a\u00e7o carbono perto de mim","corte a laser em a\u00e7o carbono pre\u00e7o","corte a laser em a\u00e7o carbono pr\u00f3ximo a mim","corte industrial em a\u00e7o carbono","corte para pe\u00e7as automotivas","distribuidor de corte a laser em a\u00e7o carbono","efici\u00eancia na produ\u00e7\u00e3o de pe\u00e7as","empresa de corte a laser em a\u00e7o carbono","equipamentos industriais em a\u00e7o carbono","f\u00e1brica de corte a laser em a\u00e7o carbono","fabrica\u00e7\u00e3o de pe\u00e7as em a\u00e7o carbono","fabricante de corte a laser em a\u00e7o carbono","fornecedor de corte a laser em a\u00e7o carbono","loja de corte a laser em a\u00e7o carbono","personaliza\u00e7\u00e3o no corte a laser","precis\u00e3o em corte de a\u00e7o carbono","qualidade no corte a laser","redu\u00e7\u00e3o de desperd\u00edcios com corte a laser","servi\u00e7os da West Corte e Dobra","sustentabilidade no corte a laser","tecnologia de corte a laser","West Corte e Dobra"],"articleSection":["Corte a laser"],"inLanguage":"pt-BR","potentialAction":[{"@type":"CommentAction","name":"Comment","target":["https:\/\/www.westcorteedobra.com.br\/blog\/2025\/01\/15\/corte-a-laser-em-aco-carbono-invista-em-qualidade-e-durabilidade-na-producao-de-pecas\/#respond"]}]},{"@type":"WebPage","@id":"https:\/\/www.westcorteedobra.com.br\/blog\/2025\/01\/15\/corte-a-laser-em-aco-carbono-invista-em-qualidade-e-durabilidade-na-producao-de-pecas\/","url":"https:\/\/www.westcorteedobra.com.br\/blog\/2025\/01\/15\/corte-a-laser-em-aco-carbono-invista-em-qualidade-e-durabilidade-na-producao-de-pecas\/","name":"Corte a laser em a\u00e7o carbono: mais durabilidade | West Corte","isPartOf":{"@id":"https:\/\/www.westcorteedobra.com.br\/blog\/#website"},"primaryImageOfPage":{"@id":"https:\/\/www.westcorteedobra.com.br\/blog\/2025\/01\/15\/corte-a-laser-em-aco-carbono-invista-em-qualidade-e-durabilidade-na-producao-de-pecas\/#primaryimage"},"image":{"@id":"https:\/\/www.westcorteedobra.com.br\/blog\/2025\/01\/15\/corte-a-laser-em-aco-carbono-invista-em-qualidade-e-durabilidade-na-producao-de-pecas\/#primaryimage"},"thumbnailUrl":"https:\/\/www.westcorteedobra.com.br\/blog\/wp-content\/uploads\/2024\/12\/60300.jpg","datePublished":"2025-01-15T17:49:07+00:00","dateModified":"2025-06-18T14:26:45+00:00","description":"Descubra como o corte a laser em a\u00e7o carbono pode transformar a produ\u00e7\u00e3o de pe\u00e7as com precis\u00e3o, qualidade e durabilidade excepcionais.","breadcrumb":{"@id":"https:\/\/www.westcorteedobra.com.br\/blog\/2025\/01\/15\/corte-a-laser-em-aco-carbono-invista-em-qualidade-e-durabilidade-na-producao-de-pecas\/#breadcrumb"},"inLanguage":"pt-BR","potentialAction":[{"@type":"ReadAction","target":["https:\/\/www.westcorteedobra.com.br\/blog\/2025\/01\/15\/corte-a-laser-em-aco-carbono-invista-em-qualidade-e-durabilidade-na-producao-de-pecas\/"]}]},{"@type":"ImageObject","inLanguage":"pt-BR","@id":"https:\/\/www.westcorteedobra.com.br\/blog\/2025\/01\/15\/corte-a-laser-em-aco-carbono-invista-em-qualidade-e-durabilidade-na-producao-de-pecas\/#primaryimage","url":"https:\/\/www.westcorteedobra.com.br\/blog\/wp-content\/uploads\/2024\/12\/60300.jpg","contentUrl":"https:\/\/www.westcorteedobra.com.br\/blog\/wp-content\/uploads\/2024\/12\/60300.jpg","width":1000,"height":667,"caption":"Corte a laser em a\u00e7o carbono: invista em qualidade e durabilidade na produ\u00e7\u00e3o de pe\u00e7as"},{"@type":"BreadcrumbList","@id":"https:\/\/www.westcorteedobra.com.br\/blog\/2025\/01\/15\/corte-a-laser-em-aco-carbono-invista-em-qualidade-e-durabilidade-na-producao-de-pecas\/#breadcrumb","itemListElement":[{"@type":"ListItem","position":1,"name":"Home","item":"https:\/\/www.westcorteedobra.com.br\/blog\/"},{"@type":"ListItem","position":2,"name":"Corte a laser em a\u00e7o carbono: invista em qualidade e durabilidade na produ\u00e7\u00e3o de pe\u00e7as"}]},{"@type":"WebSite","@id":"https:\/\/www.westcorteedobra.com.br\/blog\/#website","url":"https:\/\/www.westcorteedobra.com.br\/blog\/","name":"Blog West Corte e Dobra","description":"","publisher":{"@id":"https:\/\/www.westcorteedobra.com.br\/blog\/#organization"},"potentialAction":[{"@type":"SearchAction","target":{"@type":"EntryPoint","urlTemplate":"https:\/\/www.westcorteedobra.com.br\/blog\/?s={search_term_string}"},"query-input":{"@type":"PropertyValueSpecification","valueRequired":true,"valueName":"search_term_string"}}],"inLanguage":"pt-BR"},{"@type":"Organization","@id":"https:\/\/www.westcorteedobra.com.br\/blog\/#organization","name":"Blog West Corte e Dobra","url":"https:\/\/www.westcorteedobra.com.br\/blog\/","logo":{"@type":"ImageObject","inLanguage":"pt-BR","@id":"https:\/\/www.westcorteedobra.com.br\/blog\/#\/schema\/logo\/image\/","url":"https:\/\/www.westcorteedobra.com.br\/blog\/wp-content\/uploads\/2024\/10\/logo-2.webp","contentUrl":"https:\/\/www.westcorteedobra.com.br\/blog\/wp-content\/uploads\/2024\/10\/logo-2.webp","width":1200,"height":280,"caption":"Blog West Corte e Dobra"},"image":{"@id":"https:\/\/www.westcorteedobra.com.br\/blog\/#\/schema\/logo\/image\/"}},{"@type":"Person","@id":"https:\/\/www.westcorteedobra.com.br\/blog\/#\/schema\/person\/5c41559f9b03b4970e7a15a2bb78ca16","name":"admin","image":{"@type":"ImageObject","inLanguage":"pt-BR","@id":"https:\/\/www.westcorteedobra.com.br\/blog\/#\/schema\/person\/image\/","url":"https:\/\/secure.gravatar.com\/avatar\/4f64c9f81bb0d4ee969aaf7b4a5a6f40?s=96&d=mm&r=g","contentUrl":"https:\/\/secure.gravatar.com\/avatar\/4f64c9f81bb0d4ee969aaf7b4a5a6f40?s=96&d=mm&r=g","caption":"admin"},"sameAs":["https:\/\/www.westcorteedobra.com.br\/blog"],"url":"https:\/\/www.westcorteedobra.com.br\/blog\/author\/admin\/"}]}},"_links":{"self":[{"href":"https:\/\/www.westcorteedobra.com.br\/blog\/wp-json\/wp\/v2\/posts\/149"}],"collection":[{"href":"https:\/\/www.westcorteedobra.com.br\/blog\/wp-json\/wp\/v2\/posts"}],"about":[{"href":"https:\/\/www.westcorteedobra.com.br\/blog\/wp-json\/wp\/v2\/types\/post"}],"author":[{"embeddable":true,"href":"https:\/\/www.westcorteedobra.com.br\/blog\/wp-json\/wp\/v2\/users\/1"}],"replies":[{"embeddable":true,"href":"https:\/\/www.westcorteedobra.com.br\/blog\/wp-json\/wp\/v2\/comments?post=149"}],"version-history":[{"count":1,"href":"https:\/\/www.westcorteedobra.com.br\/blog\/wp-json\/wp\/v2\/posts\/149\/revisions"}],"predecessor-version":[{"id":150,"href":"https:\/\/www.westcorteedobra.com.br\/blog\/wp-json\/wp\/v2\/posts\/149\/revisions\/150"}],"wp:featuredmedia":[{"embeddable":true,"href":"https:\/\/www.westcorteedobra.com.br\/blog\/wp-json\/wp\/v2\/media\/123"}],"wp:attachment":[{"href":"https:\/\/www.westcorteedobra.com.br\/blog\/wp-json\/wp\/v2\/media?parent=149"}],"wp:term":[{"taxonomy":"category","embeddable":true,"href":"https:\/\/www.westcorteedobra.com.br\/blog\/wp-json\/wp\/v2\/categories?post=149"},{"taxonomy":"post_tag","embeddable":true,"href":"https:\/\/www.westcorteedobra.com.br\/blog\/wp-json\/wp\/v2\/tags?post=149"}],"curies":[{"name":"wp","href":"https:\/\/api.w.org\/{rel}","templated":true}]}}